{"id":101649,"date":"2022-11-30T09:26:30","date_gmt":"2022-11-30T12:26:30","guid":{"rendered":"https:\/\/tvtecjundiai.com.br\/news\/?p=101649"},"modified":"2022-11-30T09:26:36","modified_gmt":"2022-11-30T12:26:36","slug":"circuito-natal-luz-exposicoes-tomam-forma-no-solar-do-barao-e-pinacoteca","status":"publish","type":"post","link":"https:\/\/tvtecjundiai.com.br\/news\/2022\/11\/30\/circuito-natal-luz-exposicoes-tomam-forma-no-solar-do-barao-e-pinacoteca\/","title":{"rendered":"Circuito Natal Luz: Exposi\u00e7\u00f5es tomam forma no Solar do Bar\u00e3o e Pinacoteca"},"content":{"rendered":"\n<p>Como parte da programa\u00e7\u00e3o gratuita do&nbsp;<a href=\"https:\/\/jundiai.sp.gov.br\/circuitonatalluz\/\" target=\"_blank\" rel=\"noreferrer noopener\">Circuito Natal Luz 2022<\/a>, a Unidade de Gest\u00e3o de Cultura (UGC) avan\u00e7a nas montagens das exposi\u00e7\u00f5es que ir\u00e3o encantar os visitantes no Museu Hist\u00f3rico e Cultural \u2013 Solar do Bar\u00e3o e na Pinacoteca Municipal Di\u00f3genes Duarte Paes, que abrem para o p\u00fablico para visita\u00e7\u00e3o gratuita nesta quinta-feira (01).<\/p>\n\n\n\n<p>O Museu recebe a tradicional exposi\u00e7\u00e3o de pres\u00e9pios, que este ano dever\u00e1 contar at\u00e9 500 representa\u00e7\u00f5es do nascimento do menino Jesus, nos mais diversos tamanhos, materiais e interpreta\u00e7\u00f5es, como o famoso pres\u00e9pio rodante caipira, o pres\u00e9pio africano e mini pres\u00e9pios gentilmente emprestados por colecionadores, para citar alguns exemplos.<\/p>\n\n\n\n<p>Al\u00e9m do andar t\u00e9rreo, a exposi\u00e7\u00e3o este ano ir\u00e1 se estender para as novas salas expositivas do andar inferior, ao redor dos jardins. Outra novidade ser\u00e1 tamb\u00e9m que os jardins voltar\u00e3o a receber a encena\u00e7\u00e3o de Pres\u00e9pio Vivo, no per\u00edodo noturno durante a semana, \u00e0 tarde aos s\u00e1bados e pela manh\u00e3 aos domingos.<\/p>\n\n\n\n<figure class=\"wp-block-image size-large\"><img loading=\"lazy\" decoding=\"async\" width=\"1200\" height=\"800\" src=\"https:\/\/tvtecjundiai.com.br\/news\/wp-content\/uploads\/sites\/2\/2022\/11\/abertura-do-natal-no-centro_c_-232-1200x800.jpg\" alt=\"\" class=\"wp-image-101650\" srcset=\"https:\/\/tvtecjundiai.com.br\/news\/wp-content\/uploads\/sites\/2\/2022\/11\/abertura-do-natal-no-centro_c_-232-1200x800.jpg 1200w, https:\/\/tvtecjundiai.com.br\/news\/wp-content\/uploads\/sites\/2\/2022\/11\/abertura-do-natal-no-centro_c_-232-300x200.jpg 300w, https:\/\/tvtecjundiai.com.br\/news\/wp-content\/uploads\/sites\/2\/2022\/11\/abertura-do-natal-no-centro_c_-232-768x512.jpg 768w, https:\/\/tvtecjundiai.com.br\/news\/wp-content\/uploads\/sites\/2\/2022\/11\/abertura-do-natal-no-centro_c_-232.jpg 1280w\" sizes=\"auto, (max-width: 1200px) 100vw, 1200px\" \/><figcaption class=\"wp-element-caption\">Tradicional exposi\u00e7\u00e3o de pres\u00e9pios estar\u00e1 de volta ao Solar, entre os dias 01 de dezembro e 06 de janeiro<br><\/figcaption><\/figure>\n\n\n\n<p>Ainda nos jardins, duas atra\u00e7\u00f5es que fizeram sucesso no ano passado estar\u00e3o de volta: uma delas \u00e9 a montagem de um t\u00fanel luz para a intera\u00e7\u00e3o dos visitantes e publica\u00e7\u00e3o das fotos em redes sociais. E a outra ser\u00e1 a reabertura, no per\u00edodo noturno, do port\u00e3o dos jardins que d\u00e3o acesso \u00e0 rua Rangel Pestana.<\/p>\n\n\n\n<p>A exposi\u00e7\u00e3o de pres\u00e9pios segue at\u00e9 o dia 06 de janeiro. At\u00e9 o dia 23 de dezembro, o Museu fica aberto de segunda a sexta-feira, das 10h \u00e0s 21h, e aos s\u00e1bados e domingos, das 10h \u00e0s 17h. J\u00e1 entre os dias 26 de dezembro e 06 de janeiro, o espa\u00e7o fica aberto de segunda-feira adomingo, das 10h \u00e0s 17h.<\/p>\n\n\n\n<p>J\u00e1 na Pinacoteca neste per\u00edodo ficar\u00e1 em cartaz a exposi\u00e7\u00e3o \u201cPapais No\u00e9is\u201d, com as mais diversas interpreta\u00e7\u00f5es, em distintos materiais, do famoso bom velhinho. O acervo e curadoria s\u00e3o do artista Alex Roch e ir\u00e1 ocupar uma das salas do andar t\u00e9rreo.<\/p>\n\n\n\n<p>Nesse per\u00edodo a Pinacoteca poder\u00e1 ser visitada de segunda-feira a s\u00e1bado, das 10h \u00e0s 22h30, e aos domingos, das 10h \u00e0s 17h. Al\u00e9m da exposi\u00e7\u00e3o, o visitante poder\u00e1 conferir nas sacadas do pr\u00e9dio apresenta\u00e7\u00f5es de duos e trios musicais durante o per\u00edodo noturno.<\/p>\n\n\n\n<figure class=\"wp-block-image size-large\"><img loading=\"lazy\" decoding=\"async\" width=\"1200\" height=\"800\" src=\"https:\/\/tvtecjundiai.com.br\/news\/wp-content\/uploads\/sites\/2\/2022\/11\/exposicao_papai_noel_pinacoteca-31-1200x800.jpg\" alt=\"\" class=\"wp-image-101651\" srcset=\"https:\/\/tvtecjundiai.com.br\/news\/wp-content\/uploads\/sites\/2\/2022\/11\/exposicao_papai_noel_pinacoteca-31-1200x800.jpg 1200w, https:\/\/tvtecjundiai.com.br\/news\/wp-content\/uploads\/sites\/2\/2022\/11\/exposicao_papai_noel_pinacoteca-31-300x200.jpg 300w, https:\/\/tvtecjundiai.com.br\/news\/wp-content\/uploads\/sites\/2\/2022\/11\/exposicao_papai_noel_pinacoteca-31-768x512.jpg 768w, https:\/\/tvtecjundiai.com.br\/news\/wp-content\/uploads\/sites\/2\/2022\/11\/exposicao_papai_noel_pinacoteca-31.jpg 1280w\" sizes=\"auto, (max-width: 1200px) 100vw, 1200px\" \/><figcaption class=\"wp-element-caption\">Dezenas de vers\u00f5es do bom velhinho ir\u00e3o encantar os visitantes da Pinacoteca<br><\/figcaption><\/figure>\n\n\n\n<p><strong>Circuito<\/strong><br>O&nbsp;<a href=\"https:\/\/jundiai.sp.gov.br\/circuitonatalluz\/\" target=\"_blank\" rel=\"noreferrer noopener\">Circuito Natal Luz 2022<\/a>&nbsp;\u00e9 uma realiza\u00e7\u00e3o da Prefeitura, Associa\u00e7\u00e3o Comercial e Empresarial (ACE), C\u00e2mara de Dirigentes Lojistas (CDL), Sindicato do Com\u00e9rcio Varejista (Sincomercio) e Catedral Nossa Senhora do Desterro.<\/p>\n\n\n\n<p>A abertura oficial da programa\u00e7\u00e3o ser\u00e1 nesta quinta-feira (01), a partir das 19h, quando, al\u00e9m das aberturas das exposi\u00e7\u00f5es, ser\u00e3o realizadas as apresenta\u00e7\u00f5es de Corais nas janelas do Solar do Bar\u00e3o, shows musicais nas sacadas da Pinacoteca e na Pra\u00e7a Marechal Floriano Peixoto (Pra\u00e7a do Coreto), interven\u00e7\u00f5es art\u00edsticas itinerantes no cal\u00e7ad\u00e3o da rua Bar\u00e3o de Jundia\u00ed e shows de proje\u00e7\u00e3o luminosa na fachada externa da Catedral Nossa Senhora do Desterro.<\/p>\n\n\n\n<p>A programa\u00e7\u00e3o gratuita em diversos pontos do Centro e em bairros da cidade segue at\u00e9 o dia 23 e\u00a0<a rel=\"noreferrer noopener\" href=\"https:\/\/jundiai.sp.gov.br\/circuitonatalluz\/\" target=\"_blank\">pode ser conferida com detalhes no site da programa\u00e7\u00e3o<\/a>.<\/p>\n\n\n\n<figure class=\"wp-block-image size-large\"><img loading=\"lazy\" decoding=\"async\" width=\"1200\" height=\"800\" src=\"https:\/\/tvtecjundiai.com.br\/news\/wp-content\/uploads\/sites\/2\/2022\/11\/abertura-do-natal-no-centro_c_-214-1200x800.jpg\" alt=\"\" class=\"wp-image-101653\" srcset=\"https:\/\/tvtecjundiai.com.br\/news\/wp-content\/uploads\/sites\/2\/2022\/11\/abertura-do-natal-no-centro_c_-214-1200x800.jpg 1200w, https:\/\/tvtecjundiai.com.br\/news\/wp-content\/uploads\/sites\/2\/2022\/11\/abertura-do-natal-no-centro_c_-214-300x200.jpg 300w, https:\/\/tvtecjundiai.com.br\/news\/wp-content\/uploads\/sites\/2\/2022\/11\/abertura-do-natal-no-centro_c_-214-768x512.jpg 768w, https:\/\/tvtecjundiai.com.br\/news\/wp-content\/uploads\/sites\/2\/2022\/11\/abertura-do-natal-no-centro_c_-214.jpg 1280w\" sizes=\"auto, (max-width: 1200px) 100vw, 1200px\" \/><figcaption class=\"wp-element-caption\">Jardins do Solar contar\u00e3o novamente com seu t\u00fanel de luz<br><\/figcaption><\/figure>\n\n\n\n<p><strong><em>( Fonte\/ Imagens: Prefeitura de Jundia\u00ed)<\/em><\/strong><\/p>\n","protected":false},"excerpt":{"rendered":"<p>O Museu fica aberto de segunda a sexta-feira, das 10h \u00e0s 21h, e aos s\u00e1bados e domingos, das 10h \u00e0s 17h. <\/p>\n","protected":false},"author":27,"featured_media":101653,"comment_status":"closed","ping_status":"0","sticky":false,"template":"","format":"standard","meta":{"footnotes":""},"categories":[3076,8356,1],"tags":[],"class_list":["post-101649","post","type-post","status-publish","format-standard","has-post-thumbnail","hentry","category-entretenimento","category-jundiai","category-noticias"],"_links":{"self":[{"href":"https:\/\/tvtecjundiai.com.br\/news\/wp-json\/wp\/v2\/posts\/101649","targetHints":{"allow":["GET"]}}],"collection":[{"href":"https:\/\/tvtecjundiai.com.br\/news\/wp-json\/wp\/v2\/posts"}],"about":[{"href":"https:\/\/tvtecjundiai.com.br\/news\/wp-json\/wp\/v2\/types\/post"}],"author":[{"embeddable":true,"href":"https:\/\/tvtecjundiai.com.br\/news\/wp-json\/wp\/v2\/users\/27"}],"replies":[{"embeddable":true,"href":"https:\/\/tvtecjundiai.com.br\/news\/wp-json\/wp\/v2\/comments?post=101649"}],"version-history":[{"count":1,"href":"https:\/\/tvtecjundiai.com.br\/news\/wp-json\/wp\/v2\/posts\/101649\/revisions"}],"predecessor-version":[{"id":101654,"href":"https:\/\/tvtecjundiai.com.br\/news\/wp-json\/wp\/v2\/posts\/101649\/revisions\/101654"}],"wp:featuredmedia":[{"embeddable":true,"href":"https:\/\/tvtecjundiai.com.br\/news\/wp-json\/wp\/v2\/media\/101653"}],"wp:attachment":[{"href":"https:\/\/tvtecjundiai.com.br\/news\/wp-json\/wp\/v2\/media?parent=101649"}],"wp:term":[{"taxonomy":"category","embeddable":true,"href":"https:\/\/tvtecjundiai.com.br\/news\/wp-json\/wp\/v2\/categories?post=101649"},{"taxonomy":"post_tag","embeddable":true,"href":"https:\/\/tvtecjundiai.com.br\/news\/wp-json\/wp\/v2\/tags?post=101649"}],"curies":[{"name":"wp","href":"https:\/\/api.w.org\/{rel}","templated":true}]}}