{"id":10165,"date":"2018-05-11T08:36:02","date_gmt":"2018-05-11T11:36:02","guid":{"rendered":"https:\/\/tvtecjundiai.com.br\/news\/?p=10165"},"modified":"2018-05-12T19:13:58","modified_gmt":"2018-05-12T22:13:58","slug":"debea-faz-mutirao-para-castracao-de-caes","status":"publish","type":"post","link":"https:\/\/tvtecjundiai.com.br\/news\/2018\/05\/11\/debea-faz-mutirao-para-castracao-de-caes\/","title":{"rendered":"Debea faz mutir\u00e3o para castra\u00e7\u00e3o de c\u00e3es em pedidos feitos pelo 156"},"content":{"rendered":"<div id=\"attachment_10166\" style=\"width: 460px\" class=\"wp-caption alignleft\"><a href=\"https:\/\/tvtecjundiai.com.br\/news\/wp-content\/uploads\/sites\/2\/2018\/05\/castracao-de-caes-no-debea_c_-7-1.jpg\"><img loading=\"lazy\" decoding=\"async\" aria-describedby=\"caption-attachment-10166\" class=\"wp-image-10166\" src=\"https:\/\/tvtecjundiai.com.br\/news\/wp-content\/uploads\/sites\/2\/2018\/05\/castracao-de-caes-no-debea_c_-7-1-300x200.jpg\" alt=\"\" width=\"450\" height=\"300\" srcset=\"https:\/\/tvtecjundiai.com.br\/news\/wp-content\/uploads\/sites\/2\/2018\/05\/castracao-de-caes-no-debea_c_-7-1-300x200.jpg 300w, https:\/\/tvtecjundiai.com.br\/news\/wp-content\/uploads\/sites\/2\/2018\/05\/castracao-de-caes-no-debea_c_-7-1-768x512.jpg 768w, https:\/\/tvtecjundiai.com.br\/news\/wp-content\/uploads\/sites\/2\/2018\/05\/castracao-de-caes-no-debea_c_-7-1-1200x800.jpg 1200w, https:\/\/tvtecjundiai.com.br\/news\/wp-content\/uploads\/sites\/2\/2018\/05\/castracao-de-caes-no-debea_c_-7-1.jpg 1280w\" sizes=\"auto, (max-width: 450px) 100vw, 450px\" \/><\/a><p id=\"caption-attachment-10166\" class=\"wp-caption-text\">As solicita\u00e7\u00f5es de castra\u00e7\u00e3o s\u00e3o feitas pelo canal 156<\/p><\/div>\n<p>O Departamento de Bem Estar Animal (Debea) realizou, nesta quinta-feira (10), mais um mutir\u00e3o para castra\u00e7\u00e3o de animais de estima\u00e7\u00e3o. Desta vez, foram os c\u00e3es atendidos foram os que tinham registro de solicita\u00e7\u00e3o do servi\u00e7o pelo 156. Apesar de o chamamento ter sido feito para 97 c\u00e3es. apenas 70 compareceram. Os propriet\u00e1rios que deixaram de levar o animal, al\u00e9m de n\u00e3o ter a solicita\u00e7\u00e3o atendida, comprometeram a oferta do servi\u00e7o para os demais usu\u00e1rios que tamb\u00e9m aguardam pelo atendimento.<\/p>\n<p>Tansk, de apenas um ano e meio, foi levado pelos \u2018bisav\u00f3s\u2019 Ezio Ferrari e Sueli Ferrari, ambos de 83 anos. \u201cEle \u00e9 o nosso bisnetinho. \u00c9 o cachorro de estima\u00e7\u00e3o do nosso neto, que tem apenas 10 anos. Ele estuda e a m\u00e3e dele trabalha, por isso, para n\u00e3o perder a vaga viemos traz\u00ea-lo. \u00c9 muito importante fazer a castra\u00e7\u00e3o para a sa\u00fade do animal\u201d, contou o aposentado, enquanto segurava o c\u00e3ozinho, que aguardava para fazer o procedimento.<\/p>\n<p>Ao contr\u00e1rio da fam\u00edlia Ferrari, alguns perderam o atendimento. \u201cTivemos 27 faltas. Isso atrapalha o planejamento, j\u00e1 que quem n\u00e3o veio deixou de ser atendido e tamb\u00e9m comprometeu a vaga de outra pessoa, que poderia ter comparecido. A falta resulta na sa\u00edda da fila para o servi\u00e7o. Agora, caso haja interesse, a pessoa que faltou dever\u00e1 fazer nova solicita\u00e7\u00e3o pelo 156\u201d, comenta a diretora do Debea, Alessandra Benedetti.<\/p>\n<p><strong>A\u00e7\u00e3o<\/strong><\/p>\n<p>Esse \u00e9 o quinto mutir\u00e3o de castra\u00e7\u00e3o realizado neste ano no local. A partir de junho os servi\u00e7os ser\u00e3o direcionados para os bairros, com a oferta de mais de 400 castra\u00e7\u00f5es por evento.<\/p>\n<p>O Debea realizou 1,6 mil castra\u00e7\u00f5es no ano de 2017 e tem como meta ampliar em, no m\u00ednimo, 33% o n\u00famero para o ano de 2018.<\/p>\n<p>Tendo em vista que nos \u00faltimos anos de 2015 e 2016 foram realizadas apenas 1,5 mil castra\u00e7\u00f5es por ano, o volume representa aumento de 10% em rela\u00e7\u00e3o ao que era praticado em anos anteriores. Com o atendimento do mutir\u00e3o realizado juntamente com a equipe do Debea, a meta \u00e9 alcan\u00e7ar as 5 mil castra\u00e7\u00f5es neste ano, n\u00famero acordado em reuni\u00e3o com as protetoras de animais, no in\u00edcio do ano.<\/p>\n<p><em>Fonte: Prefeitura de Jundia\u00ed<\/em><\/p>\n","protected":false},"excerpt":{"rendered":"<p>Ocorreram 27 faltas, o que fez com que outros c\u00e3es n\u00e3o fossem atendidos<\/p>\n","protected":false},"author":11,"featured_media":10166,"comment_status":"closed","ping_status":"closed","sticky":false,"template":"","format":"standard","meta":{"footnotes":""},"categories":[2834,29,1],"tags":[1464,3155,2432,2112,985,2433,556,6],"class_list":["post-10165","post","type-post","status-publish","format-standard","has-post-thumbnail","hentry","category-cidades","category-destaque","category-noticias","tag-atendimento","tag-caes-e-gatos","tag-castracao","tag-cidades","tag-debea","tag-mutirao","tag-noticias","tag-saude"],"_links":{"self":[{"href":"https:\/\/tvtecjundiai.com.br\/news\/wp-json\/wp\/v2\/posts\/10165","targetHints":{"allow":["GET"]}}],"collection":[{"href":"https:\/\/tvtecjundiai.com.br\/news\/wp-json\/wp\/v2\/posts"}],"about":[{"href":"https:\/\/tvtecjundiai.com.br\/news\/wp-json\/wp\/v2\/types\/post"}],"author":[{"embeddable":true,"href":"https:\/\/tvtecjundiai.com.br\/news\/wp-json\/wp\/v2\/users\/11"}],"replies":[{"embeddable":true,"href":"https:\/\/tvtecjundiai.com.br\/news\/wp-json\/wp\/v2\/comments?post=10165"}],"version-history":[{"count":8,"href":"https:\/\/tvtecjundiai.com.br\/news\/wp-json\/wp\/v2\/posts\/10165\/revisions"}],"predecessor-version":[{"id":10243,"href":"https:\/\/tvtecjundiai.com.br\/news\/wp-json\/wp\/v2\/posts\/10165\/revisions\/10243"}],"wp:featuredmedia":[{"embeddable":true,"href":"https:\/\/tvtecjundiai.com.br\/news\/wp-json\/wp\/v2\/media\/10166"}],"wp:attachment":[{"href":"https:\/\/tvtecjundiai.com.br\/news\/wp-json\/wp\/v2\/media?parent=10165"}],"wp:term":[{"taxonomy":"category","embeddable":true,"href":"https:\/\/tvtecjundiai.com.br\/news\/wp-json\/wp\/v2\/categories?post=10165"},{"taxonomy":"post_tag","embeddable":true,"href":"https:\/\/tvtecjundiai.com.br\/news\/wp-json\/wp\/v2\/tags?post=10165"}],"curies":[{"name":"wp","href":"https:\/\/api.w.org\/{rel}","templated":true}]}}