{"id":101665,"date":"2022-12-21T09:00:00","date_gmt":"2022-12-21T12:00:00","guid":{"rendered":"https:\/\/tvtecjundiai.com.br\/news\/?p=101665"},"modified":"2022-12-21T10:48:45","modified_gmt":"2022-12-21T13:48:45","slug":"retrospectiva-descubra-jundiai-reality-lugares-que-a-equipe-tvtec-descobriu-em-2022","status":"publish","type":"post","link":"https:\/\/tvtecjundiai.com.br\/news\/2022\/12\/21\/retrospectiva-descubra-jundiai-reality-lugares-que-a-equipe-tvtec-descobriu-em-2022\/","title":{"rendered":"Retrospectiva Descubra Jundia\u00ed Reality: lugares que a equipe TVTEC descobriu em 2022"},"content":{"rendered":"\n<p>O Descubra Jundia\u00ed, apresentado por M\u00e1rcio Miguel, \u00e9 um quadro bastante conhecido e querido da TVTEC. O programa, que vai ao ar toda ter\u00e7a-feira, \u00e0s 19h, mostra uma infinidade de lugares na cidade para que toda a fam\u00edlia possa visitar e curtir.<\/p>\n\n\n\n<p>Com o objetivo de fugir da rotina, o Descubra Jundia\u00ed mudou um pouco em 2022: al\u00e9m dos passeios de M\u00e1rcio Miguel, o programa se tornou um reality e outras pessoas da equipe TVTEC participaram da experi\u00eancia de levar o p\u00fablico para descobrir um lugar da nossa terrinha.<\/p>\n\n\n\n<p><strong>Quer saber os lugares que o Descubra Jundia\u00ed Reality descobriu esse ano? Confere a\u00ed!<\/strong><\/p>\n\n\n\n<p><strong>Mundo das Crian\u00e7as<\/strong><\/p>\n\n\n\n<p>A rep\u00f3rter Tayana Konrath, que tamb\u00e9m apresenta o PodTrampo e o quadro Turistando, escolheu o Mundo das Crian\u00e7as para descobrir. O Mundo \u00e9 um parque p\u00fablico gratuito destinado \u00e0 preserva\u00e7\u00e3o ambiental, ao aprendizado e \u00e0 divers\u00e3o e focado nas crian\u00e7as.<\/p>\n\n\n<div class=\"wp-block-image\">\n<figure class=\"aligncenter size-full is-resized\"><img loading=\"lazy\" decoding=\"async\" src=\"https:\/\/tvtecjundiai.com.br\/news\/wp-content\/uploads\/sites\/2\/2022\/12\/recanto-marquezin-jundiai.jpg\" alt=\"\" class=\"wp-image-102298\" width=\"607\" height=\"455\" srcset=\"https:\/\/tvtecjundiai.com.br\/news\/wp-content\/uploads\/sites\/2\/2022\/12\/recanto-marquezin-jundiai.jpg 680w, https:\/\/tvtecjundiai.com.br\/news\/wp-content\/uploads\/sites\/2\/2022\/12\/recanto-marquezin-jundiai-300x225.jpg 300w\" sizes=\"auto, (max-width: 607px) 100vw, 607px\" \/><figcaption class=\"wp-element-caption\">Recanto Marquezin (Foto: Tatiany Brito)<\/figcaption><\/figure>\n<\/div>\n\n\n<p><strong>Recanto Marquezin<\/strong><\/p>\n\n\n\n<p>O rep\u00f3rter Rafael Santos, que tamb\u00e9m apresenta o Boletim TVTEC e o quadro \u00c9 de Jundia\u00ed, escolheu o restaurante Recanto Marquezin, localizado no bairro da Toca, para descobrir. O card\u00e1pio tem influ\u00eancias italiana e regional.<\/p>\n\n\n\n<p><strong>Aeroclube de Jundia\u00ed<\/strong><\/p>\n\n\n\n<p>A rep\u00f3rter Luciana Coutinho, que tamb\u00e9m apresenta o quadro Eu sou Meu Bairro, escolheu o Aeroclube de Jundia\u00ed para descobrir. Fundado em 1941 e situado no no Aeroporto Estadual Comandante Rolim Adolfo Amaro (SBJD), Luciana deu uma volta de avi\u00e3o e mostrou no Descubra como foi.<\/p>\n\n\n\n<p><strong>Restaurante Spiandorello<\/strong><\/p>\n\n\n\n<p>A rep\u00f3rter Ana Paula Klinke escolheu o Restaurante Spiandorello para descobrir. De culin\u00e1ria tipicamente italiana, est\u00e1 localizado no Caxambu e possui amplo espa\u00e7o ao ar livre, bosque e lago.<\/p>\n\n\n\n<p><strong>Jardim Bot\u00e2nico<\/strong><\/p>\n\n\n\n<p>A analista de m\u00eddias sociais da TVTEC, Larissa Gouvea, participou do reality e escolheu o Jardim Bot\u00e2nico para descobrir. O local, bastante conhecido em Jundia\u00ed, tem jardins tem\u00e1ticos, trilhas, lagos e cachoeiras.<\/p>\n\n\n\n<p><strong>Livraria Cheiro de Livro<\/strong><\/p>\n\n\n\n<p>O editor de v\u00eddeo da TVTEC, Jansen Bispo, participou do reality e escolheu a livraria Cheiro de Livro para descobrir. Ela fica localizada na rua Bar\u00e3o de Teff\u00e9.<\/p>\n\n\n\n<p><strong>Bar Chafariz<\/strong><\/p>\n\n\n\n<p>O auxiliar t\u00e9cnico da TVTEC, S\u00e9rgio Avallone, escolheu o tradicional Bar Chafariz para descobrir. O bar, que fica na rua Prudente de Moraes, possui clima descontra\u00eddo, decora\u00e7\u00e3o retr\u00f4, drinks e por\u00e7\u00f5es.<\/p>\n\n\n\n<p><strong>Sebo Jundia\u00ed<\/strong><\/p>\n\n\n\n<p>A editora de v\u00eddeo da TVTEC, Maria Claudia Gouv\u00eaa, escolheu o Sebo Jundia\u00ed para descobrir. A loja, que fica na rua Dr. Torres Neves, tem um grande acervo com livros novos e usados. <\/p>\n\n\n\n<p><\/p>\n\n\n\n<figure class=\"wp-block-embed is-type-video is-provider-youtube wp-block-embed-youtube wp-embed-aspect-16-9 wp-has-aspect-ratio\"><div class=\"wp-block-embed__wrapper\">\n<iframe loading=\"lazy\" title=\"Descubra Jundia\u00ed Reality: Mundo das Crian\u00e7as com Tayana Konrath\" width=\"500\" height=\"281\" src=\"https:\/\/www.youtube.com\/embed\/FGhnxpk6vMU?list=PL55Jvjz-3jrgNmn0z2kW3Og6dLTliHk13\" frameborder=\"0\" allow=\"accelerometer; autoplay; clipboard-write; encrypted-media; gyroscope; picture-in-picture; web-share\" referrerpolicy=\"strict-origin-when-cross-origin\" allowfullscreen><\/iframe>\n<\/div><\/figure>\n\n\n\n<p><\/p>\n\n\n\n<p><strong><em>(Fonte e V\u00eddeo: TVTEC Jundia\u00ed\/Imagem: Tatiany Brito)<\/em><\/strong><\/p>\n","protected":false},"excerpt":{"rendered":"<p>Al\u00e9m de M\u00e1rcio Miguel, outros membros da TVTEC participaram dos passeios pela cidade<\/p>\n","protected":false},"author":30,"featured_media":102298,"comment_status":"closed","ping_status":"0","sticky":false,"template":"","format":"standard","meta":{"footnotes":""},"categories":[8356,8354,1],"tags":[],"class_list":["post-101665","post","type-post","status-publish","format-standard","has-post-thumbnail","hentry","category-jundiai","category-lazer","category-noticias"],"_links":{"self":[{"href":"https:\/\/tvtecjundiai.com.br\/news\/wp-json\/wp\/v2\/posts\/101665","targetHints":{"allow":["GET"]}}],"collection":[{"href":"https:\/\/tvtecjundiai.com.br\/news\/wp-json\/wp\/v2\/posts"}],"about":[{"href":"https:\/\/tvtecjundiai.com.br\/news\/wp-json\/wp\/v2\/types\/post"}],"author":[{"embeddable":true,"href":"https:\/\/tvtecjundiai.com.br\/news\/wp-json\/wp\/v2\/users\/30"}],"replies":[{"embeddable":true,"href":"https:\/\/tvtecjundiai.com.br\/news\/wp-json\/wp\/v2\/comments?post=101665"}],"version-history":[{"count":4,"href":"https:\/\/tvtecjundiai.com.br\/news\/wp-json\/wp\/v2\/posts\/101665\/revisions"}],"predecessor-version":[{"id":102303,"href":"https:\/\/tvtecjundiai.com.br\/news\/wp-json\/wp\/v2\/posts\/101665\/revisions\/102303"}],"wp:featuredmedia":[{"embeddable":true,"href":"https:\/\/tvtecjundiai.com.br\/news\/wp-json\/wp\/v2\/media\/102298"}],"wp:attachment":[{"href":"https:\/\/tvtecjundiai.com.br\/news\/wp-json\/wp\/v2\/media?parent=101665"}],"wp:term":[{"taxonomy":"category","embeddable":true,"href":"https:\/\/tvtecjundiai.com.br\/news\/wp-json\/wp\/v2\/categories?post=101665"},{"taxonomy":"post_tag","embeddable":true,"href":"https:\/\/tvtecjundiai.com.br\/news\/wp-json\/wp\/v2\/tags?post=101665"}],"curies":[{"name":"wp","href":"https:\/\/api.w.org\/{rel}","templated":true}]}}