{"id":101711,"date":"2022-11-30T16:13:25","date_gmt":"2022-11-30T19:13:25","guid":{"rendered":"https:\/\/tvtecjundiai.com.br\/news\/?p=101711"},"modified":"2022-11-30T16:13:32","modified_gmt":"2022-11-30T19:13:32","slug":"cras-do-santa-gertrudes-passa-por-reforma-completa-e-ampliacao","status":"publish","type":"post","link":"https:\/\/tvtecjundiai.com.br\/news\/2022\/11\/30\/cras-do-santa-gertrudes-passa-por-reforma-completa-e-ampliacao\/","title":{"rendered":"Cras do Santa Gertrudes passa por reforma completa e amplia\u00e7\u00e3o"},"content":{"rendered":"\n<p>Com foco na otimiza\u00e7\u00e3o do atendimento ao p\u00fablico e amplia\u00e7\u00e3o da oferta de servi\u00e7os, a Prefeitura realiza obras de revitaliza\u00e7\u00e3o completa do Centro de Refer\u00eancia de Assist\u00eancia Social (Cras) Sul (antigo Cras Santa Gertrudes), que contemplam, al\u00e9m de reforma geral, a amplia\u00e7\u00e3o em mais de 30% de \u00e1rea constru\u00edda, passando a contar com quase 250 metros quadrados.<\/p>\n\n\n\n<p>A parte de reformas contempla demoli\u00e7\u00f5es; substitui\u00e7\u00e3o de revestimentos, portas, janelas, pe\u00e7as sanit\u00e1rias, bancadas e cobertura; novas instala\u00e7\u00f5es el\u00e9tricas e hidr\u00e1ulicas, de sistema de prote\u00e7\u00e3o contra descargas, al\u00e9m de brises na fachada; e revis\u00e3o e limpeza de calhas, rufos e condutores.<\/p>\n\n\n\n<p>A amplia\u00e7\u00e3o do Cras envolve novas salas para atendimentos, dep\u00f3sito e atividades multidisciplinares e de espera; quatro novos sanit\u00e1rios; lavabo e garagem. Na parte externa, ser\u00e1 constru\u00eddo um espa\u00e7o de conviv\u00eancia e biciclet\u00e1rio, al\u00e9m de sistema para capta\u00e7\u00e3o de \u00e1gua pluvial, paisagismo e novo gradil externo.<\/p>\n\n\n\n<figure class=\"wp-block-image\"><img decoding=\"async\" src=\"https:\/\/jundiai.sp.gov.br\/noticias\/wp-content\/uploads\/sites\/32\/2022\/11\/obras-reforma-do-cras-santa-gertrudes_fm_-15.jpg\" alt=\"\" class=\"wp-image-306503\" \/><figcaption class=\"wp-element-caption\">Espa\u00e7o passa por reforma completa e amplia\u00e7\u00e3o de pr\u00e9dio<\/figcaption><\/figure>\n\n\n\n<p>Outro destaque da revitaliza\u00e7\u00e3o \u00e9 a adequa\u00e7\u00e3o do espa\u00e7o para acessibilidade de pessoas com defici\u00eancia. O novo pr\u00e9dio ter\u00e1 acessibilidade com piso t\u00e1til direcional e de alerta, al\u00e9m de sanit\u00e1rios pr\u00f3prios.<\/p>\n\n\n\n<p>\u201cA revitaliza\u00e7\u00e3o geral e amplia\u00e7\u00e3o do Cras Sul integra a qualifica\u00e7\u00e3o dos equipamentos e servi\u00e7os vinculados \u00e0 Assist\u00eancia Social, pois entendemos que a popula\u00e7\u00e3o merece melhores espa\u00e7os\u201d, comentou a gestora da Unidade de Gest\u00e3o de Assist\u00eancia e Desenvolvimento Social (UGADS), Maria Brant.<\/p>\n\n\n\n<p>Durante as obras, as orienta\u00e7\u00f5es e encaminhamentos ao p\u00fablico s\u00e3o feitas pelo telefone (11) 94087-4528, com agendamento de atendimentos presenciais na sede de uma das Organiza\u00e7\u00f5es da Sociedade Civil (OSC) parceiras no bairro, quando identificada necessidade.<\/p>\n\n\n\n<p><em><strong>(Fonte\/Imagem: Prefeitura de Jundia\u00ed)<\/strong><\/em><\/p>\n","protected":false},"excerpt":{"rendered":"<p>Durante as obras, as orienta\u00e7\u00f5es e encaminhamentos ao p\u00fablico s\u00e3o feitas pelo telefone (11) 94087-4528.<\/p>\n","protected":false},"author":27,"featured_media":101712,"comment_status":"closed","ping_status":"0","sticky":false,"template":"","format":"standard","meta":{"footnotes":""},"categories":[8356],"tags":[],"class_list":["post-101711","post","type-post","status-publish","format-standard","has-post-thumbnail","hentry","category-jundiai"],"_links":{"self":[{"href":"https:\/\/tvtecjundiai.com.br\/news\/wp-json\/wp\/v2\/posts\/101711","targetHints":{"allow":["GET"]}}],"collection":[{"href":"https:\/\/tvtecjundiai.com.br\/news\/wp-json\/wp\/v2\/posts"}],"about":[{"href":"https:\/\/tvtecjundiai.com.br\/news\/wp-json\/wp\/v2\/types\/post"}],"author":[{"embeddable":true,"href":"https:\/\/tvtecjundiai.com.br\/news\/wp-json\/wp\/v2\/users\/27"}],"replies":[{"embeddable":true,"href":"https:\/\/tvtecjundiai.com.br\/news\/wp-json\/wp\/v2\/comments?post=101711"}],"version-history":[{"count":1,"href":"https:\/\/tvtecjundiai.com.br\/news\/wp-json\/wp\/v2\/posts\/101711\/revisions"}],"predecessor-version":[{"id":101713,"href":"https:\/\/tvtecjundiai.com.br\/news\/wp-json\/wp\/v2\/posts\/101711\/revisions\/101713"}],"wp:featuredmedia":[{"embeddable":true,"href":"https:\/\/tvtecjundiai.com.br\/news\/wp-json\/wp\/v2\/media\/101712"}],"wp:attachment":[{"href":"https:\/\/tvtecjundiai.com.br\/news\/wp-json\/wp\/v2\/media?parent=101711"}],"wp:term":[{"taxonomy":"category","embeddable":true,"href":"https:\/\/tvtecjundiai.com.br\/news\/wp-json\/wp\/v2\/categories?post=101711"},{"taxonomy":"post_tag","embeddable":true,"href":"https:\/\/tvtecjundiai.com.br\/news\/wp-json\/wp\/v2\/tags?post=101711"}],"curies":[{"name":"wp","href":"https:\/\/api.w.org\/{rel}","templated":true}]}}