{"id":101733,"date":"2022-12-01T09:20:38","date_gmt":"2022-12-01T12:20:38","guid":{"rendered":"https:\/\/tvtecjundiai.com.br\/news\/?p=101733"},"modified":"2022-12-01T09:38:43","modified_gmt":"2022-12-01T12:38:43","slug":"circuito-natal-luz-2022-comeca-nesta-quinta-01-no-centro","status":"publish","type":"post","link":"https:\/\/tvtecjundiai.com.br\/news\/2022\/12\/01\/circuito-natal-luz-2022-comeca-nesta-quinta-01-no-centro\/","title":{"rendered":"\u2018Circuito Natal Luz 2022\u2019 come\u00e7a nesta quinta (1) no Centro"},"content":{"rendered":"\n<p>Come\u00e7a nesta quinta-feira (01) a programa\u00e7\u00e3o do&nbsp;<a href=\"https:\/\/jundiai.sp.gov.br\/circuitonatalluz\/\" target=\"_blank\" rel=\"noreferrer noopener\">Circuito Natal Luz Jundia\u00ed 2022<\/a>, com a cerim\u00f4nia de lan\u00e7amento oficial no Centro a partir das 19h. As atra\u00e7\u00f5es s\u00e3o uma iniciativa da Prefeitura de Jundia\u00ed em parceria com a Associa\u00e7\u00e3o Comercial e Empresarial (ACE), a C\u00e2mara de Dirigentes Lojistas (CDL), o Sindicato do Com\u00e9rcio Varejista (Sincomercio) e a Catedral Nossa Senhora do Desterro.<\/p>\n\n\n\n<p>A abertura ficar\u00e1 por conta das apresenta\u00e7\u00f5es de corais, \u00e0s 19h30, nas janelas do Museu Hist\u00f3rico e Cultural \u2013 Solar do Bar\u00e3o. Quem assistir do Cal\u00e7ad\u00e3o da Bar\u00e3o poder\u00e1 entrar em seguida e conferir no Museu a tradicional exposi\u00e7\u00e3o de pres\u00e9pios, espalhada por todos os dois andares do pr\u00e9dio e nos jardins, onde estar\u00e1 de volta o famoso t\u00fanel de luz, queridinho da crian\u00e7ada.<\/p>\n\n\n\n<p>Do outro lado do cal\u00e7ad\u00e3o, na Pra\u00e7a Governador Pedro de Toledo (Pra\u00e7a da Matriz), os interessados poder\u00e3o assistir \u00e0s sess\u00f5es de proje\u00e7\u00e3o luminosa com temas natalino e infantis na fachada da Catedral. De segunda a sexta-feira, as sess\u00f5es est\u00e3o marcadas para as 19h, 20h e 21h.<\/p>\n\n\n\n<figure class=\"wp-block-image size-large\"><img loading=\"lazy\" decoding=\"async\" width=\"1200\" height=\"800\" src=\"https:\/\/tvtecjundiai.com.br\/news\/wp-content\/uploads\/sites\/2\/2022\/12\/coral_solar_barao-180-1200x800.jpg\" alt=\"\" class=\"wp-image-101734\" srcset=\"https:\/\/tvtecjundiai.com.br\/news\/wp-content\/uploads\/sites\/2\/2022\/12\/coral_solar_barao-180-1200x800.jpg 1200w, https:\/\/tvtecjundiai.com.br\/news\/wp-content\/uploads\/sites\/2\/2022\/12\/coral_solar_barao-180-300x200.jpg 300w, https:\/\/tvtecjundiai.com.br\/news\/wp-content\/uploads\/sites\/2\/2022\/12\/coral_solar_barao-180-768x512.jpg 768w, https:\/\/tvtecjundiai.com.br\/news\/wp-content\/uploads\/sites\/2\/2022\/12\/coral_solar_barao-180.jpg 1280w\" sizes=\"auto, (max-width: 1200px) 100vw, 1200px\" \/><figcaption class=\"wp-element-caption\">Apresenta\u00e7\u00f5es de corais nas janelas do museu estar\u00e3o de volta a partir desta quinta-feira (01)<br><\/figcaption><\/figure>\n\n\n\n<p>A Pinacoteca Municipal Di\u00f3genes Duarte Paes tamb\u00e9m recebe parte da programa\u00e7\u00e3o, com a abertura da exposi\u00e7\u00e3o \u201cPapais-No\u00e9is\u201d, acervo e curadoria do artista Alex Roch. Das 19h \u00e0s 22h30, as sacadas do pr\u00e9dio da Pinacoteca tamb\u00e9m recebem as apresenta\u00e7\u00f5es de duos e trios musicais nas sacadas.<\/p>\n\n\n\n<p>Outras atra\u00e7\u00f5es itinerantes tamb\u00e9m marcar\u00e3o presen\u00e7a na programa\u00e7\u00e3o de abertura, com as apresenta\u00e7\u00f5es de grupos musicais, das 16h \u00e0s 22h, na Pra\u00e7a Marechal Floriano Peixoto (Pra\u00e7a do Coreto), e interven\u00e7\u00f5es art\u00edsticas itinerantes no Cal\u00e7ad\u00e3o, das 17h \u00e0s 21h.<\/p>\n\n\n\n<p>A gastronomia tamb\u00e9m ir\u00e1 marcar presen\u00e7a nesta programa\u00e7\u00e3o, com as participa\u00e7\u00f5es de mais de 30 food-trucks espalhados pelas ruas do Centro.<\/p>\n\n\n\n<figure class=\"wp-block-image size-large\"><img loading=\"lazy\" decoding=\"async\" width=\"1200\" height=\"800\" src=\"https:\/\/tvtecjundiai.com.br\/news\/wp-content\/uploads\/sites\/2\/2022\/12\/abertura-do-natal-no-centro_c_-167-1200x800.jpg\" alt=\"\" class=\"wp-image-101735\" srcset=\"https:\/\/tvtecjundiai.com.br\/news\/wp-content\/uploads\/sites\/2\/2022\/12\/abertura-do-natal-no-centro_c_-167-1200x800.jpg 1200w, https:\/\/tvtecjundiai.com.br\/news\/wp-content\/uploads\/sites\/2\/2022\/12\/abertura-do-natal-no-centro_c_-167-300x200.jpg 300w, https:\/\/tvtecjundiai.com.br\/news\/wp-content\/uploads\/sites\/2\/2022\/12\/abertura-do-natal-no-centro_c_-167-768x512.jpg 768w, https:\/\/tvtecjundiai.com.br\/news\/wp-content\/uploads\/sites\/2\/2022\/12\/abertura-do-natal-no-centro_c_-167.jpg 1280w\" sizes=\"auto, (max-width: 1200px) 100vw, 1200px\" \/><figcaption class=\"wp-element-caption\">Proje\u00e7\u00e3o luminosa na catedral ter\u00e1 sess\u00f5es \u00e0s 19h, 20h e 21h.<br><br><\/figcaption><\/figure>\n\n\n\n<p><strong>Mais programa\u00e7\u00e3o<\/strong><br>O Circuito Natal Luz segue at\u00e9 o dia 23 de dezembro no Centro, com diversas atra\u00e7\u00f5es culturais gratuitas e o Expresso Natalino pelas ruas do Centro com a Trupe de Natal. No Museu, ser\u00e3o realizadas ainda encena\u00e7\u00f5es de Pres\u00e9pio Vivo nos jardins e shows musicais intimistas na Sala Jahyr Accioly de Souza.<\/p>\n\n\n\n<p><a href=\"https:\/\/jundiai.sp.gov.br\/circuitonatalluz\/\" target=\"_blank\" rel=\"noreferrer noopener\">CONFIRA A PROGRAMA\u00c7\u00c3O COMPLETA<\/a><\/p>\n\n\n\n<p>Na ter\u00e7a-feira (20), ser\u00e1 a vez de a Parada de Natal percorrer as ruas do Centro e encantar a todos com as presen\u00e7as do Papai Noel e noeletes, Banda Marcial Bamalo, cortejo circense do Sesc Jundia\u00ed, personagens infantis, desfile do motoclube Caveiras do Japi MC e carros antigos da Associa\u00e7\u00e3o Antigomobilismo de Jundia\u00ed.<\/p>\n\n\n\n<p>Al\u00e9m do Centro, os principais bairros com centros comerciais da cidade tamb\u00e9m ser\u00e3o contemplados com a programa\u00e7\u00e3o. Bairros como a Ponte S\u00e3o Jo\u00e3o, vila Hortol\u00e2ndia, vila Arens, jardim Santa Gertrudes, Eloy Chaves e vila Rami e seus entornos tamb\u00e9m receber\u00e3o atra\u00e7\u00f5es e interven\u00e7\u00f5es art\u00edsticas itinerantes, al\u00e9m do desfile de trenzinho.<\/p>\n\n\n\n<p><em><strong>( Fonte\/ Imagens: Prefeitura de Jundia\u00ed)<\/strong><\/em><\/p>\n","protected":false},"excerpt":{"rendered":"<p>Com a cerim\u00f4nia de lan\u00e7amento oficial no Centro a partir das 19h<\/p>\n","protected":false},"author":27,"featured_media":101735,"comment_status":"closed","ping_status":"0","sticky":false,"template":"","format":"standard","meta":{"footnotes":""},"categories":[29,3076,8356,1],"tags":[],"class_list":["post-101733","post","type-post","status-publish","format-standard","has-post-thumbnail","hentry","category-destaque","category-entretenimento","category-jundiai","category-noticias"],"_links":{"self":[{"href":"https:\/\/tvtecjundiai.com.br\/news\/wp-json\/wp\/v2\/posts\/101733","targetHints":{"allow":["GET"]}}],"collection":[{"href":"https:\/\/tvtecjundiai.com.br\/news\/wp-json\/wp\/v2\/posts"}],"about":[{"href":"https:\/\/tvtecjundiai.com.br\/news\/wp-json\/wp\/v2\/types\/post"}],"author":[{"embeddable":true,"href":"https:\/\/tvtecjundiai.com.br\/news\/wp-json\/wp\/v2\/users\/27"}],"replies":[{"embeddable":true,"href":"https:\/\/tvtecjundiai.com.br\/news\/wp-json\/wp\/v2\/comments?post=101733"}],"version-history":[{"count":2,"href":"https:\/\/tvtecjundiai.com.br\/news\/wp-json\/wp\/v2\/posts\/101733\/revisions"}],"predecessor-version":[{"id":101745,"href":"https:\/\/tvtecjundiai.com.br\/news\/wp-json\/wp\/v2\/posts\/101733\/revisions\/101745"}],"wp:featuredmedia":[{"embeddable":true,"href":"https:\/\/tvtecjundiai.com.br\/news\/wp-json\/wp\/v2\/media\/101735"}],"wp:attachment":[{"href":"https:\/\/tvtecjundiai.com.br\/news\/wp-json\/wp\/v2\/media?parent=101733"}],"wp:term":[{"taxonomy":"category","embeddable":true,"href":"https:\/\/tvtecjundiai.com.br\/news\/wp-json\/wp\/v2\/categories?post=101733"},{"taxonomy":"post_tag","embeddable":true,"href":"https:\/\/tvtecjundiai.com.br\/news\/wp-json\/wp\/v2\/tags?post=101733"}],"curies":[{"name":"wp","href":"https:\/\/api.w.org\/{rel}","templated":true}]}}