{"id":1018,"date":"2017-09-25T13:59:50","date_gmt":"2017-09-25T16:59:50","guid":{"rendered":"https:\/\/tvtecjundiai.com.br\/news\/?p=1018"},"modified":"2017-09-25T13:59:50","modified_gmt":"2017-09-25T16:59:50","slug":"economia-varejo-paulista-abre-62-mil-postos-de-trabalho-em-julho","status":"publish","type":"post","link":"https:\/\/tvtecjundiai.com.br\/news\/2017\/09\/25\/economia-varejo-paulista-abre-62-mil-postos-de-trabalho-em-julho\/","title":{"rendered":"Economia: varejo paulista abre 6,2 mil postos de trabalho em julho"},"content":{"rendered":"<p>O com\u00e9rcio varejista no Estado de S\u00e3o Paulo voltou a criar empregos formais ap\u00f3s dois meses seguidos de desempenho negativo. Em julho, foram abertos 6.205 postos de trabalho, resultado de 68.338 admiss\u00f5es contra 62.133 desligamentos. Foi o maior saldo de empregos desde novembro de 2016, m\u00eas caracterizado pela contrata\u00e7\u00e3o de tempor\u00e1rios, e apenas a segunda vez no ano em que o setor registrou mais admiss\u00f5es do que desligamentos. Assim, o varejo paulista encerrou o m\u00eas com um estoque ativo de 2.058.431 trabalhadores formais, leve queda de 0,3% na compara\u00e7\u00e3o com o mesmo m\u00eas de 2016. No acumulado dos \u00faltimos 12 meses, foram extintos 5.397 empregos com carteira assinada, por\u00e9m, inferior ao verificado no mesmo per\u00edodo de 2016, quando foram extintos 69.407 v\u00ednculos formais.<\/p>\n<p><strong>LEIA TAMB\u00c9M:<br \/>\n<a href=\"https:\/\/tvtecjundiai.com.br\/news\/2017\/09\/25\/cidades-eta-eloy-chaves-passara-por-manutencao-preventiva\/\" rel=\"noopener\" target=\"_blank\">Cidades: ETA Eloy Chaves passar\u00e1 por manuten\u00e7\u00e3o preventiva<\/a><\/strong><\/p>\n<p>Os dados comp\u00f5em a Pesquisa de Emprego no Com\u00e9rcio Varejista do Estado de S\u00e3o Paulo (PESP), realizada mensalmente pela Federa\u00e7\u00e3o do Com\u00e9rcio de Bens, Servi\u00e7os e Turismo do Estado de S\u00e3o Paulo (FecomercioSP) com base nos dados do Minist\u00e9rio do Trabalho, por meio do Cadastro Geral de Empregados e Desempregados (Caged) e o impacto do seu resultado no estoque estabelecido de trabalhadores no Estado de S\u00e3o Paulo, calculado com base na Rela\u00e7\u00e3o Anual de Informa\u00e7\u00f5es Sociais (Rais).<\/p>\n<p>Entre as nove atividades pesquisadas, apenas tr\u00eas apontaram crescimento no n\u00famero total de empregos em julho na compara\u00e7\u00e3o com o mesmo m\u00eas de 2016: farm\u00e1cias e perfumarias (2,5%); supermercados (1,7%); e autope\u00e7as e acess\u00f3rios (0,5%). Por outro lado, os piores desempenhos foram registrados nos segmentos de concession\u00e1rias de ve\u00edculos (-3,5%); lojas de vestu\u00e1rio, tecidos e cal\u00e7ados (-2,5%); e materiais de constru\u00e7\u00e3o (-2,4%).<\/p>\n<p>De acordo com a assessoria econ\u00f4mica da FecomercioSP, dois aspectos denotam significativamente o bom momento do mercado de trabalho varejista, trazendo boas perspectivas neste in\u00edcio de segundo semestre ap\u00f3s um in\u00edcio de ano muito dif\u00edcil. Foi o maior saldo de empregos com carteira assinada para o m\u00eas de julho desde 2012. Ainda que os supermercados sejam respons\u00e1veis pela metade da gera\u00e7\u00e3o de vagas no m\u00eas, houve uma difus\u00e3o do bom desempenho, j\u00e1 que sete das nove atividades avaliadas registraram mais admiss\u00f5es do que desligamentos, e onde essa realidade n\u00e3o ocorreu, a extin\u00e7\u00e3o de vagas foi bastante residual.<\/p>\n<p><em>Fonte: Imprensa FecomercioSP<\/em><\/p>\n","protected":false},"excerpt":{"rendered":"<p>Segundo FecomercioSP, \u00e9 o melhor desempenho para o m\u00eas desde 2012<\/p>\n","protected":false},"author":6,"featured_media":1019,"comment_status":"closed","ping_status":"closed","sticky":false,"template":"","format":"standard","meta":{"footnotes":""},"categories":[1],"tags":[588,37,484,587,585,586],"class_list":["post-1018","post","type-post","status-publish","format-standard","has-post-thumbnail","hentry","category-noticias","tag-comercio","tag-emprego","tag-estado-de-sao-paulo","tag-pesquisa-de-emprego-no-comercio-varejista-do-estado-de-sao-paulo","tag-varejo","tag-varejo-paulista"],"_links":{"self":[{"href":"https:\/\/tvtecjundiai.com.br\/news\/wp-json\/wp\/v2\/posts\/1018","targetHints":{"allow":["GET"]}}],"collection":[{"href":"https:\/\/tvtecjundiai.com.br\/news\/wp-json\/wp\/v2\/posts"}],"about":[{"href":"https:\/\/tvtecjundiai.com.br\/news\/wp-json\/wp\/v2\/types\/post"}],"author":[{"embeddable":true,"href":"https:\/\/tvtecjundiai.com.br\/news\/wp-json\/wp\/v2\/users\/6"}],"replies":[{"embeddable":true,"href":"https:\/\/tvtecjundiai.com.br\/news\/wp-json\/wp\/v2\/comments?post=1018"}],"version-history":[{"count":1,"href":"https:\/\/tvtecjundiai.com.br\/news\/wp-json\/wp\/v2\/posts\/1018\/revisions"}],"predecessor-version":[{"id":1020,"href":"https:\/\/tvtecjundiai.com.br\/news\/wp-json\/wp\/v2\/posts\/1018\/revisions\/1020"}],"wp:featuredmedia":[{"embeddable":true,"href":"https:\/\/tvtecjundiai.com.br\/news\/wp-json\/wp\/v2\/media\/1019"}],"wp:attachment":[{"href":"https:\/\/tvtecjundiai.com.br\/news\/wp-json\/wp\/v2\/media?parent=1018"}],"wp:term":[{"taxonomy":"category","embeddable":true,"href":"https:\/\/tvtecjundiai.com.br\/news\/wp-json\/wp\/v2\/categories?post=1018"},{"taxonomy":"post_tag","embeddable":true,"href":"https:\/\/tvtecjundiai.com.br\/news\/wp-json\/wp\/v2\/tags?post=1018"}],"curies":[{"name":"wp","href":"https:\/\/api.w.org\/{rel}","templated":true}]}}