{"id":101818,"date":"2022-12-02T09:20:56","date_gmt":"2022-12-02T12:20:56","guid":{"rendered":"https:\/\/tvtecjundiai.com.br\/news\/?p=101818"},"modified":"2022-12-02T10:13:39","modified_gmt":"2022-12-02T13:13:39","slug":"jundiai-recebe-convite-para-15a-expo-uva-de-itupeva","status":"publish","type":"post","link":"https:\/\/tvtecjundiai.com.br\/news\/2022\/12\/02\/jundiai-recebe-convite-para-15a-expo-uva-de-itupeva\/","title":{"rendered":"Jundia\u00ed recebe convite para 15\u00aa Expo Uva de Itupeva"},"content":{"rendered":"\n<p>Nesta quinta-feira (1), a Corte da Uva de Itupeva esteve em Jundia\u00ed para a entrega do convite da 15\u00aa Expo Uva do munic\u00edpio, que ser\u00e1 realizada nas pr\u00f3ximas semanas. O vice-prefeito de Jundia\u00ed Gustavo Martinelli recebeu o convite e recepcionou toda a corte. Na ocasi\u00e3o, ele comentou sobre os preparativos para a Festa da Uva 2023 e a import\u00e2ncia de prestigiar os eventos da regi\u00e3o.<\/p>\n\n\n\n<p>\u201cNo pr\u00f3ximo ano, a Festa da Uva ocorrer\u00e1 em quatro finais de semana e j\u00e1 estamos nos preparativos. \u00c9 uma tradi\u00e7\u00e3o jundiaiense que movimenta os mais diversos setores econ\u00f4micos, n\u00e3o s\u00f3 da nossa cidade, como de toda a Regi\u00e3o Metropolitana de Jundia\u00ed. Temos uma regi\u00e3o rica e manter o di\u00e1logo ativo faz a diferen\u00e7a para troca de experi\u00eancias e novas parcerias\u201d, detalha o vice-prefeito.<\/p>\n\n\n\n<figure class=\"wp-block-image size-large\"><img loading=\"lazy\" decoding=\"async\" width=\"1200\" height=\"800\" src=\"https:\/\/tvtecjundiai.com.br\/news\/wp-content\/uploads\/sites\/2\/2022\/12\/rainha_da_uva_itupeva_entrega_convite_gustavo_martinelli-42-1200x800.jpg\" alt=\"\" class=\"wp-image-101819\" srcset=\"https:\/\/tvtecjundiai.com.br\/news\/wp-content\/uploads\/sites\/2\/2022\/12\/rainha_da_uva_itupeva_entrega_convite_gustavo_martinelli-42-1200x800.jpg 1200w, https:\/\/tvtecjundiai.com.br\/news\/wp-content\/uploads\/sites\/2\/2022\/12\/rainha_da_uva_itupeva_entrega_convite_gustavo_martinelli-42-300x200.jpg 300w, https:\/\/tvtecjundiai.com.br\/news\/wp-content\/uploads\/sites\/2\/2022\/12\/rainha_da_uva_itupeva_entrega_convite_gustavo_martinelli-42-768x512.jpg 768w, https:\/\/tvtecjundiai.com.br\/news\/wp-content\/uploads\/sites\/2\/2022\/12\/rainha_da_uva_itupeva_entrega_convite_gustavo_martinelli-42.jpg 1280w\" sizes=\"auto, (max-width: 1200px) 100vw, 1200px\" \/><figcaption class=\"wp-element-caption\">Corte da Uva de Itupeva entrega convite e cesta de fruta para o vice-prefeito Gustavo Martinelli<br><\/figcaption><\/figure>\n\n\n\n<p>A&nbsp;Corte da Uva de Itupeva \u00e9 composta pela rainha Gessica Peghin, pelas princesas Luana Rodrigues e Giulia da Silveira Marques e pela vinhateira Isabella Camargo Miranda. Al\u00e9m da corte, a diretora do Departamento de Agricultura Sueellen Pestana tamb\u00e9m esteve na entrega do convite, representando a Prefeitura Municipal de Itupeva.<\/p>\n\n\n\n<p>A 15\u00aa Expo Uva ocorrer\u00e1 nos dias 16, 17 e 18 de dezembro de 2022 no Parque da Cidade (Av. Em\u00edlio Chechinato, 706 \u2013 Jardim Samambaia, Itupeva), com shows, decora\u00e7\u00e3o e comercializa\u00e7\u00e3o de diversos produtos.<\/p>\n\n\n\n<p><strong><em>( Fonte\/ Imagem: Prefeitura de Jundia\u00ed)<\/em><\/strong><\/p>\n","protected":false},"excerpt":{"rendered":"<p>Evento ocorrer\u00e1 nos dias 16, 17 e 18 de dezembro de 2022 no Parque da Cidade<\/p>\n","protected":false},"author":27,"featured_media":101819,"comment_status":"closed","ping_status":"0","sticky":false,"template":"","format":"standard","meta":{"footnotes":""},"categories":[2834,29,8356,1],"tags":[],"class_list":["post-101818","post","type-post","status-publish","format-standard","has-post-thumbnail","hentry","category-cidades","category-destaque","category-jundiai","category-noticias"],"_links":{"self":[{"href":"https:\/\/tvtecjundiai.com.br\/news\/wp-json\/wp\/v2\/posts\/101818","targetHints":{"allow":["GET"]}}],"collection":[{"href":"https:\/\/tvtecjundiai.com.br\/news\/wp-json\/wp\/v2\/posts"}],"about":[{"href":"https:\/\/tvtecjundiai.com.br\/news\/wp-json\/wp\/v2\/types\/post"}],"author":[{"embeddable":true,"href":"https:\/\/tvtecjundiai.com.br\/news\/wp-json\/wp\/v2\/users\/27"}],"replies":[{"embeddable":true,"href":"https:\/\/tvtecjundiai.com.br\/news\/wp-json\/wp\/v2\/comments?post=101818"}],"version-history":[{"count":2,"href":"https:\/\/tvtecjundiai.com.br\/news\/wp-json\/wp\/v2\/posts\/101818\/revisions"}],"predecessor-version":[{"id":101826,"href":"https:\/\/tvtecjundiai.com.br\/news\/wp-json\/wp\/v2\/posts\/101818\/revisions\/101826"}],"wp:featuredmedia":[{"embeddable":true,"href":"https:\/\/tvtecjundiai.com.br\/news\/wp-json\/wp\/v2\/media\/101819"}],"wp:attachment":[{"href":"https:\/\/tvtecjundiai.com.br\/news\/wp-json\/wp\/v2\/media?parent=101818"}],"wp:term":[{"taxonomy":"category","embeddable":true,"href":"https:\/\/tvtecjundiai.com.br\/news\/wp-json\/wp\/v2\/categories?post=101818"},{"taxonomy":"post_tag","embeddable":true,"href":"https:\/\/tvtecjundiai.com.br\/news\/wp-json\/wp\/v2\/tags?post=101818"}],"curies":[{"name":"wp","href":"https:\/\/api.w.org\/{rel}","templated":true}]}}