{"id":101922,"date":"2022-12-05T12:10:31","date_gmt":"2022-12-05T15:10:31","guid":{"rendered":"https:\/\/tvtecjundiai.com.br\/news\/?p=101922"},"modified":"2022-12-05T13:28:02","modified_gmt":"2022-12-05T16:28:02","slug":"time-jundiai-conquista-35-medalhas-na-5o-super-copa-de-natacao","status":"publish","type":"post","link":"https:\/\/tvtecjundiai.com.br\/news\/2022\/12\/05\/time-jundiai-conquista-35-medalhas-na-5o-super-copa-de-natacao\/","title":{"rendered":"TIME-Jundia\u00ed conquista 35 medalhas na 5\u00ba Super Copa de Nata\u00e7\u00e3o"},"content":{"rendered":"\n<p>O TIME Jundia\u00ed de Nata\u00e7\u00e3o, da Unidade de Gest\u00e3o de Esporte e Lazer (UGEL), esteve, nos dias 2 e 3 de dezembro, na cidade de S\u00e3o Caetano para a disputa da 5\u00aa Super Copa S\u00e3o Paulo de Nata\u00e7\u00e3o. A competi\u00e7\u00e3o contou com 52 equipes e mais de 730 inscritos. Nossos atletas conquistaram a quarta coloca\u00e7\u00e3o geral e fomos a equipe que mais recebeu medalhas.<\/p>\n\n\n\n<p>Foram 10 de ouro, 15 de prata e 10 de bronze, somando 35 medalhas no total, em diversas categorias. Al\u00e9m dessas, nas categorias menores tamb\u00e9m obtivemos mais 5 medalhas de quarta e quinta coloca\u00e7\u00e3o.<\/p>\n\n\n\n<figure class=\"wp-block-image size-large\"><img loading=\"lazy\" decoding=\"async\" width=\"1200\" height=\"587\" src=\"https:\/\/tvtecjundiai.com.br\/news\/wp-content\/uploads\/sites\/2\/2022\/12\/natacao-1-1200x587.jpg\" alt=\"\" class=\"wp-image-101923\" srcset=\"https:\/\/tvtecjundiai.com.br\/news\/wp-content\/uploads\/sites\/2\/2022\/12\/natacao-1-1200x587.jpg 1200w, https:\/\/tvtecjundiai.com.br\/news\/wp-content\/uploads\/sites\/2\/2022\/12\/natacao-1-300x147.jpg 300w, https:\/\/tvtecjundiai.com.br\/news\/wp-content\/uploads\/sites\/2\/2022\/12\/natacao-1-768x376.jpg 768w, https:\/\/tvtecjundiai.com.br\/news\/wp-content\/uploads\/sites\/2\/2022\/12\/natacao-1.jpg 1280w\" sizes=\"auto, (max-width: 1200px) 100vw, 1200px\" \/><figcaption class=\"wp-element-caption\">TIME-Jundia\u00ed de nata\u00e7\u00e3o conquista 35 medalhas e fica com a quarta coloca\u00e7\u00e3o geral<br><\/figcaption><\/figure>\n\n\n\n<p>O Time Jundia\u00ed de Nata\u00e7\u00e3o agradece o empenho dos atletas e comiss\u00e3o t\u00e9cnica, o aux\u00edlio e parceria com os pais, o SESI-Jundia\u00ed e a UniAnchieta. Confira todos os resultados:<\/p>\n\n\n\n<p>Primeiro Dia:<\/p>\n\n\n\n<p><strong>Ouro<\/strong><br>\ud83e\udd47Manuela Beccari- 50m livre \u2013 pr\u00e9 Mirim<br>\ud83e\udd47Lorena Cordeiro- 100m peito \u2013 Petiz 2<br>\ud83e\udd47Edgar Seiji- 100m peito \u2013 Petiz 2<br>\ud83e\udd47Manuela Beccari- 50m livre \u2013 pr\u00e9 Mirim<\/p>\n\n\n\n<p><strong>Prata<\/strong><br>\ud83e\udd48Rafael Sperandio- 400m livre \u2013 Petiz 2<br>\ud83e\udd48Gael Romanato- 50m livre \u2013 pr\u00e9 Mirim<br>\ud83e\udd48Manuela Beccari- 50m peito \u2013 pr\u00e9 Mirim<br>\ud83e\udd48Edgar Seiji- 200m medley \u2013 petiz 2<br>\ud83e\udd48Luiza Lopardo, Rafael Sperandio, Lorena Cordeiro e Edgar Seiji \u2013 4x50m livre \u2013 Petiz<br>\ud83e\udd48Luiza Lopardo, Rafael Sperandio, Lorena Cordeiro e Edgar Seiji \u2013 4x50m livre \u2013 Petiz<\/p>\n\n\n\n<p><strong>Bronze<\/strong><br>\ud83e\udd49Edgar Seiji- 50m livre \u2013 Petiz 2<br>\ud83e\udd49Manuela Beccari, Isaac Guedes, Mariana Assis e Jefferson Neto \u2013 Rev. Mirim 4x50m Livre<br>\ud83e\udd49Gael Romanato, Manuela Beccari, Isaac Guedes e Mariana Garcia \u2013 4x50m medley \u2013 Mirim<\/p>\n\n\n\n<p><strong>Quarto<\/strong><br>\ud83c\udfc5Miguel Colasanto \u2013 100m peito \u2013 Petiz 1<br>\ud83c\udfc5Rafael Sperandio \u2013 100m Livre \u2013 Petiz 2<\/p>\n\n\n\n<p><strong>Quinto<\/strong><br>\ud83c\udfc5Milena Natalia \u2013 100m peito \u2013 Petiz 2<br>\ud83c\udfc5Rafael Sperandio- 50m livre \u2013 Petiz 2<br>\ud83c\udfc5Mariana Cereser- 100m costas \u2013 Petiz 2<br>\ud83c\udfc5Vitor Sales de Carvalho \u2013 Petiz 1<\/p>\n\n\n\n<figure class=\"wp-block-image size-large\"><img loading=\"lazy\" decoding=\"async\" width=\"1200\" height=\"610\" src=\"https:\/\/tvtecjundiai.com.br\/news\/wp-content\/uploads\/sites\/2\/2022\/12\/natacao-2-1200x610.jpg\" alt=\"\" class=\"wp-image-101924\" srcset=\"https:\/\/tvtecjundiai.com.br\/news\/wp-content\/uploads\/sites\/2\/2022\/12\/natacao-2-1200x610.jpg 1200w, https:\/\/tvtecjundiai.com.br\/news\/wp-content\/uploads\/sites\/2\/2022\/12\/natacao-2-300x153.jpg 300w, https:\/\/tvtecjundiai.com.br\/news\/wp-content\/uploads\/sites\/2\/2022\/12\/natacao-2-768x391.jpg 768w, https:\/\/tvtecjundiai.com.br\/news\/wp-content\/uploads\/sites\/2\/2022\/12\/natacao-2.jpg 1262w\" sizes=\"auto, (max-width: 1200px) 100vw, 1200px\" \/><figcaption class=\"wp-element-caption\">TIME-Jundia\u00ed de nata\u00e7\u00e3o conquista 35 medalhas e fica com a quarta coloca\u00e7\u00e3o geral<br><\/figcaption><\/figure>\n\n\n\n<p>Segundo dia:<\/p>\n\n\n\n<p><strong>Ouro<br><\/strong>\ud83e\udd47Pedro H. Moraes \u2013 400m livre \u2013 Juvenil 2<br>\ud83e\udd47Rafaela de Moraes \u2013 50m livre \u2013 Infantil 2<br>\ud83e\udd47Marcel Mariano \u2013 50m livre \u2013 S\u00eanior<br>\ud83e\udd47Ana de P\u00e1dua- 100m peito \u2013 Juvenil 1<br>\ud83e\udd47Rafaela de Moraes- 100m costas \u2013 Infantil 2<br>\ud83e\udd47Gustavo Jesus- 100m Livre \u2013 infantil 1<\/p>\n\n\n\n<p><strong>Prata<\/strong><br>\ud83e\udd48Marya Eduarda Calegari- 100m costas \u2013 S\u00eanior<br>\ud83e\udd48Marcel Mariano- 100m costas \u2013 S\u00eanior<br>\ud83e\udd48Gustavo Jesus \u2013 50m livre \u2013 Infantil 1<br>\ud83e\udd48Ana Laura Francischini \u2013 50m livre \u2013 Junior<br>\ud83e\udd48Gustavo Jesus, Ana Laura, Rafaela Moraes e Isaac \u2013 4x50m livre \u2013 Infantil<br>\ud83e\udd48Guilherme Yukio, Alexandra Lan\u00e7a, Ana Laura e Marcel Mariano- 4x50m livre \u2013 Junior\/S\u00eanior<br>\ud83e\udd48Isaac Varela \u2013 100m borboleta \u2013 Infantil 1<br>\ud83e\udd48Isabelly Pietra- 100m Livre- infantil 1<br>\ud83e\udd48Marcel Mariano, Guilherme Yukio, Ana Laura e Alexandra- 4x50m medley \u2013 Junior\/S\u00eanior.<\/p>\n\n\n\n<p><strong>Bronze<br><\/strong>\ud83e\udd49Isabelly Pietra \u2013 50m livre \u2013 Infantil 1<br>\ud83e\udd49Guilherme Yukio- 200m medley \u2013 S\u00eanior<br>\ud83e\udd49Lua Halper \u2013 400m livre \u2013 Onfantil 1<br>\ud83e\udd49Rafaela Moraes- 100m Livre \u2013 Infantil 2<br>\ud83e\udd49Ana Laura Francischini- 100m livre \u2013 Junior<br>\ud83e\udd49Marcel Mariano- 100m Livre \u2013 S\u00eanior<br>\ud83e\udd49Rafaela Moraes, Gustavo Jesus, Isaac Varela e Isabelly Pietra \u2013 4x50m medley \u2013 Infantil.<\/p>\n\n\n\n<p><strong><em>( Fonte\/ Imagens: Prefeitura de Jundia\u00ed)<\/em><\/strong><\/p>\n","protected":false},"excerpt":{"rendered":"<p>A competi\u00e7\u00e3o contou com 52 equipes e mais de 730 inscritos<\/p>\n","protected":false},"author":27,"featured_media":101923,"comment_status":"closed","ping_status":"0","sticky":false,"template":"","format":"standard","meta":{"footnotes":""},"categories":[29,8356,1],"tags":[],"class_list":["post-101922","post","type-post","status-publish","format-standard","has-post-thumbnail","hentry","category-destaque","category-jundiai","category-noticias"],"_links":{"self":[{"href":"https:\/\/tvtecjundiai.com.br\/news\/wp-json\/wp\/v2\/posts\/101922","targetHints":{"allow":["GET"]}}],"collection":[{"href":"https:\/\/tvtecjundiai.com.br\/news\/wp-json\/wp\/v2\/posts"}],"about":[{"href":"https:\/\/tvtecjundiai.com.br\/news\/wp-json\/wp\/v2\/types\/post"}],"author":[{"embeddable":true,"href":"https:\/\/tvtecjundiai.com.br\/news\/wp-json\/wp\/v2\/users\/27"}],"replies":[{"embeddable":true,"href":"https:\/\/tvtecjundiai.com.br\/news\/wp-json\/wp\/v2\/comments?post=101922"}],"version-history":[{"count":2,"href":"https:\/\/tvtecjundiai.com.br\/news\/wp-json\/wp\/v2\/posts\/101922\/revisions"}],"predecessor-version":[{"id":101933,"href":"https:\/\/tvtecjundiai.com.br\/news\/wp-json\/wp\/v2\/posts\/101922\/revisions\/101933"}],"wp:featuredmedia":[{"embeddable":true,"href":"https:\/\/tvtecjundiai.com.br\/news\/wp-json\/wp\/v2\/media\/101923"}],"wp:attachment":[{"href":"https:\/\/tvtecjundiai.com.br\/news\/wp-json\/wp\/v2\/media?parent=101922"}],"wp:term":[{"taxonomy":"category","embeddable":true,"href":"https:\/\/tvtecjundiai.com.br\/news\/wp-json\/wp\/v2\/categories?post=101922"},{"taxonomy":"post_tag","embeddable":true,"href":"https:\/\/tvtecjundiai.com.br\/news\/wp-json\/wp\/v2\/tags?post=101922"}],"curies":[{"name":"wp","href":"https:\/\/api.w.org\/{rel}","templated":true}]}}