{"id":101927,"date":"2022-12-05T13:12:41","date_gmt":"2022-12-05T16:12:41","guid":{"rendered":"https:\/\/tvtecjundiai.com.br\/news\/?p=101927"},"modified":"2022-12-05T13:26:19","modified_gmt":"2022-12-05T16:26:19","slug":"feira-do-empreendedor-negocios-e-servicos-fens-tem-recorde-de-inscritos","status":"publish","type":"post","link":"https:\/\/tvtecjundiai.com.br\/news\/2022\/12\/05\/feira-do-empreendedor-negocios-e-servicos-fens-tem-recorde-de-inscritos\/","title":{"rendered":"Feira do Empreendedor, Neg\u00f3cios e Servi\u00e7os (FENS) tem recorde de inscritos"},"content":{"rendered":"\n<p>As inscri\u00e7\u00f5es para a 2\u00aa edi\u00e7\u00e3o da FENS \u2013 Feira do Empreendedor, Neg\u00f3cios e Servi\u00e7os, promovida pela Unidade de Gest\u00e3o de Desenvolvimento Econ\u00f4mico, Ci\u00eancia e Tecnologia (UGDECT), da Prefeitura de Jundia\u00ed, terminaram na \u00faltima sexta-feira com 688 inscritos.<\/p>\n\n\n\n<p>A 2\u00aa FENS acontecer\u00e1 em dois finais de semana \u2013 nos dias 3, 4 e 5 de mar\u00e7o e 10, 11 e 12 de mar\u00e7o de 2023 \u2013 no Parque Comendador Antonio Carbonari \u2013 Parque da Uva, com empresas diferentes. A Feira contar\u00e1 com 220 expositores no primeiro final de semana e outros 220 expositores no segundo final de semana.<\/p>\n\n\n\n<p>Na quarta-feira (7), a Imprensa Oficial do Munic\u00edpio de Jundia\u00ed, publica a lista de convocados participantes conforme ordem de inscri\u00e7\u00e3o, que dever\u00e3o confirmar a inscri\u00e7\u00e3o presencialmente portando os documentos solicitados, na Unidade de Gest\u00e3o de Desenvolvimento Econ\u00f4mico, Ci\u00eancia e Tecnologia (UGDECT), localizada no Pa\u00e7o Municipal, na Avenida da Liberdade, s\/n\u00ba, 6\u00ba andar, ala norte, Jardim Bot\u00e2nico, nesta cidade. A confirma\u00e7\u00e3o da inscri\u00e7\u00e3o pode ser feita at\u00e9 o dia 6 de janeiro. Confira as regras no&nbsp;<strong><a href=\"https:\/\/imprensaoficial.jundiai.sp.gov.br\/edicao-5172\/\">edital<\/a><\/strong>.<\/p>\n\n\n\n<figure class=\"wp-block-image size-large\"><img loading=\"lazy\" decoding=\"async\" width=\"1200\" height=\"800\" src=\"https:\/\/tvtecjundiai.com.br\/news\/wp-content\/uploads\/sites\/2\/2022\/12\/1a-feira-fens-feira-do-empreendedor-negocios-e-servicos_fm_-95-1200x800.jpg\" alt=\"\" class=\"wp-image-101928\" srcset=\"https:\/\/tvtecjundiai.com.br\/news\/wp-content\/uploads\/sites\/2\/2022\/12\/1a-feira-fens-feira-do-empreendedor-negocios-e-servicos_fm_-95-1200x800.jpg 1200w, https:\/\/tvtecjundiai.com.br\/news\/wp-content\/uploads\/sites\/2\/2022\/12\/1a-feira-fens-feira-do-empreendedor-negocios-e-servicos_fm_-95-300x200.jpg 300w, https:\/\/tvtecjundiai.com.br\/news\/wp-content\/uploads\/sites\/2\/2022\/12\/1a-feira-fens-feira-do-empreendedor-negocios-e-servicos_fm_-95-768x512.jpg 768w, https:\/\/tvtecjundiai.com.br\/news\/wp-content\/uploads\/sites\/2\/2022\/12\/1a-feira-fens-feira-do-empreendedor-negocios-e-servicos_fm_-95.jpg 1280w\" sizes=\"auto, (max-width: 1200px) 100vw, 1200px\" \/><figcaption class=\"wp-element-caption\">Fens volta a acontecer em mar\u00e7o de 2023<br><\/figcaption><\/figure>\n\n\n\n<p>Segundo o gestor de Desenvolvimento Econ\u00f4mico, Ci\u00eancia e Tecnologia, Cristiano Lopes, o n\u00famero de inscritos consolida o sucesso da FENS em Jundia\u00ed. \u201cA FENS potencializa e d\u00e1 visibilidade aos empreendedores do munic\u00edpio. A primeira edi\u00e7\u00e3o foi um sucesso e pelo n\u00famero de inscritos para a segunda d\u00e1 para perceber que tamb\u00e9m ser\u00e1. Temos trabalho para incentivar a cultura do empreendedorismo e construir um ambiente de gera\u00e7\u00e3o de neg\u00f3cios e com a FENS o trabalho dos empreendedores \u00e9 valorizado.\u201d<\/p>\n\n\n\n<p>\u201cFicamos muito felizes com a ades\u00e3o dos empreendedores de Jundia\u00ed. Isso mostra a for\u00e7a de trabalho do nosso munic\u00edpio e o quanto \u00e9 importante realizarmos a\u00e7\u00f5es que valorizam o empreendedor e movimentam a nossa economia. O n\u00famero recorde de inscri\u00e7\u00f5es nos d\u00e1 certeza de que a FENS \u00e9 um dos caminhos para o fomento do empreendedorismo e da gera\u00e7\u00e3o de renda\u201d, disse a diretora de Planejamento, Gest\u00e3o e Finan\u00e7as, Bruna Lazarini.<\/p>\n\n\n\n<p><strong><em>( Fonte\/ Imagem: Prefeitura de Jundia\u00ed)<\/em><\/strong><\/p>\n","protected":false},"excerpt":{"rendered":"<p>A 2\u00aa FENS acontecer\u00e1 em dois finais de semana \u2013 nos dias 3, 4 e 5 de mar\u00e7o e 10, 11 e 12 de mar\u00e7o de 2023 \u2013 no Parque Comendador Antonio Carbonari \u2013 Parque da Uva.<\/p>\n","protected":false},"author":27,"featured_media":101928,"comment_status":"closed","ping_status":"0","sticky":false,"template":"","format":"standard","meta":{"footnotes":""},"categories":[8356,1],"tags":[],"class_list":["post-101927","post","type-post","status-publish","format-standard","has-post-thumbnail","hentry","category-jundiai","category-noticias"],"_links":{"self":[{"href":"https:\/\/tvtecjundiai.com.br\/news\/wp-json\/wp\/v2\/posts\/101927","targetHints":{"allow":["GET"]}}],"collection":[{"href":"https:\/\/tvtecjundiai.com.br\/news\/wp-json\/wp\/v2\/posts"}],"about":[{"href":"https:\/\/tvtecjundiai.com.br\/news\/wp-json\/wp\/v2\/types\/post"}],"author":[{"embeddable":true,"href":"https:\/\/tvtecjundiai.com.br\/news\/wp-json\/wp\/v2\/users\/27"}],"replies":[{"embeddable":true,"href":"https:\/\/tvtecjundiai.com.br\/news\/wp-json\/wp\/v2\/comments?post=101927"}],"version-history":[{"count":2,"href":"https:\/\/tvtecjundiai.com.br\/news\/wp-json\/wp\/v2\/posts\/101927\/revisions"}],"predecessor-version":[{"id":101931,"href":"https:\/\/tvtecjundiai.com.br\/news\/wp-json\/wp\/v2\/posts\/101927\/revisions\/101931"}],"wp:featuredmedia":[{"embeddable":true,"href":"https:\/\/tvtecjundiai.com.br\/news\/wp-json\/wp\/v2\/media\/101928"}],"wp:attachment":[{"href":"https:\/\/tvtecjundiai.com.br\/news\/wp-json\/wp\/v2\/media?parent=101927"}],"wp:term":[{"taxonomy":"category","embeddable":true,"href":"https:\/\/tvtecjundiai.com.br\/news\/wp-json\/wp\/v2\/categories?post=101927"},{"taxonomy":"post_tag","embeddable":true,"href":"https:\/\/tvtecjundiai.com.br\/news\/wp-json\/wp\/v2\/tags?post=101927"}],"curies":[{"name":"wp","href":"https:\/\/api.w.org\/{rel}","templated":true}]}}