{"id":101943,"date":"2022-12-06T09:19:17","date_gmt":"2022-12-06T12:19:17","guid":{"rendered":"https:\/\/tvtecjundiai.com.br\/news\/?p=101943"},"modified":"2022-12-06T10:37:49","modified_gmt":"2022-12-06T13:37:49","slug":"projeto-musicalizacao-infantil-faz-primeira-apresentacao-na-fabrica-das-infancias1","status":"publish","type":"post","link":"https:\/\/tvtecjundiai.com.br\/news\/2022\/12\/06\/projeto-musicalizacao-infantil-faz-primeira-apresentacao-na-fabrica-das-infancias1\/","title":{"rendered":"Projeto Musicaliza\u00e7\u00e3o Infantil faz primeira apresenta\u00e7\u00e3o na F\u00e1brica das Inf\u00e2ncias nesta quarta-feira (07)"},"content":{"rendered":"\n<p>A F\u00e1brica das Inf\u00e2ncias Japy recebe nesta quarta-feira (07), a partir das 16h30, a primeira apresenta\u00e7\u00e3o oficial da primeira turma do projeto de Musicaliza\u00e7\u00e3o Infantil (pr\u00e9-coral), que tem como n\u00facleo de ensaios a pr\u00f3pria F\u00e1brica. A apresenta\u00e7\u00e3o gratuita faz parte da&nbsp;<a rel=\"noreferrer noopener\" href=\"https:\/\/jundiai.sp.gov.br\/circuitonatalluz\/\" target=\"_blank\">programa\u00e7\u00e3o do Circuito Natal Luz Jundia\u00ed 2022<\/a>, uma iniciativa da Prefeitura de Jundia\u00ed com parceiros.<\/p>\n\n\n\n<p>A apresenta\u00e7\u00e3o oficial, segundo a coordenadora e diretora art\u00edstica do projeto, Vasti Atique, ter\u00e1 formato de aula aberta, mostrando aos pais e convidados o que as crian\u00e7as aprenderam de agosto at\u00e9 o momento, por meio das atividades l\u00fadicas e das m\u00fasicas que formam o repert\u00f3rio do grupo. \u201cSer\u00e3o 20 crian\u00e7as, sob a reg\u00eancia da J\u00e9ssica Vieira e acompanhamento da pianista Mariana Borges, que certamente ir\u00e3o surpreender e emocionar a plateia\u201d.<\/p>\n\n\n\n<figure class=\"wp-block-image size-large\"><img loading=\"lazy\" decoding=\"async\" width=\"1200\" height=\"801\" src=\"https:\/\/tvtecjundiai.com.br\/news\/wp-content\/uploads\/sites\/2\/2022\/12\/fabrica-das-infancias-japy-oficina-de-musicalizacao-infantil-pre-coral_fm_-9-1280x854-1-1200x801.jpg\" alt=\"\" class=\"wp-image-101944\" srcset=\"https:\/\/tvtecjundiai.com.br\/news\/wp-content\/uploads\/sites\/2\/2022\/12\/fabrica-das-infancias-japy-oficina-de-musicalizacao-infantil-pre-coral_fm_-9-1280x854-1-1200x801.jpg 1200w, https:\/\/tvtecjundiai.com.br\/news\/wp-content\/uploads\/sites\/2\/2022\/12\/fabrica-das-infancias-japy-oficina-de-musicalizacao-infantil-pre-coral_fm_-9-1280x854-1-300x200.jpg 300w, https:\/\/tvtecjundiai.com.br\/news\/wp-content\/uploads\/sites\/2\/2022\/12\/fabrica-das-infancias-japy-oficina-de-musicalizacao-infantil-pre-coral_fm_-9-1280x854-1-768x512.jpg 768w, https:\/\/tvtecjundiai.com.br\/news\/wp-content\/uploads\/sites\/2\/2022\/12\/fabrica-das-infancias-japy-oficina-de-musicalizacao-infantil-pre-coral_fm_-9-1280x854-1.jpg 1280w\" sizes=\"auto, (max-width: 1200px) 100vw, 1200px\" \/><figcaption class=\"wp-element-caption\">Em formato de aula aberta, crian\u00e7ada que comp\u00f5e o n\u00facleo apresenta-se pela primeira vez nesta quarta-feira (07)<br><\/figcaption><\/figure>\n\n\n\n<p>O projeto de Musicaliza\u00e7\u00e3o Infantil \u00e9 uma realiza\u00e7\u00e3o da Unidade de Gest\u00e3o de Cultura (UGC) e faz parte das a\u00e7\u00f5es do programa municipal Cidade das Crian\u00e7as, voltado para crian\u00e7as dos cinco aos seis anos, uma proposta de trabalho que visa promover o ensino musical de qualidade, contribuindo assim, para a forma\u00e7\u00e3o sociocultural das crian\u00e7as da comunidade jundiaiense.<\/p>\n\n\n\n<p>Para o gestor de Cultura, Marcelo Peroni, o projeto se desenvolve por meio de jogos e brincadeiras musicais, exercitando a concentra\u00e7\u00e3o, mem\u00f3ria, o trabalho em grupo, o respeito ao pr\u00f3ximo, a criatividade e muitas outras atividades que est\u00e3o proporcionando a cada uma delas dias muito mais alegres e pleno desenvolvimentos das sinapses cerebrais na fase mais importante&nbsp;de&nbsp;suas&nbsp;vidas.<\/p>\n\n\n\n<p>Paralelo ao projeto, a UGC mant\u00e9m ainda dois n\u00facleos do Coral Infantojuvenil Cidade das Crian\u00e7as, um no Espa\u00e7o Expressa (antigo Complexo Fepasa) e outro no Retiro.<\/p>\n\n\n\n<p>A F\u00e1brica das Inf\u00e2ncias Japy est\u00e1 localizada na rua Lacerda Franco, 175 \u2013 Vila Arens. Seu funcionamento \u00e9 de ter\u00e7a a sexta-feira, das 9h \u00e0s 17h; e aos s\u00e1bados, domingos e feriados, das 9h \u00e0s 13h. A entrada de visitantes ser\u00e1 permitida somente at\u00e9 30 minutos antes do hor\u00e1rio de fechamento. \u00c0s segundas-feiras, o espa\u00e7o permanece fechado para manuten\u00e7\u00f5es de rotina e limpeza em geral. Mais informa\u00e7\u00f5es (11) 4521-0971.<\/p>\n\n\n\n<p><strong><em>( Fonte\/ Imagem: Prefeitura de Jundia\u00ed)<\/em><\/strong><\/p>\n","protected":false},"excerpt":{"rendered":"<p>O projeto faz parte das a\u00e7\u00f5es do programa municipal Cidade das Crian\u00e7as<\/p>\n","protected":false},"author":27,"featured_media":101944,"comment_status":"closed","ping_status":"0","sticky":false,"template":"","format":"standard","meta":{"footnotes":""},"categories":[8356,1],"tags":[],"class_list":["post-101943","post","type-post","status-publish","format-standard","has-post-thumbnail","hentry","category-jundiai","category-noticias"],"_links":{"self":[{"href":"https:\/\/tvtecjundiai.com.br\/news\/wp-json\/wp\/v2\/posts\/101943","targetHints":{"allow":["GET"]}}],"collection":[{"href":"https:\/\/tvtecjundiai.com.br\/news\/wp-json\/wp\/v2\/posts"}],"about":[{"href":"https:\/\/tvtecjundiai.com.br\/news\/wp-json\/wp\/v2\/types\/post"}],"author":[{"embeddable":true,"href":"https:\/\/tvtecjundiai.com.br\/news\/wp-json\/wp\/v2\/users\/27"}],"replies":[{"embeddable":true,"href":"https:\/\/tvtecjundiai.com.br\/news\/wp-json\/wp\/v2\/comments?post=101943"}],"version-history":[{"count":3,"href":"https:\/\/tvtecjundiai.com.br\/news\/wp-json\/wp\/v2\/posts\/101943\/revisions"}],"predecessor-version":[{"id":101963,"href":"https:\/\/tvtecjundiai.com.br\/news\/wp-json\/wp\/v2\/posts\/101943\/revisions\/101963"}],"wp:featuredmedia":[{"embeddable":true,"href":"https:\/\/tvtecjundiai.com.br\/news\/wp-json\/wp\/v2\/media\/101944"}],"wp:attachment":[{"href":"https:\/\/tvtecjundiai.com.br\/news\/wp-json\/wp\/v2\/media?parent=101943"}],"wp:term":[{"taxonomy":"category","embeddable":true,"href":"https:\/\/tvtecjundiai.com.br\/news\/wp-json\/wp\/v2\/categories?post=101943"},{"taxonomy":"post_tag","embeddable":true,"href":"https:\/\/tvtecjundiai.com.br\/news\/wp-json\/wp\/v2\/tags?post=101943"}],"curies":[{"name":"wp","href":"https:\/\/api.w.org\/{rel}","templated":true}]}}