{"id":101968,"date":"2022-12-16T09:00:00","date_gmt":"2022-12-16T12:00:00","guid":{"rendered":"https:\/\/tvtecjundiai.com.br\/news\/?p=101968"},"modified":"2022-12-19T09:44:20","modified_gmt":"2022-12-19T12:44:20","slug":"retrospectiva-descubra-jundiai-2022-lugares-incriveis-que-voce-precisa-conhecer","status":"publish","type":"post","link":"https:\/\/tvtecjundiai.com.br\/news\/2022\/12\/16\/retrospectiva-descubra-jundiai-2022-lugares-incriveis-que-voce-precisa-conhecer\/","title":{"rendered":"Retrospectiva Descubra Jundia\u00ed 2022: lugares incr\u00edveis que voc\u00ea precisa conhecer"},"content":{"rendered":"\n<p>O ano de 2022 foi muito especial para o apresentador M\u00e1rcio Miguel e o quadro &#8220;Descubra Jundia\u00ed&#8221;. O programa, que vai ao ar no Facebook, YouTube e Instagram da TVTEC toda ter\u00e7a-feira, \u00e0s 19h, visitou mais de 30 lugares na cidade e mostrou que Jundia\u00ed tem muito a oferecer para sua popula\u00e7\u00e3o e para os visitantes.<\/p>\n\n\n<div class=\"wp-block-image\">\n<figure class=\"aligncenter size-full is-resized\"><img loading=\"lazy\" decoding=\"async\" src=\"https:\/\/tvtecjundiai.com.br\/news\/wp-content\/uploads\/sites\/2\/2022\/12\/fliperama-bar-club-jundiai.png\" alt=\"\" class=\"wp-image-102293\" width=\"629\" height=\"420\" srcset=\"https:\/\/tvtecjundiai.com.br\/news\/wp-content\/uploads\/sites\/2\/2022\/12\/fliperama-bar-club-jundiai.png 900w, https:\/\/tvtecjundiai.com.br\/news\/wp-content\/uploads\/sites\/2\/2022\/12\/fliperama-bar-club-jundiai-300x201.png 300w, https:\/\/tvtecjundiai.com.br\/news\/wp-content\/uploads\/sites\/2\/2022\/12\/fliperama-bar-club-jundiai-768x514.png 768w\" sizes=\"auto, (max-width: 629px) 100vw, 629px\" \/><figcaption class=\"wp-element-caption\">Foto: Fliperama Bar Club\/Divulga\u00e7\u00e3o<\/figcaption><\/figure>\n<\/div>\n\n\n<p>Separamos 9 lugares incr\u00edveis que o Descubra visitou em 2022.<\/p>\n\n\n\n<p><strong>Vale Azul:<\/strong> situado no bairro do Caxambu, \u00e9 perfeito para relaxar e curtir a natureza.<\/p>\n\n\n\n<p><strong>Parque Linear<\/strong> <strong>Gon\u00e7alo de Souza: <\/strong>localizado na rua Jos\u00e9 Firmino Tem\u00f3teo, 468, no Parque da Represa, fica aberto 24 horas. <\/p>\n\n\n\n<p><strong>Varej\u00e3o noturno Eloy Chaves<\/strong>: localizado entre as ruas Carlos Veiga e Dante Belodi, no Parque Eloy Chaves. Acontece toda quarta-feira, a partir das 17h.<\/p>\n\n\n\n<p><strong>Tenda Esp\u00edrita de Umbanda S\u00e3o Cosme e S\u00e3o Dami\u00e3o: <\/strong>o espa\u00e7o, que fica na rua Jos\u00e9 G\u00e1spari Sobrinho, 430, no Vianelo, tem mais de 60 anos de hist\u00f3ria!<\/p>\n\n\n\n<p><strong>Butequim du Marcelo: <\/strong>localizado no Caxambu, na avenida Humberto Cereser, 5090, \u00e9 ideal para passar um tempo com a fam\u00edlia e amigos de maneira descontra\u00edda.<\/p>\n\n\n\n<p><strong>Emp\u00f3rio Terra da Uva: <\/strong>dentro do Mercad\u00e3o da Ferrovi\u00e1rios, o emp\u00f3rio re\u00fane produtos de diferentes comerciantes e regi\u00f5es de Jundia\u00ed, como vinhos, massas, geleias e muito mais.<\/p>\n\n\n\n<p><strong>Parque da Cidade: <\/strong>funcionando h\u00e1 18 anos e localizado no km 66 da rodovia Jo\u00e3o Cereser, o Parque da Cidade \u00e9 o destino perfeito para toda fam\u00edlia.<\/p>\n\n\n\n<p><strong>S\u00edtio Fontebasso:<\/strong> localizado na avenida Humberto Cereser, 7405, desperta em seus visitantes uma sensa\u00e7\u00e3o de aconchego e felicidade. \u00c9 perfeito para reunir a fam\u00edlia.<\/p>\n\n\n\n<p><strong>Fliperama Bar Club: <\/strong>este lugar, que fica na rua S\u00e3o L\u00e1zaro, 415, no Jardim Morumbi, te faz voltar aos anos 80 com jogos de fliperama, p\u00f4steres e boa comida.<\/p>\n\n\n\n<p><strong>Assista estes e outros Descubras na nossa playlist!<\/strong><\/p>\n\n\n\n<figure class=\"wp-block-embed is-type-video is-provider-youtube wp-block-embed-youtube wp-embed-aspect-16-9 wp-has-aspect-ratio\"><div class=\"wp-block-embed__wrapper\">\n<iframe loading=\"lazy\" title=\"Descubra Jundia\u00ed: Parque Linear Gon\u00e7alo de Souza\" width=\"500\" height=\"281\" src=\"https:\/\/www.youtube.com\/embed\/REJ6733-8h0?list=PL55Jvjz-3jrgNmn0z2kW3Og6dLTliHk13\" frameborder=\"0\" allow=\"accelerometer; autoplay; clipboard-write; encrypted-media; gyroscope; picture-in-picture; web-share\" referrerpolicy=\"strict-origin-when-cross-origin\" allowfullscreen><\/iframe>\n<\/div><\/figure>\n\n\n\n<p><\/p>\n\n\n\n<p><strong><em>(Fonte e V\u00eddeo: TVTEC Jundia\u00ed\/Imagem: Fliperama Bar Club\/Divulga\u00e7\u00e3o)<\/em><\/strong><\/p>\n","protected":false},"excerpt":{"rendered":"<p>O programa vai ao ar no Facebook, YouTube e Instagram toda ter\u00e7a-feira, \u00e0s 19h<\/p>\n","protected":false},"author":30,"featured_media":102293,"comment_status":"closed","ping_status":"0","sticky":false,"template":"","format":"standard","meta":{"footnotes":""},"categories":[8356,8354,1],"tags":[],"class_list":["post-101968","post","type-post","status-publish","format-standard","has-post-thumbnail","hentry","category-jundiai","category-lazer","category-noticias"],"_links":{"self":[{"href":"https:\/\/tvtecjundiai.com.br\/news\/wp-json\/wp\/v2\/posts\/101968","targetHints":{"allow":["GET"]}}],"collection":[{"href":"https:\/\/tvtecjundiai.com.br\/news\/wp-json\/wp\/v2\/posts"}],"about":[{"href":"https:\/\/tvtecjundiai.com.br\/news\/wp-json\/wp\/v2\/types\/post"}],"author":[{"embeddable":true,"href":"https:\/\/tvtecjundiai.com.br\/news\/wp-json\/wp\/v2\/users\/30"}],"replies":[{"embeddable":true,"href":"https:\/\/tvtecjundiai.com.br\/news\/wp-json\/wp\/v2\/comments?post=101968"}],"version-history":[{"count":10,"href":"https:\/\/tvtecjundiai.com.br\/news\/wp-json\/wp\/v2\/posts\/101968\/revisions"}],"predecessor-version":[{"id":102727,"href":"https:\/\/tvtecjundiai.com.br\/news\/wp-json\/wp\/v2\/posts\/101968\/revisions\/102727"}],"wp:featuredmedia":[{"embeddable":true,"href":"https:\/\/tvtecjundiai.com.br\/news\/wp-json\/wp\/v2\/media\/102293"}],"wp:attachment":[{"href":"https:\/\/tvtecjundiai.com.br\/news\/wp-json\/wp\/v2\/media?parent=101968"}],"wp:term":[{"taxonomy":"category","embeddable":true,"href":"https:\/\/tvtecjundiai.com.br\/news\/wp-json\/wp\/v2\/categories?post=101968"},{"taxonomy":"post_tag","embeddable":true,"href":"https:\/\/tvtecjundiai.com.br\/news\/wp-json\/wp\/v2\/tags?post=101968"}],"curies":[{"name":"wp","href":"https:\/\/api.w.org\/{rel}","templated":true}]}}