{"id":10205,"date":"2018-05-11T14:27:26","date_gmt":"2018-05-11T17:27:26","guid":{"rendered":"https:\/\/tvtecjundiai.com.br\/news\/?p=10205"},"modified":"2018-05-11T14:44:41","modified_gmt":"2018-05-11T17:44:41","slug":"atividades-no-centro-nautico-do-parque-da-cidade-voltam-neste-sabado-12","status":"publish","type":"post","link":"https:\/\/tvtecjundiai.com.br\/news\/2018\/05\/11\/atividades-no-centro-nautico-do-parque-da-cidade-voltam-neste-sabado-12\/","title":{"rendered":"Atividades no Centro N\u00e1utico do Parque da Cidade voltam neste s\u00e1bado (12)"},"content":{"rendered":"<div id=\"attachment_10208\" style=\"width: 410px\" class=\"wp-caption alignright\"><a href=\"https:\/\/tvtecjundiai.com.br\/news\/wp-content\/uploads\/sites\/2\/2018\/05\/sup-day-parque-da-cidade-esporte-102_G.jpg\"><img loading=\"lazy\" decoding=\"async\" aria-describedby=\"caption-attachment-10208\" class=\"wp-image-10208\" src=\"https:\/\/tvtecjundiai.com.br\/news\/wp-content\/uploads\/sites\/2\/2018\/05\/sup-day-parque-da-cidade-esporte-102_G-300x196.jpg\" alt=\"\" width=\"400\" height=\"262\" srcset=\"https:\/\/tvtecjundiai.com.br\/news\/wp-content\/uploads\/sites\/2\/2018\/05\/sup-day-parque-da-cidade-esporte-102_G-300x196.jpg 300w, https:\/\/tvtecjundiai.com.br\/news\/wp-content\/uploads\/sites\/2\/2018\/05\/sup-day-parque-da-cidade-esporte-102_G-768x503.jpg 768w, https:\/\/tvtecjundiai.com.br\/news\/wp-content\/uploads\/sites\/2\/2018\/05\/sup-day-parque-da-cidade-esporte-102_G-1200x786.jpg 1200w, https:\/\/tvtecjundiai.com.br\/news\/wp-content\/uploads\/sites\/2\/2018\/05\/sup-day-parque-da-cidade-esporte-102_G.jpg 1240w\" sizes=\"auto, (max-width: 400px) 100vw, 400px\" \/><\/a><p id=\"caption-attachment-10208\" class=\"wp-caption-text\">A navega\u00e7\u00e3o ser\u00e1 permitida de quarta-feira a domingo e feriados, das 8h \u00e0s 16h30<\/p><\/div>\n<p style=\"font-weight: 400;\">A DAE Jundia\u00ed libera, a partir deste s\u00e1bado (12), as atividades no Centro N\u00e1utico do Parque da Cidade.\u00a0Ser\u00e3o permitidas as atividades e embarca\u00e7\u00f5es de pequeno porte que n\u00e3o utilizam motor, como caiaque,\u00a0<em>stand-up paddle<\/em>, w<em>indsurf<\/em>\u00a0e veleiros, uma vez que o Centro N\u00e1utico est\u00e1 localizado na represa de Acumula\u00e7\u00e3o, que \u00e9 respons\u00e1vel por armazenar a \u00e1gua que faz o abastecimento do munic\u00edpio.<\/p>\n<p style=\"font-weight: 400;\">Nessa primeira etapa, poder\u00e3o utilizar o Centro N\u00e1utico as pessoas que j\u00e1 participaram da capacita\u00e7\u00e3o do Parque da Cidade e que possuem equipamento pr\u00f3prio. Al\u00e9m disso, \u00e9 preciso ficar atento a outros requisitos, como ter idade m\u00ednima de nove anos e estar acompanhado de pais ou respons\u00e1veis legais, saber nadar e utilizar roupas de banho e colete salva-vidas durante todas as atividades na \u00e1gua.<\/p>\n<p style=\"font-weight: 400;\">\u201cEm um segundo momento, voltaremos com a capacita\u00e7\u00e3o de novos frequentadores e tamb\u00e9m na aquisi\u00e7\u00e3o de equipamentos\u201d, explica o assessor da Presid\u00eancia da DAE Julio Lamarca.<\/p>\n<p style=\"font-weight: 400;\">Para ingressar na represa ser\u00e1 necess\u00e1rio apresentar documento com foto para a confirma\u00e7\u00e3o do cadastro no Centro N\u00e1utico. A navega\u00e7\u00e3o ser\u00e1 permitida de quarta-feira a domingo e feriados, das 8h \u00e0s 16h30, com entrada liberada at\u00e9 as 16 horas.<\/p>\n<p style=\"font-weight: 400;\">Para conferir o regulamento do Centro N\u00e1utico, os frequentadores podem acessar o <a href=\"https:\/\/parquedacidade.jundiai.sp.gov.br\/regulamento\/\">site do Parque da Cidade<\/a>.\u00a0O Parque da Cidade, que \u00e9 administrado pela DAE Jundia\u00ed, fica na rodovia Jo\u00e3o Cereser, Km 66.<\/p>\n<p><em>Fonte: Assessoria de Imprensa DAE Jundia\u00ed<\/em><\/p>\n","protected":false},"excerpt":{"rendered":"<p>Caiaque,\u00a0stand-up paddle, windsurf\u00a0e veleiros ser\u00e3o permitidos na represa<\/p>\n","protected":false},"author":10,"featured_media":10206,"comment_status":"closed","ping_status":"closed","sticky":false,"template":"","format":"standard","meta":{"footnotes":""},"categories":[2834,2827],"tags":[3158,5,623,15],"class_list":["post-10205","post","type-post","status-publish","format-standard","has-post-thumbnail","hentry","category-cidades","category-esportes-e-lazer","tag-centro-nautico","tag-jundiai","tag-parque-da-cidade","tag-tvtec"],"_links":{"self":[{"href":"https:\/\/tvtecjundiai.com.br\/news\/wp-json\/wp\/v2\/posts\/10205","targetHints":{"allow":["GET"]}}],"collection":[{"href":"https:\/\/tvtecjundiai.com.br\/news\/wp-json\/wp\/v2\/posts"}],"about":[{"href":"https:\/\/tvtecjundiai.com.br\/news\/wp-json\/wp\/v2\/types\/post"}],"author":[{"embeddable":true,"href":"https:\/\/tvtecjundiai.com.br\/news\/wp-json\/wp\/v2\/users\/10"}],"replies":[{"embeddable":true,"href":"https:\/\/tvtecjundiai.com.br\/news\/wp-json\/wp\/v2\/comments?post=10205"}],"version-history":[{"count":3,"href":"https:\/\/tvtecjundiai.com.br\/news\/wp-json\/wp\/v2\/posts\/10205\/revisions"}],"predecessor-version":[{"id":10210,"href":"https:\/\/tvtecjundiai.com.br\/news\/wp-json\/wp\/v2\/posts\/10205\/revisions\/10210"}],"wp:featuredmedia":[{"embeddable":true,"href":"https:\/\/tvtecjundiai.com.br\/news\/wp-json\/wp\/v2\/media\/10206"}],"wp:attachment":[{"href":"https:\/\/tvtecjundiai.com.br\/news\/wp-json\/wp\/v2\/media?parent=10205"}],"wp:term":[{"taxonomy":"category","embeddable":true,"href":"https:\/\/tvtecjundiai.com.br\/news\/wp-json\/wp\/v2\/categories?post=10205"},{"taxonomy":"post_tag","embeddable":true,"href":"https:\/\/tvtecjundiai.com.br\/news\/wp-json\/wp\/v2\/tags?post=10205"}],"curies":[{"name":"wp","href":"https:\/\/api.w.org\/{rel}","templated":true}]}}