{"id":102074,"date":"2022-12-07T11:46:28","date_gmt":"2022-12-07T14:46:28","guid":{"rendered":"https:\/\/tvtecjundiai.com.br\/news\/?p=102074"},"modified":"2022-12-07T11:47:31","modified_gmt":"2022-12-07T14:47:31","slug":"funss-workshop-de-sorvetes-tem-data-alterada-e-turma-definida","status":"publish","type":"post","link":"https:\/\/tvtecjundiai.com.br\/news\/2022\/12\/07\/funss-workshop-de-sorvetes-tem-data-alterada-e-turma-definida\/","title":{"rendered":"Funss: workshop de Sorvetes tem data alterada e turma definida"},"content":{"rendered":"\n<p>O Fundo Social de Solidariedade de Jundia\u00ed (Funss) divulga, nesta quarta-feira (07), a lista com os nomes dos alunos contemplados no Workshop de Sorvetes. A turma, que estava prevista para ocorrer neste m\u00eas, teve sua data alterada. Agora, a capacita\u00e7\u00e3o que ensinar\u00e1 o preparo da sobremesa ser\u00e1 realizada no dia&nbsp;<strong>24 de janeiro de 2023, das 13h \u00e0s 17h<\/strong>, na sede do Funss, que fica dentro do Parque da Uva.&nbsp;Confira a listagem, abaixo:<\/p>\n\n\n\n<p>1.&nbsp;&nbsp;&nbsp;&nbsp;&nbsp;&nbsp;Franciele da Silva<\/p>\n\n\n\n<p>2.&nbsp;&nbsp;&nbsp;&nbsp;&nbsp;&nbsp;Ana Carolina Mariko Moribe<\/p>\n\n\n\n<p>3.&nbsp;&nbsp;&nbsp;&nbsp;&nbsp;&nbsp;Samara Amaral dos Santos<\/p>\n\n\n\n<p>4.&nbsp;&nbsp;&nbsp;&nbsp;&nbsp;&nbsp;Graziela Pistarini<\/p>\n\n\n\n<p>5.&nbsp;&nbsp;&nbsp;&nbsp;&nbsp;&nbsp;Juliana Rose Salvador<\/p>\n\n\n\n<p>6.&nbsp;&nbsp;&nbsp;&nbsp;&nbsp;&nbsp;Maria Jackeline Guerra Arruda<\/p>\n\n\n\n<p>7.&nbsp;&nbsp;&nbsp;&nbsp;&nbsp;&nbsp;Ju\u00e7ara Crisostomo Ruzza<\/p>\n\n\n\n<p>8.&nbsp;&nbsp;&nbsp;&nbsp;&nbsp;&nbsp;Ana Paula Marcelo Doutel<\/p>\n\n\n\n<p>9.&nbsp;&nbsp;&nbsp;&nbsp;&nbsp;&nbsp;Fernanda Farinha Ferreira<\/p>\n\n\n\n<p>10.&nbsp;&nbsp;Val\u00e9ria da Silva Santos<\/p>\n\n\n\n<p>11.&nbsp;&nbsp;Maria Rita Baialuna dos Santos<\/p>\n\n\n\n<p>12.&nbsp;&nbsp;Heloise de Fatima Pagotto<\/p>\n\n\n\n<p>13.&nbsp;&nbsp;Bruna Reis<\/p>\n\n\n\n<p>14.&nbsp;&nbsp;Daniele Niero Ferreira<\/p>\n\n\n\n<p>15.&nbsp;&nbsp;Luciana Costa Silva<\/p>\n\n\n\n<p>16.&nbsp;&nbsp;Karina Aparecida da Silva Rocha<\/p>\n\n\n\n<p>17.&nbsp;&nbsp;Cristina Ap da Silva<\/p>\n\n\n\n<p>18.&nbsp;&nbsp;Daniela Dias de Toledo Leite<\/p>\n\n\n\n<p>19.&nbsp;&nbsp;Claudia de Toledo de Lima<\/p>\n\n\n\n<p>20.&nbsp;&nbsp;Gisele Aparecida Machado Zomignan<\/p>\n\n\n\n<figure class=\"wp-block-image size-large\"><img loading=\"lazy\" decoding=\"async\" width=\"1200\" height=\"801\" src=\"https:\/\/tvtecjundiai.com.br\/news\/wp-content\/uploads\/sites\/2\/2022\/12\/inscricao_funss-1200x801.jpg\" alt=\"\" class=\"wp-image-102075\" srcset=\"https:\/\/tvtecjundiai.com.br\/news\/wp-content\/uploads\/sites\/2\/2022\/12\/inscricao_funss-1200x801.jpg 1200w, https:\/\/tvtecjundiai.com.br\/news\/wp-content\/uploads\/sites\/2\/2022\/12\/inscricao_funss-300x200.jpg 300w, https:\/\/tvtecjundiai.com.br\/news\/wp-content\/uploads\/sites\/2\/2022\/12\/inscricao_funss-768x512.jpg 768w, https:\/\/tvtecjundiai.com.br\/news\/wp-content\/uploads\/sites\/2\/2022\/12\/inscricao_funss.jpg 1280w\" sizes=\"auto, (max-width: 1200px) 100vw, 1200px\" \/><\/figure>\n\n\n\n<p>Aos alunos selecionados, ser\u00e3o enviados dados detalhados sobre o workshop por meio do contato de WhatsApp informado no ato da pr\u00e9-inscri\u00e7\u00e3o. J\u00e1 os formul\u00e1rios enviados e n\u00e3o contemplados est\u00e3o, automaticamente, na lista de espera e os interessados poder\u00e3o ser convocados em caso de desist\u00eancia.<\/p>\n\n\n\n<p>A capacita\u00e7\u00e3o ocorrer\u00e1 na sede do Fundo Social, dentro do Parque da Uva. O acesso \u00e9 pela avenida Dona Manoela Lacerda de Vergueiro, s\/n, port\u00e3o 03, bairro Anhangaba\u00fa. O funcionamento da unidade \u00e9 de segunda a sexta-feira, das 8h \u00e0s 17h, exceto feriados. Informa\u00e7\u00f5es pelos telefones (11) 4589-6319, 4589-6320, 4589-6322.<\/p>\n\n\n\n<p><strong><em>( Fonte\/ Imagem: Prefeitura de Jundia\u00ed)<\/em><\/strong><\/p>\n","protected":false},"excerpt":{"rendered":"<p>Agora, a capacita\u00e7\u00e3o que ensinar\u00e1 o preparo da sobremesa ser\u00e1 realizada no dia 24 de janeiro de 2023, das 13h \u00e0s 17h.<\/p>\n","protected":false},"author":27,"featured_media":102075,"comment_status":"closed","ping_status":"0","sticky":false,"template":"","format":"standard","meta":{"footnotes":""},"categories":[8356,1],"tags":[],"class_list":["post-102074","post","type-post","status-publish","format-standard","has-post-thumbnail","hentry","category-jundiai","category-noticias"],"_links":{"self":[{"href":"https:\/\/tvtecjundiai.com.br\/news\/wp-json\/wp\/v2\/posts\/102074","targetHints":{"allow":["GET"]}}],"collection":[{"href":"https:\/\/tvtecjundiai.com.br\/news\/wp-json\/wp\/v2\/posts"}],"about":[{"href":"https:\/\/tvtecjundiai.com.br\/news\/wp-json\/wp\/v2\/types\/post"}],"author":[{"embeddable":true,"href":"https:\/\/tvtecjundiai.com.br\/news\/wp-json\/wp\/v2\/users\/27"}],"replies":[{"embeddable":true,"href":"https:\/\/tvtecjundiai.com.br\/news\/wp-json\/wp\/v2\/comments?post=102074"}],"version-history":[{"count":2,"href":"https:\/\/tvtecjundiai.com.br\/news\/wp-json\/wp\/v2\/posts\/102074\/revisions"}],"predecessor-version":[{"id":102077,"href":"https:\/\/tvtecjundiai.com.br\/news\/wp-json\/wp\/v2\/posts\/102074\/revisions\/102077"}],"wp:featuredmedia":[{"embeddable":true,"href":"https:\/\/tvtecjundiai.com.br\/news\/wp-json\/wp\/v2\/media\/102075"}],"wp:attachment":[{"href":"https:\/\/tvtecjundiai.com.br\/news\/wp-json\/wp\/v2\/media?parent=102074"}],"wp:term":[{"taxonomy":"category","embeddable":true,"href":"https:\/\/tvtecjundiai.com.br\/news\/wp-json\/wp\/v2\/categories?post=102074"},{"taxonomy":"post_tag","embeddable":true,"href":"https:\/\/tvtecjundiai.com.br\/news\/wp-json\/wp\/v2\/tags?post=102074"}],"curies":[{"name":"wp","href":"https:\/\/api.w.org\/{rel}","templated":true}]}}