{"id":102107,"date":"2022-12-08T09:11:25","date_gmt":"2022-12-08T12:11:25","guid":{"rendered":"https:\/\/tvtecjundiai.com.br\/news\/?p=102107"},"modified":"2022-12-08T09:47:07","modified_gmt":"2022-12-08T12:47:07","slug":"prefeitura-divulga-lista-de-convocacao-de-participantes-para-2a-fens","status":"publish","type":"post","link":"https:\/\/tvtecjundiai.com.br\/news\/2022\/12\/08\/prefeitura-divulga-lista-de-convocacao-de-participantes-para-2a-fens\/","title":{"rendered":"Prefeitura divulga lista de convoca\u00e7\u00e3o de participantes para 2\u00aa FENS"},"content":{"rendered":"\n<p>A Unidade de Desenvolvimento Econ\u00f4mico, Ci\u00eancia e Tecnologia divulgou nesta quarta-feira (7) a lista de empreendedores convocados para confirmar participa\u00e7\u00e3o da 2\u00aa Feira do Empreendedor, Neg\u00f3cios e Servi\u00e7os (FENS).<br><br>Confira a lista:&nbsp;<strong><a href=\"https:\/\/imprensaoficial.jundiai.sp.gov.br\/edicao-5189\/\">https:\/\/imprensaoficial.jundiai.sp.gov.br\/edicao-5189\/<\/a><\/strong><\/p>\n\n\n\n<p>Foram convocados 259 empreendedores no segmento com\u00e9rcio, 80 em servi\u00e7os, 19 no programa Jundia\u00ed Feito \u00e0 M\u00e3o, 25 na modalidade Food Truck e 17 do Programa produtor rural.<\/p>\n\n\n<div class=\"wp-block-image\">\n<figure class=\"aligncenter size-large is-resized\"><img loading=\"lazy\" decoding=\"async\" src=\"https:\/\/tvtecjundiai.com.br\/news\/wp-content\/uploads\/sites\/2\/2022\/12\/52266519747_3cf3a769d4_o-1200x800.jpg\" alt=\"\" class=\"wp-image-102113\" width=\"671\" height=\"447\" srcset=\"https:\/\/tvtecjundiai.com.br\/news\/wp-content\/uploads\/sites\/2\/2022\/12\/52266519747_3cf3a769d4_o-1200x800.jpg 1200w, https:\/\/tvtecjundiai.com.br\/news\/wp-content\/uploads\/sites\/2\/2022\/12\/52266519747_3cf3a769d4_o-300x200.jpg 300w, https:\/\/tvtecjundiai.com.br\/news\/wp-content\/uploads\/sites\/2\/2022\/12\/52266519747_3cf3a769d4_o-768x512.jpg 768w, https:\/\/tvtecjundiai.com.br\/news\/wp-content\/uploads\/sites\/2\/2022\/12\/52266519747_3cf3a769d4_o.jpg 1280w\" sizes=\"auto, (max-width: 671px) 100vw, 671px\" \/><\/figure>\n<\/div>\n\n\n<p>A 2\u00aa FENS acontecer\u00e1 em dois finais de semana \u2013 nos dias 3, 4 e 5 de mar\u00e7o e 10, 11 e 12 de mar\u00e7o de 2023 \u2013 no Parque Comendador Antonio Carbonari \u2013 Parque da Uva, com empresas diferentes.<\/p>\n\n\n\n<p>Os convocados foram chamados conforme ordem de inscri\u00e7\u00e3o e dever\u00e3o confirmar a inscri\u00e7\u00e3o presencialmente portando os documentos solicitados, na Unidade de Gest\u00e3o de Desenvolvimento Econ\u00f4mico, Ci\u00eancia e Tecnologia (UGDECT), localizada no Pa\u00e7o Municipal, na Avenida da Liberdade, s\/n\u00ba, 6\u00ba andar, ala norte, Jardim Bot\u00e2nico, nesta cidade. A confirma\u00e7\u00e3o da inscri\u00e7\u00e3o pode ser feita do dia 8 de dezembro at\u00e9 o dia 6 de janeiro.<\/p>\n\n\n<div class=\"wp-block-image\">\n<figure class=\"aligncenter size-large is-resized\"><img loading=\"lazy\" decoding=\"async\" src=\"https:\/\/tvtecjundiai.com.br\/news\/wp-content\/uploads\/sites\/2\/2022\/12\/52267974390_fc9af2bb70_o-1200x800.jpg\" alt=\"\" class=\"wp-image-102114\" width=\"692\" height=\"461\" srcset=\"https:\/\/tvtecjundiai.com.br\/news\/wp-content\/uploads\/sites\/2\/2022\/12\/52267974390_fc9af2bb70_o-1200x800.jpg 1200w, https:\/\/tvtecjundiai.com.br\/news\/wp-content\/uploads\/sites\/2\/2022\/12\/52267974390_fc9af2bb70_o-300x200.jpg 300w, https:\/\/tvtecjundiai.com.br\/news\/wp-content\/uploads\/sites\/2\/2022\/12\/52267974390_fc9af2bb70_o-768x512.jpg 768w, https:\/\/tvtecjundiai.com.br\/news\/wp-content\/uploads\/sites\/2\/2022\/12\/52267974390_fc9af2bb70_o.jpg 1280w\" sizes=\"auto, (max-width: 692px) 100vw, 692px\" \/><\/figure>\n<\/div>\n\n\n<p><\/p>\n\n\n\n<p><em><strong>(Fonte\/Imagens: Prefeitura de Jundia\u00ed)<\/strong><\/em><\/p>\n","protected":false},"excerpt":{"rendered":"<p>Foram convocados 400 empreendedores nos segmentos de com\u00e9rcio e servi\u00e7os<\/p>\n","protected":false},"author":30,"featured_media":102114,"comment_status":"closed","ping_status":"0","sticky":false,"template":"","format":"standard","meta":{"footnotes":""},"categories":[29,8362,8356,1],"tags":[],"class_list":["post-102107","post","type-post","status-publish","format-standard","has-post-thumbnail","hentry","category-destaque","category-empreendedorismo","category-jundiai","category-noticias"],"_links":{"self":[{"href":"https:\/\/tvtecjundiai.com.br\/news\/wp-json\/wp\/v2\/posts\/102107","targetHints":{"allow":["GET"]}}],"collection":[{"href":"https:\/\/tvtecjundiai.com.br\/news\/wp-json\/wp\/v2\/posts"}],"about":[{"href":"https:\/\/tvtecjundiai.com.br\/news\/wp-json\/wp\/v2\/types\/post"}],"author":[{"embeddable":true,"href":"https:\/\/tvtecjundiai.com.br\/news\/wp-json\/wp\/v2\/users\/30"}],"replies":[{"embeddable":true,"href":"https:\/\/tvtecjundiai.com.br\/news\/wp-json\/wp\/v2\/comments?post=102107"}],"version-history":[{"count":2,"href":"https:\/\/tvtecjundiai.com.br\/news\/wp-json\/wp\/v2\/posts\/102107\/revisions"}],"predecessor-version":[{"id":102115,"href":"https:\/\/tvtecjundiai.com.br\/news\/wp-json\/wp\/v2\/posts\/102107\/revisions\/102115"}],"wp:featuredmedia":[{"embeddable":true,"href":"https:\/\/tvtecjundiai.com.br\/news\/wp-json\/wp\/v2\/media\/102114"}],"wp:attachment":[{"href":"https:\/\/tvtecjundiai.com.br\/news\/wp-json\/wp\/v2\/media?parent=102107"}],"wp:term":[{"taxonomy":"category","embeddable":true,"href":"https:\/\/tvtecjundiai.com.br\/news\/wp-json\/wp\/v2\/categories?post=102107"},{"taxonomy":"post_tag","embeddable":true,"href":"https:\/\/tvtecjundiai.com.br\/news\/wp-json\/wp\/v2\/tags?post=102107"}],"curies":[{"name":"wp","href":"https:\/\/api.w.org\/{rel}","templated":true}]}}