{"id":102124,"date":"2022-12-08T09:46:38","date_gmt":"2022-12-08T12:46:38","guid":{"rendered":"https:\/\/tvtecjundiai.com.br\/news\/?p=102124"},"modified":"2022-12-08T09:49:38","modified_gmt":"2022-12-08T12:49:38","slug":"esta-aberta-a-votacao-para-o-trofeu-destaque-esportivo-2022","status":"publish","type":"post","link":"https:\/\/tvtecjundiai.com.br\/news\/2022\/12\/08\/esta-aberta-a-votacao-para-o-trofeu-destaque-esportivo-2022\/","title":{"rendered":"Est\u00e1 aberta a vota\u00e7\u00e3o para o Trof\u00e9u Destaque Esportivo 2022"},"content":{"rendered":"\n<p>A vota\u00e7\u00e3o popular on-line para o Trof\u00e9u Destaque Esportivo 2022, que elege o principal atleta jundiaiense do ano j\u00e1 est\u00e1 aberta para todos que queiram participar. Por conta da pandemia, o pr\u00eamio foi paralisado por dois anos, tendo sua \u00faltima edi\u00e7\u00e3o realizada em 2019. O pr\u00eamio \u00e9 organizado pela Unidade de Gest\u00e3o de Esporte e Lazer (UGEL).<\/p>\n\n\n\n<p>Para votar, basta acessar o formul\u00e1rio atrav\u00e9s&nbsp;<a href=\"https:\/\/docs.google.com\/forms\/d\/e\/1FAIpQLSfDMNUJchRS11mWa4ne4SmleorM2FA3TCf0tWDPo7DSP9SqOg\/viewform\">deste link<\/a>&nbsp;e escolher seu atleta favorito. S\u00f3 \u00e9 permitido a vota\u00e7\u00e3o em um participante. A vota\u00e7\u00e3o segue at\u00e9 o dia 11 de dezembro.<\/p>\n\n\n\n<p>\u201cEssa categoria de premia\u00e7\u00e3o se destaca pela participa\u00e7\u00e3o e engajamento da popula\u00e7\u00e3o que pode votar nos atletas indicados e que se destacaram em 2022. Outros atletas do Time Jundia\u00ed ser\u00e3o homenageados na Noite do Esporte e foram indicados pelos t\u00e9cnicos das modalidades\u201d, comenta Marisa Bianco, supervisora da Se\u00e7\u00e3o de Eventos da UGEL.<\/p>\n\n\n\n<p><strong>Confira a lista dos concorrentes:<\/strong><\/p>\n\n\n\n<p>Thomaz Ruan de Moraes \u2013 Finalista Jogos Paral\u00edmpicos de T\u00f3quio<\/p>\n\n\n\n<p>Eduarda Westemaier Ribera (17 anos) \u2013 Representou o Brasil nos Jogos Ol\u00edmpicos de Inverno<\/p>\n\n\n\n<p>Cristian Ribera (19 anos) \u2013 Representou o Brasil nos Jogos Paral\u00edmpicos de Inverno<\/p>\n\n\n\n<p>Lucas Lima (16 anos) \u2013 Campe\u00e3o Pan-Americano de Beach T\u00eanis<\/p>\n\n\n\n<p>Pedro Henrique de Souza Freitas (17 anos) \u2013 Campe\u00e3o Paulista de Jiu-Jitsu<\/p>\n\n\n\n<p>Julinho Martins (15 anos) \u2013 Campe\u00e3o Brasileiro de Jiu-Jitsu<\/p>\n\n\n\n<p>Andrey Toledo (7 anos) \u2013 Campe\u00e3o Brasileiro e Vice Campe\u00e3o Panamericano na Boys 8 anos e 3\u00ba lugar no Pan-Americano e Sudamericano de BMX<\/p>\n\n\n\n<p>Ivan Roberto Sanches (38 anos) \u2013 Campe\u00e3o Brasileiro Amador de Xadrez<\/p>\n\n\n\n<p>Vinicius Gabriel (8 anos) \u2013 Kart \/ Campe\u00e3o Open Brasileiro 2022 (categoria Mirim)<\/p>\n\n\n\n<p>Claudio \u201cNegro\u201d Ribeiro (30 anos) \u2013 Venceu \u201cContender Series\u201d e entrou para o UFC.<\/p>\n\n\n\n<figure class=\"wp-block-image size-full\"><img loading=\"lazy\" decoding=\"async\" width=\"856\" height=\"945\" src=\"https:\/\/tvtecjundiai.com.br\/news\/wp-content\/uploads\/sites\/2\/2022\/12\/trofeeu-certa.jpg\" alt=\"\" class=\"wp-image-102125\" srcset=\"https:\/\/tvtecjundiai.com.br\/news\/wp-content\/uploads\/sites\/2\/2022\/12\/trofeeu-certa.jpg 856w, https:\/\/tvtecjundiai.com.br\/news\/wp-content\/uploads\/sites\/2\/2022\/12\/trofeeu-certa-300x331.jpg 300w, https:\/\/tvtecjundiai.com.br\/news\/wp-content\/uploads\/sites\/2\/2022\/12\/trofeeu-certa-768x848.jpg 768w\" sizes=\"auto, (max-width: 856px) 100vw, 856px\" \/><\/figure>\n\n\n\n<p><strong><em>( Fonte\/ Imagem: Prefeitura de Jundia\u00ed)<\/em><\/strong><\/p>\n","protected":false},"excerpt":{"rendered":"<p>A vota\u00e7\u00e3o segue at\u00e9 o dia 11 de dezembro<\/p>\n","protected":false},"author":27,"featured_media":102125,"comment_status":"closed","ping_status":"0","sticky":false,"template":"","format":"standard","meta":{"footnotes":""},"categories":[2827,8356,1],"tags":[],"class_list":["post-102124","post","type-post","status-publish","format-standard","has-post-thumbnail","hentry","category-esportes-e-lazer","category-jundiai","category-noticias"],"_links":{"self":[{"href":"https:\/\/tvtecjundiai.com.br\/news\/wp-json\/wp\/v2\/posts\/102124","targetHints":{"allow":["GET"]}}],"collection":[{"href":"https:\/\/tvtecjundiai.com.br\/news\/wp-json\/wp\/v2\/posts"}],"about":[{"href":"https:\/\/tvtecjundiai.com.br\/news\/wp-json\/wp\/v2\/types\/post"}],"author":[{"embeddable":true,"href":"https:\/\/tvtecjundiai.com.br\/news\/wp-json\/wp\/v2\/users\/27"}],"replies":[{"embeddable":true,"href":"https:\/\/tvtecjundiai.com.br\/news\/wp-json\/wp\/v2\/comments?post=102124"}],"version-history":[{"count":2,"href":"https:\/\/tvtecjundiai.com.br\/news\/wp-json\/wp\/v2\/posts\/102124\/revisions"}],"predecessor-version":[{"id":102134,"href":"https:\/\/tvtecjundiai.com.br\/news\/wp-json\/wp\/v2\/posts\/102124\/revisions\/102134"}],"wp:featuredmedia":[{"embeddable":true,"href":"https:\/\/tvtecjundiai.com.br\/news\/wp-json\/wp\/v2\/media\/102125"}],"wp:attachment":[{"href":"https:\/\/tvtecjundiai.com.br\/news\/wp-json\/wp\/v2\/media?parent=102124"}],"wp:term":[{"taxonomy":"category","embeddable":true,"href":"https:\/\/tvtecjundiai.com.br\/news\/wp-json\/wp\/v2\/categories?post=102124"},{"taxonomy":"post_tag","embeddable":true,"href":"https:\/\/tvtecjundiai.com.br\/news\/wp-json\/wp\/v2\/tags?post=102124"}],"curies":[{"name":"wp","href":"https:\/\/api.w.org\/{rel}","templated":true}]}}