{"id":102132,"date":"2022-12-08T10:04:07","date_gmt":"2022-12-08T13:04:07","guid":{"rendered":"https:\/\/tvtecjundiai.com.br\/news\/?p=102132"},"modified":"2022-12-08T10:04:12","modified_gmt":"2022-12-08T13:04:12","slug":"jundiai-366-anos-educacao-entrega-curriculo-jundiaiense-atualizado-e-impresso","status":"publish","type":"post","link":"https:\/\/tvtecjundiai.com.br\/news\/2022\/12\/08\/jundiai-366-anos-educacao-entrega-curriculo-jundiaiense-atualizado-e-impresso\/","title":{"rendered":"Jundia\u00ed 366 anos: Educa\u00e7\u00e3o entrega Curr\u00edculo Jundiaiense atualizado e impresso"},"content":{"rendered":"\n<p>A Prefeitura incluiu nesta quarta-feira (7) mais um cap\u00edtulo na evolu\u00e7\u00e3o da hist\u00f3ria da educa\u00e7\u00e3o do Munic\u00edpio: a entrega da vers\u00e3o atualizada do Curr\u00edculo Jundiaiense. O evento \u00e9 uma das<a rel=\"noreferrer noopener\" href=\"https:\/\/jundiai.sp.gov.br\/aniversario\/\" target=\"_blank\">\u00a0a\u00e7\u00f5es comemorativas aos 366 anos de Jundia\u00ed<\/a>\u00a0e reuniu educadores no Complexo Argos.<br><br>Elaborado com a participa\u00e7\u00e3o de 600 educadores da rede municipal, o documento tem tr\u00eas volumes e traz um olhar inovador ao conte\u00fado a ser trabalhado junto aos alunos da Educa\u00e7\u00e3o Infantil, do Ensino Fundamental e da Educa\u00e7\u00e3o de Jovens e Adultos (EJA), adequando a realidade jundiaiense \u00e0s premissas da Base Nacional Comum Curricular (BNCC). Em 2019, quando a cidade completou 364 anos, foi entregue a primeira vers\u00e3o digital.<br><br>\u201cJundia\u00ed avan\u00e7ou nos \u00faltimos anos e investe na educa\u00e7\u00e3o para o desenvolvimento da cidade. N\u00e3o existe outra forma de reduzir as desigualdades sociais se n\u00e3o for por meio dos est\u00edmulos educacionais. O Curr\u00edculo Jundiaiense, que recebemos h\u00e1 dois anos como resultado de um trabalho de v\u00e1rias m\u00e3os e hoje ganha a vers\u00e3o impressa e atualizada, \u00e9 a garantia de pol\u00edticas p\u00fablicas de continuidade, que fortalecem v\u00ednculos, valorizam o potencial de nossos educadores, al\u00e9m de ofertar qualidade ao aprendizado das nossas crian\u00e7as\u201d, destaca o prefeito Luiz Fernando Machado.<\/p>\n\n\n\n<figure class=\"wp-block-image size-large\"><img loading=\"lazy\" decoding=\"async\" width=\"1200\" height=\"801\" src=\"https:\/\/tvtecjundiai.com.br\/news\/wp-content\/uploads\/sites\/2\/2022\/12\/entrega_curriculo_jundiaiense_uge_pa-108-1280x854-1-1200x801.jpg\" alt=\"\" class=\"wp-image-102135\" srcset=\"https:\/\/tvtecjundiai.com.br\/news\/wp-content\/uploads\/sites\/2\/2022\/12\/entrega_curriculo_jundiaiense_uge_pa-108-1280x854-1-1200x801.jpg 1200w, https:\/\/tvtecjundiai.com.br\/news\/wp-content\/uploads\/sites\/2\/2022\/12\/entrega_curriculo_jundiaiense_uge_pa-108-1280x854-1-300x200.jpg 300w, https:\/\/tvtecjundiai.com.br\/news\/wp-content\/uploads\/sites\/2\/2022\/12\/entrega_curriculo_jundiaiense_uge_pa-108-1280x854-1-768x512.jpg 768w, https:\/\/tvtecjundiai.com.br\/news\/wp-content\/uploads\/sites\/2\/2022\/12\/entrega_curriculo_jundiaiense_uge_pa-108-1280x854-1.jpg 1280w\" sizes=\"auto, (max-width: 1200px) 100vw, 1200px\" \/><figcaption class=\"wp-element-caption\">Presente para o Munic\u00edpio: documento constru\u00eddo de maneira coletiva<br><\/figcaption><\/figure>\n\n\n\n<p>O documento apresentado est\u00e1 em linha com as a\u00e7\u00f5es do programa Escola Inovadora. \u201cAtuamos em todas as frentes para assegurar impacto positivo na qualidade do ensino: investimos de forma permanente para oferecer os melhores projetos pedag\u00f3gicos, oferecemos tecnologia educacional, qualifica\u00e7\u00e3o de todos os profissionais e melhorias estruturais das escolas\u201d, aponta o gestor de Governo e Finan\u00e7as, Jos\u00e9 Antonio Parimoschi.<\/p>\n\n\n\n<p>\u201cO Curr\u00edculo Jundiaiense vem ao encontro do que na\u00e7\u00f5es desenvolvidas utilizaram para ter bom resultado na educa\u00e7\u00e3o, que \u00e9 driblar as diferen\u00e7as na oferta de ensino e garantir padr\u00f5es de qualidade para que os estudantes avancem e sejam preparados para o desafio do futuro\u201d, afirma.<\/p>\n\n\n\n<figure class=\"wp-block-image size-large\"><img loading=\"lazy\" decoding=\"async\" width=\"1200\" height=\"801\" src=\"https:\/\/tvtecjundiai.com.br\/news\/wp-content\/uploads\/sites\/2\/2022\/12\/entrega_curriculo_jundiaiense_uge_pa-98-1280x854-1-1200x801.jpg\" alt=\"\" class=\"wp-image-102138\" srcset=\"https:\/\/tvtecjundiai.com.br\/news\/wp-content\/uploads\/sites\/2\/2022\/12\/entrega_curriculo_jundiaiense_uge_pa-98-1280x854-1-1200x801.jpg 1200w, https:\/\/tvtecjundiai.com.br\/news\/wp-content\/uploads\/sites\/2\/2022\/12\/entrega_curriculo_jundiaiense_uge_pa-98-1280x854-1-300x200.jpg 300w, https:\/\/tvtecjundiai.com.br\/news\/wp-content\/uploads\/sites\/2\/2022\/12\/entrega_curriculo_jundiaiense_uge_pa-98-1280x854-1-768x512.jpg 768w, https:\/\/tvtecjundiai.com.br\/news\/wp-content\/uploads\/sites\/2\/2022\/12\/entrega_curriculo_jundiaiense_uge_pa-98-1280x854-1.jpg 1280w\" sizes=\"auto, (max-width: 1200px) 100vw, 1200px\" \/><figcaption class=\"wp-element-caption\">Prefeito Luiz Fernando destaca a import\u00e2ncia da garantia de pol\u00edticas p\u00fablicas de educa\u00e7\u00e3o de continuidade<br><\/figcaption><\/figure>\n\n\n\n<p><strong>Inova\u00e7\u00e3o<\/strong><br>A gestora de Educa\u00e7\u00e3o, Vast\u00ed Ferrari Marques, lembrou que o Curr\u00edculo considera a hist\u00f3ria da rede e traz atualiza\u00e7\u00f5es. \u201cQuando escrevemos um material a tantas m\u00e3os e fazemos uma vers\u00e3o impressa, damos sentido a historicidade. Essa vers\u00e3o final, revisada tecnicamente, traz inova\u00e7\u00e3o, sentido e conte\u00fados importantes para nossos meninos e meninas\u201d, comemora.<br><br>Para a diretora da EMEB Professora Anna Rita Alves Ludke, Karen Merlim, que participou de todo o processo para a constru\u00e7\u00e3o do documento, o sentimento em v\u00ea-lo impresso \u00e9 de gratid\u00e3o. \u201cTer esse documento nas m\u00e3os d\u00e1 tamb\u00e9m um sentimento de pertencimento. O produto final mostra que nossas ideias foram validadas. Para as nossas crian\u00e7as \u00e9 fundamental ter um sistema que garante continuidade de desenvolvimento\u201d, frisa.<br><br>Ainda no evento, o vereador Daniel Lemos representou a C\u00e2mara, j\u00e1 as apresenta\u00e7\u00f5es culturais ficaram por conta do Musicart e dos alunos das EMEBs: Gl\u00f3ria Genovese, Adelino Brand\u00e3o, Anna Rita, Marina Rinaldi e Dina Rosete, al\u00e9m do Centro Municipal de Educa\u00e7\u00e3o de Jovens e Adultos (CMEJA).<\/p>\n\n\n\n<figure class=\"wp-block-image size-large\"><img loading=\"lazy\" decoding=\"async\" width=\"1200\" height=\"801\" src=\"https:\/\/tvtecjundiai.com.br\/news\/wp-content\/uploads\/sites\/2\/2022\/12\/entrega_curriculo_jundiaiense_uge_pa-115-1280x854-1-1200x801.jpg\" alt=\"\" class=\"wp-image-102139\" srcset=\"https:\/\/tvtecjundiai.com.br\/news\/wp-content\/uploads\/sites\/2\/2022\/12\/entrega_curriculo_jundiaiense_uge_pa-115-1280x854-1-1200x801.jpg 1200w, https:\/\/tvtecjundiai.com.br\/news\/wp-content\/uploads\/sites\/2\/2022\/12\/entrega_curriculo_jundiaiense_uge_pa-115-1280x854-1-300x200.jpg 300w, https:\/\/tvtecjundiai.com.br\/news\/wp-content\/uploads\/sites\/2\/2022\/12\/entrega_curriculo_jundiaiense_uge_pa-115-1280x854-1-768x512.jpg 768w, https:\/\/tvtecjundiai.com.br\/news\/wp-content\/uploads\/sites\/2\/2022\/12\/entrega_curriculo_jundiaiense_uge_pa-115-1280x854-1.jpg 1280w\" sizes=\"auto, (max-width: 1200px) 100vw, 1200px\" \/><\/figure>\n\n\n\n<figure class=\"wp-block-image size-large\"><img loading=\"lazy\" decoding=\"async\" width=\"1200\" height=\"801\" src=\"https:\/\/tvtecjundiai.com.br\/news\/wp-content\/uploads\/sites\/2\/2022\/12\/entrega_curriculo_jundiaiense_uge_pa-50-1280x854-1-1200x801.jpg\" alt=\"\" class=\"wp-image-102140\" srcset=\"https:\/\/tvtecjundiai.com.br\/news\/wp-content\/uploads\/sites\/2\/2022\/12\/entrega_curriculo_jundiaiense_uge_pa-50-1280x854-1-1200x801.jpg 1200w, https:\/\/tvtecjundiai.com.br\/news\/wp-content\/uploads\/sites\/2\/2022\/12\/entrega_curriculo_jundiaiense_uge_pa-50-1280x854-1-300x200.jpg 300w, https:\/\/tvtecjundiai.com.br\/news\/wp-content\/uploads\/sites\/2\/2022\/12\/entrega_curriculo_jundiaiense_uge_pa-50-1280x854-1-768x512.jpg 768w, https:\/\/tvtecjundiai.com.br\/news\/wp-content\/uploads\/sites\/2\/2022\/12\/entrega_curriculo_jundiaiense_uge_pa-50-1280x854-1.jpg 1280w\" sizes=\"auto, (max-width: 1200px) 100vw, 1200px\" \/><\/figure>\n\n\n\n<p><strong><em>( Fonte\/ Imagens: Prefeitura de Jundia\u00ed)<\/em><\/strong><\/p>\n","protected":false},"excerpt":{"rendered":"<p>O Curr\u00edculo Jundiaiense vem ao encontro do que na\u00e7\u00f5es desenvolvidas utilizaram para ter bom resultado na educa\u00e7\u00e3o.<\/p>\n","protected":false},"author":27,"featured_media":102135,"comment_status":"closed","ping_status":"0","sticky":false,"template":"","format":"standard","meta":{"footnotes":""},"categories":[2828,8356,1],"tags":[],"class_list":["post-102132","post","type-post","status-publish","format-standard","has-post-thumbnail","hentry","category-educacao","category-jundiai","category-noticias"],"_links":{"self":[{"href":"https:\/\/tvtecjundiai.com.br\/news\/wp-json\/wp\/v2\/posts\/102132","targetHints":{"allow":["GET"]}}],"collection":[{"href":"https:\/\/tvtecjundiai.com.br\/news\/wp-json\/wp\/v2\/posts"}],"about":[{"href":"https:\/\/tvtecjundiai.com.br\/news\/wp-json\/wp\/v2\/types\/post"}],"author":[{"embeddable":true,"href":"https:\/\/tvtecjundiai.com.br\/news\/wp-json\/wp\/v2\/users\/27"}],"replies":[{"embeddable":true,"href":"https:\/\/tvtecjundiai.com.br\/news\/wp-json\/wp\/v2\/comments?post=102132"}],"version-history":[{"count":1,"href":"https:\/\/tvtecjundiai.com.br\/news\/wp-json\/wp\/v2\/posts\/102132\/revisions"}],"predecessor-version":[{"id":102141,"href":"https:\/\/tvtecjundiai.com.br\/news\/wp-json\/wp\/v2\/posts\/102132\/revisions\/102141"}],"wp:featuredmedia":[{"embeddable":true,"href":"https:\/\/tvtecjundiai.com.br\/news\/wp-json\/wp\/v2\/media\/102135"}],"wp:attachment":[{"href":"https:\/\/tvtecjundiai.com.br\/news\/wp-json\/wp\/v2\/media?parent=102132"}],"wp:term":[{"taxonomy":"category","embeddable":true,"href":"https:\/\/tvtecjundiai.com.br\/news\/wp-json\/wp\/v2\/categories?post=102132"},{"taxonomy":"post_tag","embeddable":true,"href":"https:\/\/tvtecjundiai.com.br\/news\/wp-json\/wp\/v2\/tags?post=102132"}],"curies":[{"name":"wp","href":"https:\/\/api.w.org\/{rel}","templated":true}]}}