{"id":102143,"date":"2022-12-08T11:15:27","date_gmt":"2022-12-08T14:15:27","guid":{"rendered":"https:\/\/tvtecjundiai.com.br\/news\/?p=102143"},"modified":"2022-12-08T11:26:23","modified_gmt":"2022-12-08T14:26:23","slug":"criancas-do-pre-coral-fazem-apresentacao-de-final-de-ano-para-familiares","status":"publish","type":"post","link":"https:\/\/tvtecjundiai.com.br\/news\/2022\/12\/08\/criancas-do-pre-coral-fazem-apresentacao-de-final-de-ano-para-familiares\/","title":{"rendered":"Crian\u00e7as do pr\u00e9-coral fazem apresenta\u00e7\u00e3o de final de ano para familiares"},"content":{"rendered":"\n<p>As duas turmas de musicaliza\u00e7\u00e3o infantil (pr\u00e9-coral) da F\u00e1brica das Inf\u00e2ncias Japy participaram, na tarde desta quarta-feira (07), de uma aula-aberta com as presen\u00e7as de seus familiares e convidados. O objetivo da apresenta\u00e7\u00e3o, que concluiu as atividades do grupo com cerca de 20 crian\u00e7as para este ano, foi o de apresentar o trabalho desenvolvido e promover a confraterniza\u00e7\u00e3o entre os participantes, como parte da&nbsp;<a rel=\"noreferrer noopener\" href=\"https:\/\/jundiai.sp.gov.br\/circuitonatalluz\/\" target=\"_blank\">programa\u00e7\u00e3o do Circuito Natal Luz 2022<\/a>.<\/p>\n\n\n\n<figure class=\"wp-block-image size-large\"><img loading=\"lazy\" decoding=\"async\" width=\"1200\" height=\"800\" src=\"https:\/\/tvtecjundiai.com.br\/news\/wp-content\/uploads\/sites\/2\/2022\/12\/pre-coral-infantil-japy_c_-18-1280x853-1-1200x800.jpg\" alt=\"\" class=\"wp-image-102144\" srcset=\"https:\/\/tvtecjundiai.com.br\/news\/wp-content\/uploads\/sites\/2\/2022\/12\/pre-coral-infantil-japy_c_-18-1280x853-1-1200x800.jpg 1200w, https:\/\/tvtecjundiai.com.br\/news\/wp-content\/uploads\/sites\/2\/2022\/12\/pre-coral-infantil-japy_c_-18-1280x853-1-300x200.jpg 300w, https:\/\/tvtecjundiai.com.br\/news\/wp-content\/uploads\/sites\/2\/2022\/12\/pre-coral-infantil-japy_c_-18-1280x853-1-768x512.jpg 768w, https:\/\/tvtecjundiai.com.br\/news\/wp-content\/uploads\/sites\/2\/2022\/12\/pre-coral-infantil-japy_c_-18-1280x853-1.jpg 1280w\" sizes=\"auto, (max-width: 1200px) 100vw, 1200px\" \/><figcaption class=\"wp-element-caption\">As duas turmas que ensaiam na F\u00e1brica das Inf\u00e2ncias Japy uniram-se para a apresenta\u00e7\u00e3o de fim de ano<br><\/figcaption><\/figure>\n\n\n\n<p>Com a coordena\u00e7\u00e3o de Vast\u00ed Atique, que \u00e9 a diretora art\u00edstica dos Corais Municipais vinculados \u00e0 Prefeitura, a reg\u00eancia de J\u00e9ssica Vieira e a participa\u00e7\u00e3o de Mariana Borges no piano, o projeto de musicaliza\u00e7\u00e3o \u00e9 voltado para crian\u00e7as de cinco e seis anos de idade. Iniciado no segundo semestre deste ano, o projeto \u00e9 vinculado \u00e0 Unidade de Gest\u00e3o de Cultura (UGC) e faz parte das iniciativas da Prefeitura pelo programa municipal Cidade das Crian\u00e7as.<\/p>\n\n\n\n<p>Al\u00e9m de cantar m\u00fasicas infantis e natalinas, as crian\u00e7as apresentaram os exerc\u00edcios de postura e posi\u00e7\u00f5es para o canto, com a ajuda de importantes \u201camigos\u201d, como a girafa Gigi e o Crocodilo Cristiano, bonecos utilizados pelo grupo durante os ensaios.<\/p>\n\n\n\n<figure class=\"wp-block-image size-large\"><img loading=\"lazy\" decoding=\"async\" width=\"1200\" height=\"800\" src=\"https:\/\/tvtecjundiai.com.br\/news\/wp-content\/uploads\/sites\/2\/2022\/12\/pre-coral-infantil-japy_c_-26-1280x853-1-1200x800.jpg\" alt=\"\" class=\"wp-image-102145\" srcset=\"https:\/\/tvtecjundiai.com.br\/news\/wp-content\/uploads\/sites\/2\/2022\/12\/pre-coral-infantil-japy_c_-26-1280x853-1-1200x800.jpg 1200w, https:\/\/tvtecjundiai.com.br\/news\/wp-content\/uploads\/sites\/2\/2022\/12\/pre-coral-infantil-japy_c_-26-1280x853-1-300x200.jpg 300w, https:\/\/tvtecjundiai.com.br\/news\/wp-content\/uploads\/sites\/2\/2022\/12\/pre-coral-infantil-japy_c_-26-1280x853-1-768x512.jpg 768w, https:\/\/tvtecjundiai.com.br\/news\/wp-content\/uploads\/sites\/2\/2022\/12\/pre-coral-infantil-japy_c_-26-1280x853-1.jpg 1280w\" sizes=\"auto, (max-width: 1200px) 100vw, 1200px\" \/><figcaption class=\"wp-element-caption\">Aluna da Emeb Anna Pontes Chagas, a pequena Isabella apresentou-se para os pais<br><\/figcaption><\/figure>\n\n\n\n<figure class=\"wp-block-image size-large\"><img loading=\"lazy\" decoding=\"async\" width=\"1200\" height=\"800\" src=\"https:\/\/tvtecjundiai.com.br\/news\/wp-content\/uploads\/sites\/2\/2022\/12\/pre-coral-infantil-japy_c_-25-1200x800.jpg\" alt=\"\" class=\"wp-image-102146\" srcset=\"https:\/\/tvtecjundiai.com.br\/news\/wp-content\/uploads\/sites\/2\/2022\/12\/pre-coral-infantil-japy_c_-25-1200x800.jpg 1200w, https:\/\/tvtecjundiai.com.br\/news\/wp-content\/uploads\/sites\/2\/2022\/12\/pre-coral-infantil-japy_c_-25-300x200.jpg 300w, https:\/\/tvtecjundiai.com.br\/news\/wp-content\/uploads\/sites\/2\/2022\/12\/pre-coral-infantil-japy_c_-25-768x512.jpg 768w, https:\/\/tvtecjundiai.com.br\/news\/wp-content\/uploads\/sites\/2\/2022\/12\/pre-coral-infantil-japy_c_-25.jpg 1280w\" sizes=\"auto, (max-width: 1200px) 100vw, 1200px\" \/><\/figure>\n\n\n\n<p>\u201cSomado ao trabalho dos n\u00facleos do Coral Infantojuvenil Cidade das Crian\u00e7as que ensaiam no Espa\u00e7o Expressa e no Retiro, este ano iniciamos este projeto de musicaliza\u00e7\u00e3o infantil para crian\u00e7as nesta faixa et\u00e1ria, com foco na forma\u00e7\u00e3o art\u00edstica, cria\u00e7\u00e3o de repert\u00f3rio e gera\u00e7\u00e3o de p\u00fablico\u201d, comentou o gestor de Cultura, Marcelo Peroni,<\/p>\n\n\n\n<p>A Isabella Bardinelli, de seis anos, contou com as presen\u00e7as especiais na plateia do pai, Carlos Eduardo, e da m\u00e3e, Talita, moradores do Retiro. \u201cSoubemos da turma pelas redes sociais da Prefeitura e decidimos trazer a Isabella, pois ela sempre levou jeito para a m\u00fasica e quer\u00edamos dar para ela uma oportunidade para ter contato com mais pessoas e com a arte. E neste per\u00edodo pudemos sentir como melhorou a socializa\u00e7\u00e3o dela e como foram at\u00e9 resolvidas algumas dificuldades de fala e pron\u00fancia que ela tinha. Por isso, gostar\u00edamos de agradecer e parabenizar a Prefeitura por esta iniciativa, que d\u00e1 oportunidade e acesso \u00e0s crian\u00e7as de todas as rendas\u201d, comentou a m\u00e3e, cheia de orgulho pelo desempenho da filha.<\/p>\n\n\n\n<figure class=\"wp-block-image size-large\"><img loading=\"lazy\" decoding=\"async\" width=\"1200\" height=\"800\" src=\"https:\/\/tvtecjundiai.com.br\/news\/wp-content\/uploads\/sites\/2\/2022\/12\/fabrica-das-infancias-japy-oficina-de-musicalizacao-infantil-pre-coral_fm_-53-1280x853-1-1200x800.jpg\" alt=\"\" class=\"wp-image-102147\" srcset=\"https:\/\/tvtecjundiai.com.br\/news\/wp-content\/uploads\/sites\/2\/2022\/12\/fabrica-das-infancias-japy-oficina-de-musicalizacao-infantil-pre-coral_fm_-53-1280x853-1-1200x800.jpg 1200w, https:\/\/tvtecjundiai.com.br\/news\/wp-content\/uploads\/sites\/2\/2022\/12\/fabrica-das-infancias-japy-oficina-de-musicalizacao-infantil-pre-coral_fm_-53-1280x853-1-300x200.jpg 300w, https:\/\/tvtecjundiai.com.br\/news\/wp-content\/uploads\/sites\/2\/2022\/12\/fabrica-das-infancias-japy-oficina-de-musicalizacao-infantil-pre-coral_fm_-53-1280x853-1-768x512.jpg 768w, https:\/\/tvtecjundiai.com.br\/news\/wp-content\/uploads\/sites\/2\/2022\/12\/fabrica-das-infancias-japy-oficina-de-musicalizacao-infantil-pre-coral_fm_-53-1280x853-1.jpg 1280w\" sizes=\"auto, (max-width: 1200px) 100vw, 1200px\" \/><figcaption class=\"wp-element-caption\">Para as aulas, Mariana, Vast\u00ed e J\u00e9ssica contam com a participa\u00e7\u00e3o de ajudantes, como a girafa Gigi, o crocodilo Cristiano e o sapo Sapeca<br><\/figcaption><\/figure>\n\n\n\n<p><strong><em>( Fonte\/ Imagens: Prefeitura de Jundia\u00ed)<\/em><\/strong><\/p>\n","protected":false},"excerpt":{"rendered":"<p> O objetivo da apresenta\u00e7\u00e3o,  foi o de apresentar o trabalho desenvolvido e promover a confraterniza\u00e7\u00e3o entre os participantes.<\/p>\n","protected":false},"author":27,"featured_media":102146,"comment_status":"closed","ping_status":"0","sticky":false,"template":"","format":"standard","meta":{"footnotes":""},"categories":[8356,1],"tags":[],"class_list":["post-102143","post","type-post","status-publish","format-standard","has-post-thumbnail","hentry","category-jundiai","category-noticias"],"_links":{"self":[{"href":"https:\/\/tvtecjundiai.com.br\/news\/wp-json\/wp\/v2\/posts\/102143","targetHints":{"allow":["GET"]}}],"collection":[{"href":"https:\/\/tvtecjundiai.com.br\/news\/wp-json\/wp\/v2\/posts"}],"about":[{"href":"https:\/\/tvtecjundiai.com.br\/news\/wp-json\/wp\/v2\/types\/post"}],"author":[{"embeddable":true,"href":"https:\/\/tvtecjundiai.com.br\/news\/wp-json\/wp\/v2\/users\/27"}],"replies":[{"embeddable":true,"href":"https:\/\/tvtecjundiai.com.br\/news\/wp-json\/wp\/v2\/comments?post=102143"}],"version-history":[{"count":2,"href":"https:\/\/tvtecjundiai.com.br\/news\/wp-json\/wp\/v2\/posts\/102143\/revisions"}],"predecessor-version":[{"id":102149,"href":"https:\/\/tvtecjundiai.com.br\/news\/wp-json\/wp\/v2\/posts\/102143\/revisions\/102149"}],"wp:featuredmedia":[{"embeddable":true,"href":"https:\/\/tvtecjundiai.com.br\/news\/wp-json\/wp\/v2\/media\/102146"}],"wp:attachment":[{"href":"https:\/\/tvtecjundiai.com.br\/news\/wp-json\/wp\/v2\/media?parent=102143"}],"wp:term":[{"taxonomy":"category","embeddable":true,"href":"https:\/\/tvtecjundiai.com.br\/news\/wp-json\/wp\/v2\/categories?post=102143"},{"taxonomy":"post_tag","embeddable":true,"href":"https:\/\/tvtecjundiai.com.br\/news\/wp-json\/wp\/v2\/tags?post=102143"}],"curies":[{"name":"wp","href":"https:\/\/api.w.org\/{rel}","templated":true}]}}