{"id":102151,"date":"2022-12-08T12:30:57","date_gmt":"2022-12-08T15:30:57","guid":{"rendered":"https:\/\/tvtecjundiai.com.br\/news\/?p=102151"},"modified":"2022-12-08T12:31:02","modified_gmt":"2022-12-08T15:31:02","slug":"final-de-semana-movimentado-na-fabrica-das-infancias-japy-e-na-biblioteca","status":"publish","type":"post","link":"https:\/\/tvtecjundiai.com.br\/news\/2022\/12\/08\/final-de-semana-movimentado-na-fabrica-das-infancias-japy-e-na-biblioteca\/","title":{"rendered":"<strong>Final de semana movimentado na F\u00e1brica das Inf\u00e2ncias Japy e na Biblioteca<\/strong>"},"content":{"rendered":"\n<p>A Unidade de Gest\u00e3o de Cultura (UGC), programou para este final de semana, mais uma rodada de atividades gratuitas na F\u00e1brica das Inf\u00e2ncias Japy e na Biblioteca Prof. Nelson Foot (BNF) para a garotada, dentro das a\u00e7\u00f5es do Programa Municipal Jundia\u00ed Cidade das Crian\u00e7as.<\/p>\n\n\n\n<p>A Biblioteca vai sediar neste s\u00e1bado (10), das 9h \u00e0s 13h, um Campeonato de Xadrez, o primeiro torneio da Escola de Xadrez Jundia\u00ed, projeto que vem acontecendo desde mar\u00e7o na BNF, com o objetivo de promover e incentivar a pr\u00e1tica do jogo de xadrez, al\u00e9m de favorecer todo o praticante com os in\u00fameros benef\u00edcios que o jogo fornece.<\/p>\n\n\n\n<figure class=\"wp-block-image size-large\"><img loading=\"lazy\" decoding=\"async\" width=\"1200\" height=\"800\" src=\"https:\/\/tvtecjundiai.com.br\/news\/wp-content\/uploads\/sites\/2\/2022\/12\/xadrez-1-1200x800.png\" alt=\"\" class=\"wp-image-102153\" srcset=\"https:\/\/tvtecjundiai.com.br\/news\/wp-content\/uploads\/sites\/2\/2022\/12\/xadrez-1-1200x800.png 1200w, https:\/\/tvtecjundiai.com.br\/news\/wp-content\/uploads\/sites\/2\/2022\/12\/xadrez-1-300x200.png 300w, https:\/\/tvtecjundiai.com.br\/news\/wp-content\/uploads\/sites\/2\/2022\/12\/xadrez-1-768x512.png 768w, https:\/\/tvtecjundiai.com.br\/news\/wp-content\/uploads\/sites\/2\/2022\/12\/xadrez-1.png 1280w\" sizes=\"auto, (max-width: 1200px) 100vw, 1200px\" \/><figcaption class=\"wp-element-caption\">Na BNF o primeiro torneio da Escola de Xadrez Jundia\u00ed<br><\/figcaption><\/figure>\n\n\n\n<p>As inscri\u00e7\u00f5es s\u00e3o gratuitas, podendo ser realizadas no dia. Ser\u00e1 um torneio de r\u00e1pidas de cinco rodadas com 13 minutos no rel\u00f3gio anal\u00f3gico e oito minutos, mais cinco de acr\u00e9scimo no rel\u00f3gio digital. Os participantes ser\u00e3o divididos em duas categorias: escolar e aberto.<\/p>\n\n\n\n<p>A Biblioteca est\u00e1 localizada dentro do Complexo Argos, na rua Dr. Cavalcanti, 396 \u2013 Vila Arens. No local h\u00e1 estacionamento gratuito.<\/p>\n\n\n\n<p><strong>F\u00e1brica Japy<\/strong><strong><\/strong><\/p>\n\n\n\n<p>No s\u00e1bado (10), a partir das 10h30, crian\u00e7as de 04 a 10 anos poder\u00e3o acompanhar a conta\u00e7\u00e3o de hist\u00f3ria seguida de roda de conversa com a atriz F\u00e1ctima El Samra. \u201c Uma Floresta de Hist\u00f3rias\u201d traz como proposta uma apresenta\u00e7\u00e3o com uma abertura musical e posteriormente a narra\u00e7\u00e3o de tr\u00eas ou quatro contos de tradi\u00e7\u00e3o oral e tamb\u00e9m de um conto autoral, com hist\u00f3rias de tradi\u00e7\u00f5es diferentes trazendo tramas narradas entre a natureza, as \u00e1rvores e o homem.<\/p>\n\n\n\n<figure class=\"wp-block-gallery has-nested-images columns-default is-cropped wp-block-gallery-1 is-layout-flex wp-block-gallery-is-layout-flex\">\n<figure class=\"wp-block-image size-large\"><img loading=\"lazy\" decoding=\"async\" width=\"991\" height=\"960\" data-id=\"102156\" src=\"https:\/\/tvtecjundiai.com.br\/news\/wp-content\/uploads\/sites\/2\/2022\/12\/factima-el-samra-991x960-2.jpeg\" alt=\"\" class=\"wp-image-102156\" srcset=\"https:\/\/tvtecjundiai.com.br\/news\/wp-content\/uploads\/sites\/2\/2022\/12\/factima-el-samra-991x960-2.jpeg 991w, https:\/\/tvtecjundiai.com.br\/news\/wp-content\/uploads\/sites\/2\/2022\/12\/factima-el-samra-991x960-2-300x291.jpeg 300w, https:\/\/tvtecjundiai.com.br\/news\/wp-content\/uploads\/sites\/2\/2022\/12\/factima-el-samra-991x960-2-768x744.jpeg 768w\" sizes=\"auto, (max-width: 991px) 100vw, 991px\" \/><figcaption class=\"wp-element-caption\"><strong>F\u00e1ctima El Samra apresenta \u201cUma Floresta de Hist\u00f3rias\u201d<\/strong><br><\/figcaption><\/figure>\n<\/figure>\n\n\n\n<figure class=\"wp-block-image size-large\"><img loading=\"lazy\" decoding=\"async\" width=\"1200\" height=\"800\" src=\"https:\/\/tvtecjundiai.com.br\/news\/wp-content\/uploads\/sites\/2\/2022\/12\/giro-no-biombo-1-1200x800.jpg\" alt=\"\" class=\"wp-image-102157\" srcset=\"https:\/\/tvtecjundiai.com.br\/news\/wp-content\/uploads\/sites\/2\/2022\/12\/giro-no-biombo-1-1200x800.jpg 1200w, https:\/\/tvtecjundiai.com.br\/news\/wp-content\/uploads\/sites\/2\/2022\/12\/giro-no-biombo-1-300x200.jpg 300w, https:\/\/tvtecjundiai.com.br\/news\/wp-content\/uploads\/sites\/2\/2022\/12\/giro-no-biombo-1-768x512.jpg 768w, https:\/\/tvtecjundiai.com.br\/news\/wp-content\/uploads\/sites\/2\/2022\/12\/giro-no-biombo-1.jpg 1280w\" sizes=\"auto, (max-width: 1200px) 100vw, 1200px\" \/><figcaption class=\"wp-element-caption\"><strong>Cia. Giro no Biombo<\/strong>\u00a0apresenta \u201cNovas Aventuras\u201d<br><\/figcaption><\/figure>\n\n\n\n<p>J\u00e1 no domingo (11), a partir das 10h30, crian\u00e7as de 04 a 10 anos poder\u00e3o acompanhar a Cia. Giro no Biombo, com o espet\u00e1culo \u201cUm quarto de hist\u00f3rias: Novas Aventuras\u201d. Os irm\u00e3os Duda, Th\u00e9o e Belinha, personagens da hist\u00f3ria v\u00e3o envolver a garotada num mist\u00e9rio\u2026o que \u00e9 o objeto misterioso que apareceu dentro do quarto? Como ele foi parar ali? Com muita brincadeira e m\u00fasica o elenco vai apresentando para a plateia novas experi\u00eancias, possibilidades e questionamento de como se relacionar com o mundo.<\/p>\n\n\n\n<p>As duas apresenta\u00e7\u00f5es t\u00eam entrada gratuita. A F\u00e1brica das Inf\u00e2ncias est\u00e1 localizada na Localizada na rua Lacerda Franco, 175 \u2013 Vila Arens. A entrada de visitantes ser\u00e1 permitida somente at\u00e9 30 minutos antes do hor\u00e1rio de fechamento.<\/p>\n\n\n\n<p><strong><em>( Fonte\/ Imagens: Prefeitura de Jundia\u00ed)<\/em><\/strong><\/p>\n","protected":false},"excerpt":{"rendered":"<p>A Unidade de Gest\u00e3o de Cultura programou para este final de semana, mais uma rodada de atividades gratuitas.<\/p>\n","protected":false},"author":27,"featured_media":102153,"comment_status":"closed","ping_status":"0","sticky":false,"template":"","format":"standard","meta":{"footnotes":""},"categories":[3076,8356,1],"tags":[],"class_list":["post-102151","post","type-post","status-publish","format-standard","has-post-thumbnail","hentry","category-entretenimento","category-jundiai","category-noticias"],"_links":{"self":[{"href":"https:\/\/tvtecjundiai.com.br\/news\/wp-json\/wp\/v2\/posts\/102151","targetHints":{"allow":["GET"]}}],"collection":[{"href":"https:\/\/tvtecjundiai.com.br\/news\/wp-json\/wp\/v2\/posts"}],"about":[{"href":"https:\/\/tvtecjundiai.com.br\/news\/wp-json\/wp\/v2\/types\/post"}],"author":[{"embeddable":true,"href":"https:\/\/tvtecjundiai.com.br\/news\/wp-json\/wp\/v2\/users\/27"}],"replies":[{"embeddable":true,"href":"https:\/\/tvtecjundiai.com.br\/news\/wp-json\/wp\/v2\/comments?post=102151"}],"version-history":[{"count":1,"href":"https:\/\/tvtecjundiai.com.br\/news\/wp-json\/wp\/v2\/posts\/102151\/revisions"}],"predecessor-version":[{"id":102158,"href":"https:\/\/tvtecjundiai.com.br\/news\/wp-json\/wp\/v2\/posts\/102151\/revisions\/102158"}],"wp:featuredmedia":[{"embeddable":true,"href":"https:\/\/tvtecjundiai.com.br\/news\/wp-json\/wp\/v2\/media\/102153"}],"wp:attachment":[{"href":"https:\/\/tvtecjundiai.com.br\/news\/wp-json\/wp\/v2\/media?parent=102151"}],"wp:term":[{"taxonomy":"category","embeddable":true,"href":"https:\/\/tvtecjundiai.com.br\/news\/wp-json\/wp\/v2\/categories?post=102151"},{"taxonomy":"post_tag","embeddable":true,"href":"https:\/\/tvtecjundiai.com.br\/news\/wp-json\/wp\/v2\/tags?post=102151"}],"curies":[{"name":"wp","href":"https:\/\/api.w.org\/{rel}","templated":true}]}}