{"id":102160,"date":"2022-12-08T12:57:29","date_gmt":"2022-12-08T15:57:29","guid":{"rendered":"https:\/\/tvtecjundiai.com.br\/news\/?p=102160"},"modified":"2022-12-08T17:25:17","modified_gmt":"2022-12-08T20:25:17","slug":"servicos-publicos-tem-horario-especial-em-dias-de-jogos-da-copa-do-mundo","status":"publish","type":"post","link":"https:\/\/tvtecjundiai.com.br\/news\/2022\/12\/08\/servicos-publicos-tem-horario-especial-em-dias-de-jogos-da-copa-do-mundo\/","title":{"rendered":"Servi\u00e7os p\u00fablicos t\u00eam hor\u00e1rio especial em dias de jogos eliminat\u00f3rios da Copa"},"content":{"rendered":"\n<p>Com o avan\u00e7o do Brasil para as Quartas de Final da Copa do Qatar, e a possibilidade de prorroga\u00e7\u00f5es, \u00e9 publicado&nbsp;<a href=\"https:\/\/imprensaoficial.jundiai.sp.gov.br\/edicao-extra-5192\/\">Decreto 32.265 de 8 de dezembro<\/a>&nbsp;com a indica\u00e7\u00e3o de altera\u00e7\u00e3o nos hor\u00e1rios de funcionamento do Pa\u00e7o Municipal e dos equipamentos e servi\u00e7os vinculados \u00e0 Prefeitura de Jundia\u00ed, enquanto a sele\u00e7\u00e3o brasileira de futebol participar da Copa do Mundo 2022.<\/p>\n\n\n\n<p>Na pr\u00f3xima sexta-feira (09), em que o jogo acontece \u00e0s 12h, \u2013 quando o Brasil enfrenta a Cro\u00e1cia, \u2013 o expediente ser\u00e1 encerrado uma hora e trinta minutos antes do in\u00edcio da partida.<\/p>\n\n\n\n<p>No caso do avan\u00e7o para a semi-final, com jogo na pr\u00f3xima ter\u00e7a-feira (13), \u00e0s 16h, o encerramento se dar\u00e1 uma hora e meia antes do in\u00edcio da partida.<\/p>\n\n\n\n<figure class=\"wp-block-image\"><img decoding=\"async\" src=\"https:\/\/jundiai.sp.gov.br\/noticias\/wp-content\/uploads\/sites\/32\/2022\/02\/fachada_paco-5.jpg\" alt=\"\" class=\"wp-image-286571\" \/><figcaption class=\"wp-element-caption\">Servi\u00e7os p\u00fablicos ter\u00e3o altera\u00e7\u00e3o no hor\u00e1rio de funcionamento para o jogo de sexta-feira (09)<\/figcaption><\/figure>\n\n\n\n<p><strong>Sa\u00fade<\/strong><br>Nas Unidades de Pronto-Atendimento (PAs), na UPA 24h Vetor Oeste e no Hospital S\u00e3o Vicente de Paulo n\u00e3o haver\u00e1 altera\u00e7\u00e3o no atendimento.<\/p>\n\n\n\n<p>Nos demais equipamentos de sa\u00fade, como Unidades B\u00e1sicas de Sa\u00fade (UBSs) e Cl\u00ednicas da Fam\u00edlia e que seguir\u00e3o o decreto, tendo, portanto, altera\u00e7\u00e3o de hor\u00e1rios, as agendas com os pacientes foram previamente reorganizadas para que o servi\u00e7o n\u00e3o fosse prejudicado.<\/p>\n\n\n\n<p><strong>\u00d4nibus<\/strong><br>A Unidade de Gest\u00e3o de Mobilidade e Transporte (UGMT) realizar\u00e1, nesta sexta-feira (09), a partir das 10h30, a opera\u00e7\u00e3o com \u00f4nibus extras do &nbsp;<a rel=\"noreferrer noopener\" href=\"https:\/\/situ.jundiai.sp.gov.br\/\" target=\"_blank\">Sistema Integrado de Transporte Urbano (Situ)<\/a>&nbsp; para transportar trabalhadores e torcedores da sele\u00e7\u00e3o brasileira.<\/p>\n\n\n\n<p>Al\u00e9m disso, ser\u00e3o intensificados o monitoramento do tr\u00e2nsito e a orienta\u00e7\u00e3o aos motoristas afim de melhorar a fluidez, principalmente, na regi\u00e3o do Terminal Vila Arens, Av. Ant\u00f4nio Frederico Ozanan, nos acessos a Av. Nove de Julho, Av. Luiz Latorre e Av. Ant\u00f4nio Segre.<\/p>\n\n\n\n<p><strong>DAE<\/strong><\/p>\n\n\n\n<p>Em fun\u00e7\u00e3o do jogo do Brasil na Copa do Mundo, nesta sexta-feira (9), a DAE Jundia\u00ed informa que a sede administrativa ter\u00e1 atendimento at\u00e9 as 11 horas. Os Postos de Atendimento da Vila Hortol\u00e2ndia (anexo \u00e0 sede), Ponte S\u00e3o Jo\u00e3o, Eloy Chaves e Centro funcionar\u00e3o das 8 \u00e0s 10 horas. A unidade do Poupatempo n\u00e3o ter\u00e1 expediente na sexta-feira, mas abre no s\u00e1bado, das 9 \u00e0s 13 horas.<\/p>\n\n\n\n<p>Em caso de emerg\u00eancia, os mun\u00edcipes podem entrar em contato com a DAE pela Central de Relacionamento, no telefone 0800 0133 155, com atendimento 24 horas. Mais informa\u00e7\u00f5es tamb\u00e9m podem ser obtidas pelo site www.daejundiai.com.br.<\/p>\n\n\n\n<p><strong>Parques \u2013&nbsp;<\/strong>Neste dia, o Parque da Cidade vai abrir no hor\u00e1rio normal, das 6h30 \u00e0s 19 horas, com acesso permitido at\u00e9 \u00e0s 18 horas.<\/p>\n\n\n\n<p>O Mundo das Crian\u00e7as estar\u00e1 aberto das 7 \u00e0s 10h30, com entrada permitida at\u00e9 \u00e0s 9h30.<\/p>\n\n\n\n<p><strong>Feiras e varej\u00f5es<\/strong><\/p>\n\n\n\n<p>Nesta sexta-feira (09), as feiras e varej\u00f5es ter\u00e3o o encerramento antecipado em 30 minutos, a partir das 11h, em decorr\u00eancia do jogo do Brasil. Os locais e hor\u00e1rios podem ser consultados no&nbsp;<a rel=\"noreferrer noopener\" href=\"https:\/\/abastecimento.jundiai.sp.gov.br\/programas-do-departamento-de-abastecimento\/feira-livre\/\" target=\"_blank\">site do Agroneg\u00f3cio e Abastecimento<\/a>.<\/p>\n\n\n\n<p><strong><em>( Fonte\/ Imagem: Prefeitura de Jundia\u00ed)<\/em><\/strong><\/p>\n","protected":false},"excerpt":{"rendered":"<p>Haver\u00e1 altera\u00e7\u00e3o nos hor\u00e1rios de funcionamento do Pa\u00e7o Municipal e de outros servi\u00e7os.<\/p>\n","protected":false},"author":27,"featured_media":102161,"comment_status":"closed","ping_status":"0","sticky":false,"template":"","format":"standard","meta":{"footnotes":""},"categories":[8356,1],"tags":[],"class_list":["post-102160","post","type-post","status-publish","format-standard","has-post-thumbnail","hentry","category-jundiai","category-noticias"],"_links":{"self":[{"href":"https:\/\/tvtecjundiai.com.br\/news\/wp-json\/wp\/v2\/posts\/102160","targetHints":{"allow":["GET"]}}],"collection":[{"href":"https:\/\/tvtecjundiai.com.br\/news\/wp-json\/wp\/v2\/posts"}],"about":[{"href":"https:\/\/tvtecjundiai.com.br\/news\/wp-json\/wp\/v2\/types\/post"}],"author":[{"embeddable":true,"href":"https:\/\/tvtecjundiai.com.br\/news\/wp-json\/wp\/v2\/users\/27"}],"replies":[{"embeddable":true,"href":"https:\/\/tvtecjundiai.com.br\/news\/wp-json\/wp\/v2\/comments?post=102160"}],"version-history":[{"count":3,"href":"https:\/\/tvtecjundiai.com.br\/news\/wp-json\/wp\/v2\/posts\/102160\/revisions"}],"predecessor-version":[{"id":102195,"href":"https:\/\/tvtecjundiai.com.br\/news\/wp-json\/wp\/v2\/posts\/102160\/revisions\/102195"}],"wp:featuredmedia":[{"embeddable":true,"href":"https:\/\/tvtecjundiai.com.br\/news\/wp-json\/wp\/v2\/media\/102161"}],"wp:attachment":[{"href":"https:\/\/tvtecjundiai.com.br\/news\/wp-json\/wp\/v2\/media?parent=102160"}],"wp:term":[{"taxonomy":"category","embeddable":true,"href":"https:\/\/tvtecjundiai.com.br\/news\/wp-json\/wp\/v2\/categories?post=102160"},{"taxonomy":"post_tag","embeddable":true,"href":"https:\/\/tvtecjundiai.com.br\/news\/wp-json\/wp\/v2\/tags?post=102160"}],"curies":[{"name":"wp","href":"https:\/\/api.w.org\/{rel}","templated":true}]}}