{"id":102176,"date":"2022-12-08T14:51:23","date_gmt":"2022-12-08T17:51:23","guid":{"rendered":"https:\/\/tvtecjundiai.com.br\/news\/?p=102176"},"modified":"2022-12-09T09:33:27","modified_gmt":"2022-12-09T12:33:27","slug":"colaboradores-do-samu-e-saec-visitam-obras-do-novo-predio-dos-servicos","status":"publish","type":"post","link":"https:\/\/tvtecjundiai.com.br\/news\/2022\/12\/08\/colaboradores-do-samu-e-saec-visitam-obras-do-novo-predio-dos-servicos\/","title":{"rendered":"Colaboradores do SAMU e SAEC visitam obras do novo pr\u00e9dio dos servi\u00e7os"},"content":{"rendered":"\n<p>Nesta quarta-feira (7), colaboradores das equipes do Servi\u00e7o de Atendimento M\u00f3vel de Urg\u00eancia (SAMU) e Servi\u00e7o de Atendimento a Pacientes Especiais e Cr\u00f4nicos (SAEC) de Jundia\u00ed visitaram as obras do Complexo de Seguran\u00e7a e Urg\u00eancia e Emerg\u00eancia, na avenida Quartorze de Dezembro. Na \u00e1rea de 9.180m\u00b2 tamb\u00e9m ir\u00e3o operar as unidades da Defesa Civil e Guarda Municipal. A previs\u00e3o \u00e9 de que a entrega ocorra no final de 2023. Com investimentos previstos de aproximadamente R$ 32 milh\u00f5es, o recurso \u00e9 proveniente de financiamento junto ao BNDES, por meio do Programa Munic\u00edpio Seguro da Prefeitura Municipal de Jundia\u00ed.<\/p>\n\n\n<div class=\"wp-block-image\">\n<figure class=\"aligncenter size-full is-resized\"><img decoding=\"async\" src=\"https:\/\/tvtecjundiai.com.br\/news\/wp-content\/uploads\/sites\/2\/2022\/12\/A-previsao-e-que-a-entrega-ocorra-no-final-de-2023-edited.jpg\" alt=\"\" class=\"wp-image-102178\" width=\"717\" srcset=\"https:\/\/tvtecjundiai.com.br\/news\/wp-content\/uploads\/sites\/2\/2022\/12\/A-previsao-e-que-a-entrega-ocorra-no-final-de-2023-edited.jpg 960w, https:\/\/tvtecjundiai.com.br\/news\/wp-content\/uploads\/sites\/2\/2022\/12\/A-previsao-e-que-a-entrega-ocorra-no-final-de-2023-edited-300x188.jpg 300w, https:\/\/tvtecjundiai.com.br\/news\/wp-content\/uploads\/sites\/2\/2022\/12\/A-previsao-e-que-a-entrega-ocorra-no-final-de-2023-edited-768x480.jpg 768w\" sizes=\"(max-width: 960px) 100vw, 960px\" \/><figcaption class=\"wp-element-caption\">A previs\u00e3o \u00e9 que a entrega ocorra no final de 2023<\/figcaption><\/figure>\n<\/div>\n\n\n<p>Animado, o coordenador de frota do SAMU, Mario Arruda, conduziu a visita e explicou os detalhes da obra para quem ir\u00e1 trabalhar no local. \u201c\u00c9 outro n\u00edvel. A estrutura contar\u00e1 com amplo espa\u00e7o para viaturas estacionadas, dep\u00f3sito para materiais de limpeza, almoxarifados separados para cada servi\u00e7o, sala exclusiva para aprendizes, conforto m\u00e9dico com capacidade para um total de 15 camas, entre espa\u00e7os femininos e masculinos, vesti\u00e1rios e sanit\u00e1rios femininos, masculinos e acess\u00edveis, sala para a coordena\u00e7\u00e3o de ambas unidades e audit\u00f3rio com capacidade para 50 pessoas, totalmente climatizado, equipado com cadeiras, recursos de m\u00eddia e de som. O local tamb\u00e9m contar\u00e1 com cozinha, refeit\u00f3rio e sala de descanso com televis\u00e3o\u201d.<\/p>\n\n\n\n<p>Independente do tempo em que atuam no SAMU ou no SAEC, os colaboradores elogiaram o processo de melhoria cont\u00ednua dos servi\u00e7os. A recepcionista Natalia de Oliveira Marques, que est\u00e1 h\u00e1 2 anos no SAEC, j\u00e1 havia visitado o novo endere\u00e7o e se surpreendeu com a evolu\u00e7\u00e3o da constru\u00e7\u00e3o. \u201cEstive aqui quando as obras foram iniciadas e agora j\u00e1 d\u00e1 para ter uma no\u00e7\u00e3o de como ser\u00e1. \u00c9 um lugar de f\u00e1cil acesso, maior e que trar\u00e1 mais agilidade para a equipe\u201d.<\/p>\n\n\n<div class=\"wp-block-image\">\n<figure class=\"aligncenter size-full is-resized\"><img loading=\"lazy\" decoding=\"async\" src=\"https:\/\/tvtecjundiai.com.br\/news\/wp-content\/uploads\/sites\/2\/2022\/12\/Colaboradores-do-SAMU-e-do-SAEC-visitam-as-obras-do-novo-e-spaco.jpg\" alt=\"\" class=\"wp-image-102179\" width=\"708\" height=\"531\" srcset=\"https:\/\/tvtecjundiai.com.br\/news\/wp-content\/uploads\/sites\/2\/2022\/12\/Colaboradores-do-SAMU-e-do-SAEC-visitam-as-obras-do-novo-e-spaco.jpg 960w, https:\/\/tvtecjundiai.com.br\/news\/wp-content\/uploads\/sites\/2\/2022\/12\/Colaboradores-do-SAMU-e-do-SAEC-visitam-as-obras-do-novo-e-spaco-300x225.jpg 300w, https:\/\/tvtecjundiai.com.br\/news\/wp-content\/uploads\/sites\/2\/2022\/12\/Colaboradores-do-SAMU-e-do-SAEC-visitam-as-obras-do-novo-e-spaco-768x576.jpg 768w\" sizes=\"auto, (max-width: 708px) 100vw, 708px\" \/><figcaption class=\"wp-element-caption\">Colaboradores do SAMU e do SAEC visitam as obras do novo espa\u00e7o<\/figcaption><\/figure>\n<\/div>\n\n\n<p>J\u00e1 a Renata Gomes dos Santos Amorim, t\u00e9cnica de enfermagem, trabalha no SAMU h\u00e1 dois meses e compartilha a sensa\u00e7\u00e3o de vivenciar essa mudan\u00e7a. \u201cSem d\u00favidas a estrutura tamb\u00e9m qualifica nosso trabalho. \u00c9 gratificante saber que est\u00e3o investindo na sa\u00fade, nos pacientes e nos trabalhadores\u201d.<\/p>\n\n\n\n<p>Tamb\u00e9m estiveram presentes a coordenadora do administrativo, Jandira Cruz Biasim, o motorista Eliseu Brito e o motorista socorrista Sidnei Custodio da Cunha, que refor\u00e7ou a import\u00e2ncia da a\u00e7\u00e3o. \u201cEstou no SAMU h\u00e1 13 anos e os benef\u00edcios disso para a popula\u00e7\u00e3o s\u00e3o in\u00fameros. \u00c9 uma alegria e uma honra poder fazer parte dessa hist\u00f3ria\u201d.<\/p>\n\n\n\n<p><em><strong>(Fonte\/Imagens: Assessoria Hospital S\u00e3o Vicente)<\/strong><\/em><\/p>\n","protected":false},"excerpt":{"rendered":"<p>A previs\u00e3o \u00e9 de que a entrega do espa\u00e7o ocorra no final de 2023<\/p>\n","protected":false},"author":30,"featured_media":102178,"comment_status":"closed","ping_status":"0","sticky":false,"template":"","format":"standard","meta":{"footnotes":""},"categories":[8356,1,2839],"tags":[],"class_list":["post-102176","post","type-post","status-publish","format-standard","has-post-thumbnail","hentry","category-jundiai","category-noticias","category-saude"],"_links":{"self":[{"href":"https:\/\/tvtecjundiai.com.br\/news\/wp-json\/wp\/v2\/posts\/102176","targetHints":{"allow":["GET"]}}],"collection":[{"href":"https:\/\/tvtecjundiai.com.br\/news\/wp-json\/wp\/v2\/posts"}],"about":[{"href":"https:\/\/tvtecjundiai.com.br\/news\/wp-json\/wp\/v2\/types\/post"}],"author":[{"embeddable":true,"href":"https:\/\/tvtecjundiai.com.br\/news\/wp-json\/wp\/v2\/users\/30"}],"replies":[{"embeddable":true,"href":"https:\/\/tvtecjundiai.com.br\/news\/wp-json\/wp\/v2\/comments?post=102176"}],"version-history":[{"count":1,"href":"https:\/\/tvtecjundiai.com.br\/news\/wp-json\/wp\/v2\/posts\/102176\/revisions"}],"predecessor-version":[{"id":102180,"href":"https:\/\/tvtecjundiai.com.br\/news\/wp-json\/wp\/v2\/posts\/102176\/revisions\/102180"}],"wp:featuredmedia":[{"embeddable":true,"href":"https:\/\/tvtecjundiai.com.br\/news\/wp-json\/wp\/v2\/media\/102178"}],"wp:attachment":[{"href":"https:\/\/tvtecjundiai.com.br\/news\/wp-json\/wp\/v2\/media?parent=102176"}],"wp:term":[{"taxonomy":"category","embeddable":true,"href":"https:\/\/tvtecjundiai.com.br\/news\/wp-json\/wp\/v2\/categories?post=102176"},{"taxonomy":"post_tag","embeddable":true,"href":"https:\/\/tvtecjundiai.com.br\/news\/wp-json\/wp\/v2\/tags?post=102176"}],"curies":[{"name":"wp","href":"https:\/\/api.w.org\/{rel}","templated":true}]}}