{"id":102196,"date":"2022-12-09T08:37:18","date_gmt":"2022-12-09T11:37:18","guid":{"rendered":"https:\/\/tvtecjundiai.com.br\/news\/?p=102196"},"modified":"2022-12-09T08:37:24","modified_gmt":"2022-12-09T11:37:24","slug":"centro-contara-com-telao-para-exibicao-do-jogo-da-copa-nesta-sexta-9","status":"publish","type":"post","link":"https:\/\/tvtecjundiai.com.br\/news\/2022\/12\/09\/centro-contara-com-telao-para-exibicao-do-jogo-da-copa-nesta-sexta-9\/","title":{"rendered":"Centro contar\u00e1 com tel\u00e3o para exibi\u00e7\u00e3o do jogo da Copa nesta sexta (9)"},"content":{"rendered":"\n<p>Quem for ao Centro de Jundia\u00ed nesta sexta-feira (9) poder\u00e1 aproveitar, al\u00e9m das atra\u00e7\u00f5es propostas pela Prefeitura para as programa\u00e7\u00f5es do\u00a0<a rel=\"noreferrer noopener\" href=\"https:\/\/jundiai.sp.gov.br\/circuitonatalluz\/\" target=\"_blank\">Circuito Natal Luz<\/a>\u00a0e do\u00a0<a rel=\"noreferrer noopener\" href=\"https:\/\/jundiai.sp.gov.br\/aniversario\/\" target=\"_blank\">Anivers\u00e1rio de 366 anos<\/a>\u00a0da cidade, para assistir ao jogo da sele\u00e7\u00e3o brasileira de futebol contra a Cro\u00e1cia, a partir das 12h.<\/p>\n\n\n\n<p>Para a transmiss\u00e3o do jogo, a Unidade de Gest\u00e3o de Cultura (UGC) ir\u00e1 instalar um tel\u00e3o no palco da Pra\u00e7a Ruy Barbosa, onde, mesmo depois da partida, os torcedores poder\u00e3o emendar a festa com a apresenta\u00e7\u00e3o de um DJ e seguir para as outras atra\u00e7\u00f5es espalhadas pelo Centro.<\/p>\n\n\n\n<figure class=\"wp-block-image size-large\"><img loading=\"lazy\" decoding=\"async\" width=\"1200\" height=\"801\" src=\"https:\/\/tvtecjundiai.com.br\/news\/wp-content\/uploads\/sites\/2\/2022\/12\/calcadao_movimento_centro-6-1280x854-1-1200x801.jpg\" alt=\"\" class=\"wp-image-102199\" srcset=\"https:\/\/tvtecjundiai.com.br\/news\/wp-content\/uploads\/sites\/2\/2022\/12\/calcadao_movimento_centro-6-1280x854-1-1200x801.jpg 1200w, https:\/\/tvtecjundiai.com.br\/news\/wp-content\/uploads\/sites\/2\/2022\/12\/calcadao_movimento_centro-6-1280x854-1-300x200.jpg 300w, https:\/\/tvtecjundiai.com.br\/news\/wp-content\/uploads\/sites\/2\/2022\/12\/calcadao_movimento_centro-6-1280x854-1-768x512.jpg 768w, https:\/\/tvtecjundiai.com.br\/news\/wp-content\/uploads\/sites\/2\/2022\/12\/calcadao_movimento_centro-6-1280x854-1.jpg 1280w\" sizes=\"auto, (max-width: 1200px) 100vw, 1200px\" \/><\/figure>\n\n\n\n<p>Na Pra\u00e7a Marechal Floriano Peixoto, a programa\u00e7\u00e3o do palco do Coreto traz: \u00e0s 16h, \u201cM\u00fasica do Infinito\u201d, do Tempo do Sonho; \u00e0s 17h30 a Banda 7X1; \u00e0s 19h o show \u201cO Melhor do Rock Nacional\u201d com a banda SIGLA; e \u00e0s 20h, o show \u201cClassic Rock Experience\u201d com a Banda Agnus Rock. Tamb\u00e9m na Pra\u00e7a, das 18h \u00e0s 20h, ser\u00e1 o ponto de embarque do Expresso Natalino que percorre as ruas do Centro com a Trupe de Natal.<\/p>\n\n\n\n<p>Na Pinacoteca Municipal Di\u00f3genes Duarte Paes, al\u00e9m de prestigiar a exposi\u00e7\u00e3o de&nbsp;<a rel=\"noreferrer noopener\" href=\"https:\/\/cultura.jundiai.sp.gov.br\/exposicoes\/papais-noeis\/\" target=\"_blank\">Papais No\u00e9is<\/a>&nbsp;e outras mostras, o visitante poder\u00e1 assistir \u00e0s apresenta\u00e7\u00f5es musicais nas sacadas: \u00e0s 19h tem Duo D\u00f4 de Carvalho, e \u00e0s 20h30 o Duo Rafael Amarante.<\/p>\n\n\n\n<p>J\u00e1 no Museu Hist\u00f3rico e Cultural \u2013 Solar do Bar\u00e3o, al\u00e9m de conferir a&nbsp;<a rel=\"noreferrer noopener\" href=\"https:\/\/cultura.jundiai.sp.gov.br\/exposicoes\/exposicao-de-presepios-2022\/\" target=\"_blank\">tradicional exposi\u00e7\u00e3o de pres\u00e9pios<\/a>, o visitante poder\u00e1 assistir do cal\u00e7ad\u00e3o, a partir das 19h30, \u00e0 apresenta\u00e7\u00e3o nas janelas dos corais Madrigal Clap, Vozes da Vit\u00f3ria, Coral Nova Fati e Coral CCVH (Centro Comunit\u00e1rio da Vila Hortol\u00e2ndia).<\/p>\n\n\n\n<p>A noite tamb\u00e9m contar\u00e1 com as proje\u00e7\u00f5es luminosas na fachada da Catedral Nossa Senhora do Desterro, com sess\u00f5es \u00e0s 19h, 20h e 21h.<\/p>\n\n\n\n<figure class=\"wp-block-image size-large\"><img loading=\"lazy\" decoding=\"async\" width=\"1200\" height=\"800\" src=\"https:\/\/tvtecjundiai.com.br\/news\/wp-content\/uploads\/sites\/2\/2022\/12\/centro_natal_noturna-1280x853-1-1200x800.jpg\" alt=\"\" class=\"wp-image-102197\" srcset=\"https:\/\/tvtecjundiai.com.br\/news\/wp-content\/uploads\/sites\/2\/2022\/12\/centro_natal_noturna-1280x853-1-1200x800.jpg 1200w, https:\/\/tvtecjundiai.com.br\/news\/wp-content\/uploads\/sites\/2\/2022\/12\/centro_natal_noturna-1280x853-1-300x200.jpg 300w, https:\/\/tvtecjundiai.com.br\/news\/wp-content\/uploads\/sites\/2\/2022\/12\/centro_natal_noturna-1280x853-1-768x512.jpg 768w, https:\/\/tvtecjundiai.com.br\/news\/wp-content\/uploads\/sites\/2\/2022\/12\/centro_natal_noturna-1280x853-1.jpg 1280w\" sizes=\"auto, (max-width: 1200px) 100vw, 1200px\" \/><figcaption class=\"wp-element-caption\">Torcedores poder\u00e3o emendar as comemora\u00e7\u00f5es no Centro prestigiando as demais atra\u00e7\u00f5es culturais programadas<\/figcaption><\/figure>\n\n\n\n<p>Al\u00e9m das atra\u00e7\u00f5es culturais, quem visitar o Centro poder\u00e1 ainda prestigiar o melhor dos salgados, doces e bebidas da gastronomia local, em tr\u00eas pontos da rua Bar\u00e3o, dois da Rua do Ros\u00e1rio, na Pra\u00e7a Ruy Barbosa e pr\u00f3ximo ao Teatro Polytheama.<\/p>\n\n\n\n<p><strong>Passeio das fam\u00edlias<br><\/strong>Ao longo de todos os dias e noites de dezembro, milhares de pessoas t\u00eam aproveitado a ida ao Centro para acompanhar as tradicionais atra\u00e7\u00f5es que todos os anos a Prefeitura leva para a regi\u00e3o para comemorar as datas.<\/p>\n\n\n\n<p>Moradora do Medeiros, a Am\u00e9lia Barbosa aproveitou a ida ao Centro para passear com a neta Manuela, de 09 anos. Passando pelo cal\u00e7ad\u00e3o da Bar\u00e3o na tarde desta quinta-feira (08), av\u00f3 e neta prestigiaram e interagiram com a interven\u00e7\u00e3o dos Palha\u00e7os Rick &amp; Kelly. \u201cViemos dar uma volta para ver os enfeites e o Papai Noel, pois tinham mesmo falado que estava tudo muito enfeitado e bonito e quisemos vir conferir. \u00c9 gostoso ver o Centro cheio de atra\u00e7\u00f5es como estas, isso \u00e9 importante para a Cultura da cidade, que est\u00e1 cada vez com mais coisas para fazer\u201d, comentou Am\u00e9lia.<\/p>\n\n\n\n<figure class=\"wp-block-image size-large\"><img loading=\"lazy\" decoding=\"async\" width=\"1200\" height=\"801\" src=\"https:\/\/tvtecjundiai.com.br\/news\/wp-content\/uploads\/sites\/2\/2022\/12\/apresentacao-artistica-natal-luz_c_-21-1280x854-1-1200x801.jpg\" alt=\"\" class=\"wp-image-102198\" srcset=\"https:\/\/tvtecjundiai.com.br\/news\/wp-content\/uploads\/sites\/2\/2022\/12\/apresentacao-artistica-natal-luz_c_-21-1280x854-1-1200x801.jpg 1200w, https:\/\/tvtecjundiai.com.br\/news\/wp-content\/uploads\/sites\/2\/2022\/12\/apresentacao-artistica-natal-luz_c_-21-1280x854-1-300x200.jpg 300w, https:\/\/tvtecjundiai.com.br\/news\/wp-content\/uploads\/sites\/2\/2022\/12\/apresentacao-artistica-natal-luz_c_-21-1280x854-1-768x512.jpg 768w, https:\/\/tvtecjundiai.com.br\/news\/wp-content\/uploads\/sites\/2\/2022\/12\/apresentacao-artistica-natal-luz_c_-21-1280x854-1.jpg 1280w\" sizes=\"auto, (max-width: 1200px) 100vw, 1200px\" \/><figcaption class=\"wp-element-caption\">Am\u00e9lia e Manuela entraram na brincadeira e se divertiram com o grupo Rick &amp; Kelly<\/figcaption><\/figure>\n\n\n\n<p>O Circuito Natal Luz \u00e9 uma realiza\u00e7\u00e3o da Prefeitura, em parceria com a Associa\u00e7\u00e3o Comercial e Empresarial (ACE), a C\u00e2mara de Dirigentes Lojistas (CDL), o Sindicato do Com\u00e9rcio Varejista (Sincomercio) e a Catedral Nossa Senhora do Desterro.<\/p>\n\n\n\n<p><strong><em>(Fonte\/Imagens: Prefeitura de Jundia\u00ed)<\/em><\/strong><\/p>\n","protected":false},"excerpt":{"rendered":"<p>Depois da partida, torcedores poder\u00e3o emendar a festa com a apresenta\u00e7\u00e3o de um DJ<\/p>\n","protected":false},"author":30,"featured_media":102199,"comment_status":"closed","ping_status":"0","sticky":false,"template":"","format":"standard","meta":{"footnotes":""},"categories":[2834,8356,1],"tags":[],"class_list":["post-102196","post","type-post","status-publish","format-standard","has-post-thumbnail","hentry","category-cidades","category-jundiai","category-noticias"],"_links":{"self":[{"href":"https:\/\/tvtecjundiai.com.br\/news\/wp-json\/wp\/v2\/posts\/102196","targetHints":{"allow":["GET"]}}],"collection":[{"href":"https:\/\/tvtecjundiai.com.br\/news\/wp-json\/wp\/v2\/posts"}],"about":[{"href":"https:\/\/tvtecjundiai.com.br\/news\/wp-json\/wp\/v2\/types\/post"}],"author":[{"embeddable":true,"href":"https:\/\/tvtecjundiai.com.br\/news\/wp-json\/wp\/v2\/users\/30"}],"replies":[{"embeddable":true,"href":"https:\/\/tvtecjundiai.com.br\/news\/wp-json\/wp\/v2\/comments?post=102196"}],"version-history":[{"count":1,"href":"https:\/\/tvtecjundiai.com.br\/news\/wp-json\/wp\/v2\/posts\/102196\/revisions"}],"predecessor-version":[{"id":102200,"href":"https:\/\/tvtecjundiai.com.br\/news\/wp-json\/wp\/v2\/posts\/102196\/revisions\/102200"}],"wp:featuredmedia":[{"embeddable":true,"href":"https:\/\/tvtecjundiai.com.br\/news\/wp-json\/wp\/v2\/media\/102199"}],"wp:attachment":[{"href":"https:\/\/tvtecjundiai.com.br\/news\/wp-json\/wp\/v2\/media?parent=102196"}],"wp:term":[{"taxonomy":"category","embeddable":true,"href":"https:\/\/tvtecjundiai.com.br\/news\/wp-json\/wp\/v2\/categories?post=102196"},{"taxonomy":"post_tag","embeddable":true,"href":"https:\/\/tvtecjundiai.com.br\/news\/wp-json\/wp\/v2\/tags?post=102196"}],"curies":[{"name":"wp","href":"https:\/\/api.w.org\/{rel}","templated":true}]}}