{"id":102201,"date":"2022-12-09T08:44:20","date_gmt":"2022-12-09T11:44:20","guid":{"rendered":"https:\/\/tvtecjundiai.com.br\/news\/?p=102201"},"modified":"2022-12-09T09:29:06","modified_gmt":"2022-12-09T12:29:06","slug":"fim-de-semana-sera-ensolarado-em-jundiai-com-maxima-de-32c","status":"publish","type":"post","link":"https:\/\/tvtecjundiai.com.br\/news\/2022\/12\/09\/fim-de-semana-sera-ensolarado-em-jundiai-com-maxima-de-32c\/","title":{"rendered":"Fim de semana ser\u00e1 ensolarado em Jundia\u00ed, com m\u00e1xima de 32\u00b0C"},"content":{"rendered":"\n<p>Depois de muita chuva nos \u00faltimos dias, o sol volta a aparecer em Jundia\u00ed neste fim de semana. Segundo o Climatempo, os term\u00f4metros devem ficar entre 14\u00b0C e 32\u00b0C, com previs\u00e3o de poucas pancadas de chuva no domingo (11).<\/p>\n\n\n\n<p>Nesta sexta-feira (9), a previs\u00e3o \u00e9 de sol com algumas nuvens, sem chuva. Os term\u00f4metros ficam entre 15\u00b0C e 30\u00b0C.<\/p>\n\n\n<div class=\"wp-block-image\">\n<figure class=\"aligncenter size-full is-resized\"><img loading=\"lazy\" decoding=\"async\" src=\"https:\/\/tvtecjundiai.com.br\/news\/wp-content\/uploads\/sites\/2\/2022\/12\/317813415_5100810516689093_1053709893122581905_n.jpg\" alt=\"\" class=\"wp-image-102202\" width=\"679\" height=\"454\" srcset=\"https:\/\/tvtecjundiai.com.br\/news\/wp-content\/uploads\/sites\/2\/2022\/12\/317813415_5100810516689093_1053709893122581905_n.jpg 722w, https:\/\/tvtecjundiai.com.br\/news\/wp-content\/uploads\/sites\/2\/2022\/12\/317813415_5100810516689093_1053709893122581905_n-300x201.jpg 300w\" sizes=\"auto, (max-width: 679px) 100vw, 679px\" \/><figcaption class=\"wp-element-caption\">Foto: Jo\u00e3o Cunha<\/figcaption><\/figure>\n<\/div>\n\n\n<p>No s\u00e1bado (10), o dia deve ser de sol com algumas nuvens, sem previs\u00e3o de chuva. Os term\u00f4metros ficam entre 14\u00b0C e 31\u00b0C.<\/p>\n\n\n\n<p>No domingo (11), o dia \u00e9 de sol com algumas nuvens, mas h\u00e1 previs\u00e3o de curtas pancadas de chuva \u00e0 tarde, que devem somar apenas 5mm. Os term\u00f4metros marcam entre 18\u00b0C e 32\u00b0C, a m\u00e1xima prevista para o fim de semana.<\/p>\n\n\n\n<p><strong><em>(Fonte: TVTEC Jundia\u00ed\/Imagem: Jo\u00e3o Cunha)<\/em><\/strong><\/p>\n","protected":false},"excerpt":{"rendered":"<p>Nesta sexta-feira (9), a previs\u00e3o \u00e9 de sol com algumas nuvens, sem chuva<\/p>\n","protected":false},"author":30,"featured_media":102202,"comment_status":"closed","ping_status":"0","sticky":false,"template":"","format":"standard","meta":{"footnotes":""},"categories":[3185,29,8356,1],"tags":[],"class_list":["post-102201","post","type-post","status-publish","format-standard","has-post-thumbnail","hentry","category-clima","category-destaque","category-jundiai","category-noticias"],"_links":{"self":[{"href":"https:\/\/tvtecjundiai.com.br\/news\/wp-json\/wp\/v2\/posts\/102201","targetHints":{"allow":["GET"]}}],"collection":[{"href":"https:\/\/tvtecjundiai.com.br\/news\/wp-json\/wp\/v2\/posts"}],"about":[{"href":"https:\/\/tvtecjundiai.com.br\/news\/wp-json\/wp\/v2\/types\/post"}],"author":[{"embeddable":true,"href":"https:\/\/tvtecjundiai.com.br\/news\/wp-json\/wp\/v2\/users\/30"}],"replies":[{"embeddable":true,"href":"https:\/\/tvtecjundiai.com.br\/news\/wp-json\/wp\/v2\/comments?post=102201"}],"version-history":[{"count":2,"href":"https:\/\/tvtecjundiai.com.br\/news\/wp-json\/wp\/v2\/posts\/102201\/revisions"}],"predecessor-version":[{"id":102227,"href":"https:\/\/tvtecjundiai.com.br\/news\/wp-json\/wp\/v2\/posts\/102201\/revisions\/102227"}],"wp:featuredmedia":[{"embeddable":true,"href":"https:\/\/tvtecjundiai.com.br\/news\/wp-json\/wp\/v2\/media\/102202"}],"wp:attachment":[{"href":"https:\/\/tvtecjundiai.com.br\/news\/wp-json\/wp\/v2\/media?parent=102201"}],"wp:term":[{"taxonomy":"category","embeddable":true,"href":"https:\/\/tvtecjundiai.com.br\/news\/wp-json\/wp\/v2\/categories?post=102201"},{"taxonomy":"post_tag","embeddable":true,"href":"https:\/\/tvtecjundiai.com.br\/news\/wp-json\/wp\/v2\/tags?post=102201"}],"curies":[{"name":"wp","href":"https:\/\/api.w.org\/{rel}","templated":true}]}}