{"id":102366,"date":"2022-12-13T09:28:55","date_gmt":"2022-12-13T12:28:55","guid":{"rendered":"https:\/\/tvtecjundiai.com.br\/news\/?p=102366"},"modified":"2022-12-13T09:29:01","modified_gmt":"2022-12-13T12:29:01","slug":"familias-mantem-a-tradicao-de-visitar-a-exposicao-de-presepios-no-solar-do-barao","status":"publish","type":"post","link":"https:\/\/tvtecjundiai.com.br\/news\/2022\/12\/13\/familias-mantem-a-tradicao-de-visitar-a-exposicao-de-presepios-no-solar-do-barao\/","title":{"rendered":"Fam\u00edlias mant\u00eam a tradi\u00e7\u00e3o de visitar a exposi\u00e7\u00e3o de pres\u00e9pios no Solar do Bar\u00e3o"},"content":{"rendered":"\n<p>Como em todos os finais de ano, as fam\u00edlias jundiaienses e de toda a regi\u00e3o t\u00eam mantido a tradi\u00e7\u00e3o e prestigiado com as novas gera\u00e7\u00f5es a sempre aclamada&nbsp;<a rel=\"noreferrer noopener\" href=\"https:\/\/cultura.jundiai.sp.gov.br\/exposicoes\/exposicao-de-presepios-2022\/\" target=\"_blank\">exposi\u00e7\u00e3o de pres\u00e9pios do Museu Hist\u00f3rico e Cultural \u2013 Solar do Bar\u00e3o<\/a>. Aproveitando o passeio e as compras pelo Centro, os visitantes n\u00e3o deixam de conferir esta atra\u00e7\u00e3o especial preparada todos os anos pela Prefeitura e que integra a&nbsp;<a href=\"https:\/\/jundiai.sp.gov.br\/circuitonatalluz\/\" target=\"_blank\" rel=\"noreferrer noopener\">extensa programa\u00e7\u00e3o do Circuito Natal Luz 2022<\/a>&nbsp;e o&nbsp;<a rel=\"noreferrer noopener\" href=\"https:\/\/jundiai.sp.gov.br\/aniversario\/\" target=\"_blank\">anivers\u00e1rio de 366 anos de Jundia\u00ed<\/a>.<\/p>\n\n\n\n<p>\u201cAcompanhando a tradi\u00e7\u00e3o crist\u00e3 da montagem de pres\u00e9pios, os visitantes t\u00eam at\u00e9 o dia 06 de janeiro para prestigiar as centenas de pres\u00e9pios e mini-pres\u00e9pios que a Cultura monta no Museu, com a colabora\u00e7\u00e3o de parceiros da sociedade que generosamente emprestam seus acervos para que todos possam contemplar. Uma participa\u00e7\u00e3o vista n\u00e3o somente na montagem como tamb\u00e9m nas visita\u00e7\u00f5es. E em Jundia\u00ed, Cidade das Crian\u00e7as, temos visto a crian\u00e7ada bastante numerosa por nossas salas e jardins\u201d, comentou o gestor de Cultura, Marcelo Peroni.<\/p>\n\n\n\n<p><a rel=\"noreferrer noopener\" href=\"https:\/\/www.flickr.com\/photos\/prefeituradejundiai\/albums\/72177720304146658\" target=\"_blank\">CONFIRA AS FOTOS DO CIRCUITO NATAL LUZ<\/a><\/p>\n\n\n\n<figure class=\"wp-block-image size-large\"><img loading=\"lazy\" decoding=\"async\" width=\"1200\" height=\"800\" src=\"https:\/\/tvtecjundiai.com.br\/news\/wp-content\/uploads\/sites\/2\/2022\/12\/exposicao_presepios_solar_do_barao-1280x853-1-1200x800.jpg\" alt=\"\" class=\"wp-image-102367\" srcset=\"https:\/\/tvtecjundiai.com.br\/news\/wp-content\/uploads\/sites\/2\/2022\/12\/exposicao_presepios_solar_do_barao-1280x853-1-1200x800.jpg 1200w, https:\/\/tvtecjundiai.com.br\/news\/wp-content\/uploads\/sites\/2\/2022\/12\/exposicao_presepios_solar_do_barao-1280x853-1-300x200.jpg 300w, https:\/\/tvtecjundiai.com.br\/news\/wp-content\/uploads\/sites\/2\/2022\/12\/exposicao_presepios_solar_do_barao-1280x853-1-768x512.jpg 768w, https:\/\/tvtecjundiai.com.br\/news\/wp-content\/uploads\/sites\/2\/2022\/12\/exposicao_presepios_solar_do_barao-1280x853-1.jpg 1280w\" sizes=\"auto, (max-width: 1200px) 100vw, 1200px\" \/><\/figure>\n\n\n\n<p>A servidora p\u00fablica municipal Sandy Oliveira, moradora do Caxambu, aproveitou o passeio pelo Centro para levar a sobrinha Lorena Camargo, de tr\u00eas anos, para visitar o Museu pela primeira vez. \u201cEsta exposi\u00e7\u00e3o e este Museu s\u00e3o s\u00edmbolos de Jundia\u00ed, cidade onde nasci e onde fui criada. Da mesma forma como me traziam aqui quando era crian\u00e7a, decidi manter a tradi\u00e7\u00e3o\u201d, comentou.<\/p>\n\n\n\n<p>J\u00e1 o Ezequiel Santos, morador de Francisco Morato, aproveitou a vinda ao Centro de Jundia\u00ed para ir uma consulta m\u00e9dica e conferir a exposi\u00e7\u00e3o com o filho Davi, de oito anos. \u201cNa verdade, quem me trouxe foi o Davi. Ele j\u00e1 tinha visitado a exposi\u00e7\u00e3o com minha esposa e insistiu que eu viesse. Este contato dele com a Cultura e a Hist\u00f3ria \u00e9 a base para que ele se torne um adulto melhor\u201d, ponderou o t\u00e9cnico de seguran\u00e7a do trabalho.<\/p>\n\n\n\n<figure class=\"wp-block-image size-large\"><img loading=\"lazy\" decoding=\"async\" width=\"1200\" height=\"801\" src=\"https:\/\/tvtecjundiai.com.br\/news\/wp-content\/uploads\/sites\/2\/2022\/12\/exposicao-de-presepios-no-solar-do-barao_c_-10-1280x854-1-1200x801.jpg\" alt=\"\" class=\"wp-image-102368\" srcset=\"https:\/\/tvtecjundiai.com.br\/news\/wp-content\/uploads\/sites\/2\/2022\/12\/exposicao-de-presepios-no-solar-do-barao_c_-10-1280x854-1-1200x801.jpg 1200w, https:\/\/tvtecjundiai.com.br\/news\/wp-content\/uploads\/sites\/2\/2022\/12\/exposicao-de-presepios-no-solar-do-barao_c_-10-1280x854-1-300x200.jpg 300w, https:\/\/tvtecjundiai.com.br\/news\/wp-content\/uploads\/sites\/2\/2022\/12\/exposicao-de-presepios-no-solar-do-barao_c_-10-1280x854-1-768x512.jpg 768w, https:\/\/tvtecjundiai.com.br\/news\/wp-content\/uploads\/sites\/2\/2022\/12\/exposicao-de-presepios-no-solar-do-barao_c_-10-1280x854-1.jpg 1280w\" sizes=\"auto, (max-width: 1200px) 100vw, 1200px\" \/><figcaption class=\"wp-element-caption\">Sandy levou a sobrinha Lorena para o seu primeiro passeio pelo Museu<br><\/figcaption><\/figure>\n\n\n\n<p>Quem visitar a exposi\u00e7\u00e3o poder\u00e1 conferir montagens tradicionais, em bucha vegetal, sobre uma caravela, com tema africano, sobre tabuleiro de xadrez, em giz, em cordel nordestino, de garrafas PET, com sucatas de autom\u00f3veis e em caba\u00e7as. Diversas formas, tamanhos, materiais e gostos para interpretar e resgatar a encena\u00e7\u00e3o do nascimento do menino Jesus que, segundo a tradi\u00e7\u00e3o, teria sido criada por S\u00e3o Francisco de Assis, santo cat\u00f3lico tamb\u00e9m presente em est\u00e1tuas e quadros expostos.<\/p>\n\n\n\n<p>Peroni acrescenta ainda algumas novidades para a programa\u00e7\u00e3o no Museu deste ano. \u201cEste ano est\u00e1 de volta a encena\u00e7\u00e3o com atores de Pres\u00e9pio Vivo nos jardins. Nos dias 15, 16, 19, 20, 21, 22 e 23, est\u00e3o programadas duas sess\u00f5es, \u00e0s 19h30 e \u00e0s 20h30. J\u00e1 no s\u00e1bado (17), tem sess\u00e3o \u00e0s 14h e \u00e0s 16h, e no domingo (18), \u00e0s 10h e \u00e0s 12h\u201d.<\/p>\n\n\n\n<figure class=\"wp-block-image size-large\"><img loading=\"lazy\" decoding=\"async\" width=\"1200\" height=\"801\" src=\"https:\/\/tvtecjundiai.com.br\/news\/wp-content\/uploads\/sites\/2\/2022\/12\/exposicao-de-presepios-no-solar-do-barao_c_-2-1280x854-1-1200x801.jpg\" alt=\"\" class=\"wp-image-102369\" srcset=\"https:\/\/tvtecjundiai.com.br\/news\/wp-content\/uploads\/sites\/2\/2022\/12\/exposicao-de-presepios-no-solar-do-barao_c_-2-1280x854-1-1200x801.jpg 1200w, https:\/\/tvtecjundiai.com.br\/news\/wp-content\/uploads\/sites\/2\/2022\/12\/exposicao-de-presepios-no-solar-do-barao_c_-2-1280x854-1-300x200.jpg 300w, https:\/\/tvtecjundiai.com.br\/news\/wp-content\/uploads\/sites\/2\/2022\/12\/exposicao-de-presepios-no-solar-do-barao_c_-2-1280x854-1-768x512.jpg 768w, https:\/\/tvtecjundiai.com.br\/news\/wp-content\/uploads\/sites\/2\/2022\/12\/exposicao-de-presepios-no-solar-do-barao_c_-2-1280x854-1.jpg 1280w\" sizes=\"auto, (max-width: 1200px) 100vw, 1200px\" \/><figcaption class=\"wp-element-caption\">Ezequiel e Davi conferiram tamb\u00e9m os pres\u00e9pios no novo espa\u00e7o expositivo no piso t\u00e9rreo, no entorno dos jardins<br><\/figcaption><\/figure>\n\n\n\n<p>O Museu fica na rua Bar\u00e3o de Jundia\u00ed, 762 \u2013 Centro. At\u00e9 o dia 23 de dezembro, o Museu fica aberto de segunda a sexta-feira, das 10h \u00e0s 21h, e aos s\u00e1bados e domingos, das 10h \u00e0s 17h. J\u00e1 entre os dias 26 de dezembro e 06 de janeiro, o espa\u00e7o fica aberto de segunda-feira a domingo, das 10h \u00e0s 17h. Mais informa\u00e7\u00f5es pelo telefone (11) 4521-6259.<\/p>\n\n\n\n<p>O\u00a0<a rel=\"noreferrer noopener\" href=\"https:\/\/jundiai.sp.gov.br\/circuitonatalluz\/\" target=\"_blank\">Circuito Natal Luz<\/a>\u00a0\u00e9 uma realiza\u00e7\u00e3o da Prefeitura, em parceria com a Associa\u00e7\u00e3o Comercial e Empresarial (ACE), a C\u00e2mara de Dirigentes Lojistas (CDL), o Sindicato do Com\u00e9rcio Varejista (Sincomercio) e a Catedral Nossa Senhora do Desterro.<\/p>\n\n\n\n<p><strong><em>( Fonte\/ Imagens: Prefeitura de Jundia\u00ed)<\/em><\/strong><\/p>\n","protected":false},"excerpt":{"rendered":"<p> Os visitantes t\u00eam at\u00e9 o dia 06 de janeiro para prestigiar as centenas de pres\u00e9pios e mini-pres\u00e9pios no Museu.<\/p>\n","protected":false},"author":27,"featured_media":102367,"comment_status":"closed","ping_status":"0","sticky":false,"template":"","format":"standard","meta":{"footnotes":""},"categories":[8356,8354,1],"tags":[],"class_list":["post-102366","post","type-post","status-publish","format-standard","has-post-thumbnail","hentry","category-jundiai","category-lazer","category-noticias"],"_links":{"self":[{"href":"https:\/\/tvtecjundiai.com.br\/news\/wp-json\/wp\/v2\/posts\/102366","targetHints":{"allow":["GET"]}}],"collection":[{"href":"https:\/\/tvtecjundiai.com.br\/news\/wp-json\/wp\/v2\/posts"}],"about":[{"href":"https:\/\/tvtecjundiai.com.br\/news\/wp-json\/wp\/v2\/types\/post"}],"author":[{"embeddable":true,"href":"https:\/\/tvtecjundiai.com.br\/news\/wp-json\/wp\/v2\/users\/27"}],"replies":[{"embeddable":true,"href":"https:\/\/tvtecjundiai.com.br\/news\/wp-json\/wp\/v2\/comments?post=102366"}],"version-history":[{"count":1,"href":"https:\/\/tvtecjundiai.com.br\/news\/wp-json\/wp\/v2\/posts\/102366\/revisions"}],"predecessor-version":[{"id":102374,"href":"https:\/\/tvtecjundiai.com.br\/news\/wp-json\/wp\/v2\/posts\/102366\/revisions\/102374"}],"wp:featuredmedia":[{"embeddable":true,"href":"https:\/\/tvtecjundiai.com.br\/news\/wp-json\/wp\/v2\/media\/102367"}],"wp:attachment":[{"href":"https:\/\/tvtecjundiai.com.br\/news\/wp-json\/wp\/v2\/media?parent=102366"}],"wp:term":[{"taxonomy":"category","embeddable":true,"href":"https:\/\/tvtecjundiai.com.br\/news\/wp-json\/wp\/v2\/categories?post=102366"},{"taxonomy":"post_tag","embeddable":true,"href":"https:\/\/tvtecjundiai.com.br\/news\/wp-json\/wp\/v2\/tags?post=102366"}],"curies":[{"name":"wp","href":"https:\/\/api.w.org\/{rel}","templated":true}]}}