{"id":102385,"date":"2022-12-13T10:27:08","date_gmt":"2022-12-13T13:27:08","guid":{"rendered":"https:\/\/tvtecjundiai.com.br\/news\/?p=102385"},"modified":"2022-12-13T10:31:17","modified_gmt":"2022-12-13T13:31:17","slug":"podtrampo-especial-de-natal-conheca-a-bolitas-bolos","status":"publish","type":"post","link":"https:\/\/tvtecjundiai.com.br\/news\/2022\/12\/13\/podtrampo-especial-de-natal-conheca-a-bolitas-bolos\/","title":{"rendered":"PodTrampo especial de Natal: conhe\u00e7a a Bolita&#8217;s Bolos"},"content":{"rendered":"\n<p>O 30\u00b0 epis\u00f3dio do PodTrampo, podcast da TVTEC Jundia\u00ed sobre empregabilidade, mercado de trabalho e empreendedorismo, teve como convidada Talita Polli Dalmazo, propriet\u00e1ria da Bolita&#8217;s Bolos. <\/p>\n\n\n\n<p>Apresentado pela jornalista Tayana Konrath, o bate-papo foi sobre a loja de bolos e doces de Talita, como est\u00e3o os preparativos e encomendas para o Natal e como \u00e9 administrar o pr\u00f3prio neg\u00f3cio nessa \u00e9poca do ano.<\/p>\n\n\n\n<p>O podcast foi ao ar nesta ter\u00e7a-feira (6), \u00e0s 9h, com transmiss\u00e3o pelo Facebook e YouTube da TVTEC Jundia\u00ed. Para ouvir depois, \u00e9 poss\u00edvel acompanhar o PodTrampo a qualquer hora pelas plataformas de m\u00fasica.<\/p>\n\n\n<div class=\"wp-block-image\">\n<figure class=\"aligncenter size-large is-resized\"><img loading=\"lazy\" decoding=\"async\" src=\"https:\/\/tvtecjundiai.com.br\/news\/wp-content\/uploads\/sites\/2\/2022\/12\/WhatsApp-Image-2022-12-13-at-09.45.23-edited.jpeg\" alt=\"\" class=\"wp-image-102387\" width=\"696\" height=\"435\" srcset=\"https:\/\/tvtecjundiai.com.br\/news\/wp-content\/uploads\/sites\/2\/2022\/12\/WhatsApp-Image-2022-12-13-at-09.45.23-edited.jpeg 1280w, https:\/\/tvtecjundiai.com.br\/news\/wp-content\/uploads\/sites\/2\/2022\/12\/WhatsApp-Image-2022-12-13-at-09.45.23-edited-300x188.jpeg 300w, https:\/\/tvtecjundiai.com.br\/news\/wp-content\/uploads\/sites\/2\/2022\/12\/WhatsApp-Image-2022-12-13-at-09.45.23-edited-1200x750.jpeg 1200w, https:\/\/tvtecjundiai.com.br\/news\/wp-content\/uploads\/sites\/2\/2022\/12\/WhatsApp-Image-2022-12-13-at-09.45.23-edited-768x480.jpeg 768w\" sizes=\"auto, (max-width: 696px) 100vw, 696px\" \/><\/figure>\n<\/div>\n\n\n<p><strong>PodTrampo \u2013 O podcast sobre empregabilidade da TVTEC Jundia\u00ed<\/strong><\/p>\n\n\n\n<p><a href=\"https:\/\/www.facebook.com\/tvtecjundiai\/videos\/1355761661857098\" data-type=\"URL\" data-id=\"https:\/\/www.facebook.com\/tvtecjundiai\/videos\/1355761661857098\">Assista no Facebook<\/a><\/p>\n\n\n\n<p><a href=\"https:\/\/www.youtube.com\/watch?v=2wFtmCAAELg\" data-type=\"URL\" data-id=\"https:\/\/www.youtube.com\/watch?v=2wFtmCAAELg\">Assista no YouTube<\/a><\/p>\n\n\n\n<p><a href=\"https:\/\/open.spotify.com\/show\/7z6svX7eOSDP0ro1CLadv9\">Ou\u00e7a no Spotify<\/a><\/p>\n\n\n\n<p><a href=\"https:\/\/www.deezer.com\/br\/show\/3705277\">Ou\u00e7a no Deezer<\/a><\/p>\n\n\n\n<p><a href=\"https:\/\/podcasts.apple.com\/br\/podcast\/podtrampo\/id1624539227\">Ou\u00e7a no iTunes<\/a><\/p>\n\n\n\n<p><strong><em>(Fonte\/Imagem: TVTEC Jundia\u00ed)<\/em><\/strong><\/p>\n","protected":false},"excerpt":{"rendered":"<p>O bate-papo foi sobre os preparativos e encomendas neste fim de ano<\/p>\n","protected":false},"author":30,"featured_media":102387,"comment_status":"closed","ping_status":"0","sticky":false,"template":"","format":"standard","meta":{"footnotes":""},"categories":[29,8362,8356,1],"tags":[],"class_list":["post-102385","post","type-post","status-publish","format-standard","has-post-thumbnail","hentry","category-destaque","category-empreendedorismo","category-jundiai","category-noticias"],"_links":{"self":[{"href":"https:\/\/tvtecjundiai.com.br\/news\/wp-json\/wp\/v2\/posts\/102385","targetHints":{"allow":["GET"]}}],"collection":[{"href":"https:\/\/tvtecjundiai.com.br\/news\/wp-json\/wp\/v2\/posts"}],"about":[{"href":"https:\/\/tvtecjundiai.com.br\/news\/wp-json\/wp\/v2\/types\/post"}],"author":[{"embeddable":true,"href":"https:\/\/tvtecjundiai.com.br\/news\/wp-json\/wp\/v2\/users\/30"}],"replies":[{"embeddable":true,"href":"https:\/\/tvtecjundiai.com.br\/news\/wp-json\/wp\/v2\/comments?post=102385"}],"version-history":[{"count":2,"href":"https:\/\/tvtecjundiai.com.br\/news\/wp-json\/wp\/v2\/posts\/102385\/revisions"}],"predecessor-version":[{"id":102389,"href":"https:\/\/tvtecjundiai.com.br\/news\/wp-json\/wp\/v2\/posts\/102385\/revisions\/102389"}],"wp:featuredmedia":[{"embeddable":true,"href":"https:\/\/tvtecjundiai.com.br\/news\/wp-json\/wp\/v2\/media\/102387"}],"wp:attachment":[{"href":"https:\/\/tvtecjundiai.com.br\/news\/wp-json\/wp\/v2\/media?parent=102385"}],"wp:term":[{"taxonomy":"category","embeddable":true,"href":"https:\/\/tvtecjundiai.com.br\/news\/wp-json\/wp\/v2\/categories?post=102385"},{"taxonomy":"post_tag","embeddable":true,"href":"https:\/\/tvtecjundiai.com.br\/news\/wp-json\/wp\/v2\/tags?post=102385"}],"curies":[{"name":"wp","href":"https:\/\/api.w.org\/{rel}","templated":true}]}}