{"id":102393,"date":"2022-12-13T11:08:51","date_gmt":"2022-12-13T14:08:51","guid":{"rendered":"https:\/\/tvtecjundiai.com.br\/news\/?p=102393"},"modified":"2022-12-13T11:09:16","modified_gmt":"2022-12-13T14:09:16","slug":"salario-minimo-sobe-para-r-1-302-em-2023","status":"publish","type":"post","link":"https:\/\/tvtecjundiai.com.br\/news\/2022\/12\/13\/salario-minimo-sobe-para-r-1-302-em-2023\/","title":{"rendered":"Sal\u00e1rio m\u00ednimo sobe para R$ 1.302 em 2023"},"content":{"rendered":"\n<p>A partir de 1\u00ba de janeiro de 2023, o sal\u00e1rio m\u00ednimo, que atualmente \u00e9 de R$ 1.212, ser\u00e1 de R$ 1.302.<img decoding=\"async\" src=\"https:\/\/agenciabrasil.ebc.com.br\/ebc.png?id=1498040&amp;o=node\"><img decoding=\"async\" src=\"https:\/\/agenciabrasil.ebc.com.br\/ebc.gif?id=1498040&amp;o=node\"><\/p>\n\n\n\n<p>O valor atualizado est\u00e1 em uma\u00a0<a rel=\"noreferrer noopener\" href=\"https:\/\/www.in.gov.br\/web\/dou\/-\/medida-provisoria-n-1.143-de-12-de-dezembro-de-2022-449723945\" target=\"_blank\">medida provis\u00f3ria<\/a>\u00a0publicada nesta segunda-feira (12) no\u00a0<em>Di\u00e1rio Oficial da Uni\u00e3o<\/em>.<\/p>\n\n\n\n<p>Em nota, a Secretaria-Geral da Presid\u00eancia da Rep\u00fablica explicou que valor considera uma varia\u00e7\u00e3o da infla\u00e7\u00e3o de 5,81%, acrescida de ganho real de cerca de 1,5%.<\/p>\n\n\n<div class=\"wp-block-image\">\n<figure class=\"aligncenter size-large is-resized\"><img loading=\"lazy\" decoding=\"async\" src=\"https:\/\/tvtecjundiai.com.br\/news\/wp-content\/uploads\/sites\/2\/2022\/12\/real_moeda_dinheiro_mcajr_2904223669-1200x799.jpg\" alt=\"\" class=\"wp-image-102394\" width=\"636\" height=\"423\" srcset=\"https:\/\/tvtecjundiai.com.br\/news\/wp-content\/uploads\/sites\/2\/2022\/12\/real_moeda_dinheiro_mcajr_2904223669-1200x799.jpg 1200w, https:\/\/tvtecjundiai.com.br\/news\/wp-content\/uploads\/sites\/2\/2022\/12\/real_moeda_dinheiro_mcajr_2904223669-300x200.jpg 300w, https:\/\/tvtecjundiai.com.br\/news\/wp-content\/uploads\/sites\/2\/2022\/12\/real_moeda_dinheiro_mcajr_2904223669-768x511.jpg 768w, https:\/\/tvtecjundiai.com.br\/news\/wp-content\/uploads\/sites\/2\/2022\/12\/real_moeda_dinheiro_mcajr_2904223669.jpg 1280w\" sizes=\"auto, (max-width: 636px) 100vw, 636px\" \/><figcaption class=\"wp-element-caption\">Foto: Marcello Casal Jr\/Ag\u00eancia Brasil<\/figcaption><\/figure>\n<\/div>\n\n\n<p>&#8220;O valor de R$ 1.302,00 se refere ao sal\u00e1rio m\u00ednimo nacional. O valor \u00e9 aplic\u00e1vel a todos os trabalhadores, do setor p\u00fablico e privado, como tamb\u00e9m para as aposentadorias e pens\u00f5es&#8221;, acrescenta a nota.<\/p>\n\n\n\n<p>Por se tratar de medida provis\u00f3ria, o texto ter\u00e1 de ser analisado por deputados e senadores. O mesmo novo valor para o sal\u00e1rio m\u00ednimo j\u00e1 estava previsto no projeto de Lei Or\u00e7ament\u00e1ria Anual (LOA) de 2023, que foi enviado ao Congresso Nacional em agosto.<\/p>\n\n\n\n<p><strong><em>(Fonte: Ag\u00eancia Brasil\/Imagem: Marcello Casal Jr\/Ag\u00eancia Brasil)<\/em><\/strong><\/p>\n","protected":false},"excerpt":{"rendered":"<p>O valor atualizado est\u00e1 em medida provis\u00f3ria\u00a0publicada nesta segunda (12)<\/p>\n","protected":false},"author":30,"featured_media":102394,"comment_status":"closed","ping_status":"0","sticky":false,"template":"","format":"standard","meta":{"footnotes":""},"categories":[29,2829,8356,1],"tags":[],"class_list":["post-102393","post","type-post","status-publish","format-standard","has-post-thumbnail","hentry","category-destaque","category-economia","category-jundiai","category-noticias"],"_links":{"self":[{"href":"https:\/\/tvtecjundiai.com.br\/news\/wp-json\/wp\/v2\/posts\/102393","targetHints":{"allow":["GET"]}}],"collection":[{"href":"https:\/\/tvtecjundiai.com.br\/news\/wp-json\/wp\/v2\/posts"}],"about":[{"href":"https:\/\/tvtecjundiai.com.br\/news\/wp-json\/wp\/v2\/types\/post"}],"author":[{"embeddable":true,"href":"https:\/\/tvtecjundiai.com.br\/news\/wp-json\/wp\/v2\/users\/30"}],"replies":[{"embeddable":true,"href":"https:\/\/tvtecjundiai.com.br\/news\/wp-json\/wp\/v2\/comments?post=102393"}],"version-history":[{"count":2,"href":"https:\/\/tvtecjundiai.com.br\/news\/wp-json\/wp\/v2\/posts\/102393\/revisions"}],"predecessor-version":[{"id":102396,"href":"https:\/\/tvtecjundiai.com.br\/news\/wp-json\/wp\/v2\/posts\/102393\/revisions\/102396"}],"wp:featuredmedia":[{"embeddable":true,"href":"https:\/\/tvtecjundiai.com.br\/news\/wp-json\/wp\/v2\/media\/102394"}],"wp:attachment":[{"href":"https:\/\/tvtecjundiai.com.br\/news\/wp-json\/wp\/v2\/media?parent=102393"}],"wp:term":[{"taxonomy":"category","embeddable":true,"href":"https:\/\/tvtecjundiai.com.br\/news\/wp-json\/wp\/v2\/categories?post=102393"},{"taxonomy":"post_tag","embeddable":true,"href":"https:\/\/tvtecjundiai.com.br\/news\/wp-json\/wp\/v2\/tags?post=102393"}],"curies":[{"name":"wp","href":"https:\/\/api.w.org\/{rel}","templated":true}]}}