{"id":102397,"date":"2022-12-13T11:59:08","date_gmt":"2022-12-13T14:59:08","guid":{"rendered":"https:\/\/tvtecjundiai.com.br\/news\/?p=102397"},"modified":"2022-12-13T11:59:09","modified_gmt":"2022-12-13T14:59:09","slug":"expresso-natalino-circula-pelos-bairros-de-jundiai-ate-22-de-dezembro","status":"publish","type":"post","link":"https:\/\/tvtecjundiai.com.br\/news\/2022\/12\/13\/expresso-natalino-circula-pelos-bairros-de-jundiai-ate-22-de-dezembro\/","title":{"rendered":"Expresso Natalino circula pelos bairros de Jundia\u00ed at\u00e9 22 de dezembro"},"content":{"rendered":"\n<p>O trenzinho Expresso Natalino, a\u00e7\u00e3o conjunta da C\u00e2mara de Dirigentes Lojistas (CDL) e do Sindicato do Com\u00e9rcio Varejista de Jundia\u00ed e Regi\u00e3o (Sincomercio), continua passando pelos bairros da cidade at\u00e9 dia 22 de dezembro, acompanhado da Trupe de Natal. A atra\u00e7\u00e3o faz parte do Natal 2022, uma a\u00e7\u00e3o da CDL e Sincomercio, em parceria com a Prefeitura de Jundia\u00ed.<\/p>\n\n\n\n<p>A passagem do Expresso Natalino nos bairros ser\u00e1 das 15h \u00e0s 17h.<\/p>\n\n\n<div class=\"wp-block-image\">\n<figure class=\"aligncenter size-full is-resized\"><img loading=\"lazy\" decoding=\"async\" src=\"https:\/\/tvtecjundiai.com.br\/news\/wp-content\/uploads\/sites\/2\/2022\/12\/Expresso-Natalino.jpeg\" alt=\"\" class=\"wp-image-102398\" width=\"651\" height=\"488\" srcset=\"https:\/\/tvtecjundiai.com.br\/news\/wp-content\/uploads\/sites\/2\/2022\/12\/Expresso-Natalino.jpeg 1080w, https:\/\/tvtecjundiai.com.br\/news\/wp-content\/uploads\/sites\/2\/2022\/12\/Expresso-Natalino-300x225.jpeg 300w, https:\/\/tvtecjundiai.com.br\/news\/wp-content\/uploads\/sites\/2\/2022\/12\/Expresso-Natalino-768x576.jpeg 768w\" sizes=\"auto, (max-width: 651px) 100vw, 651px\" \/><\/figure>\n<\/div>\n\n\n<p><strong>Programa\u00e7\u00e3o &#8211; bairros visitados:<\/strong><\/p>\n\n\n\n<ul class=\"wp-block-list\">\n<li>13 de dezembro: Santa Gertrudes<\/li>\n\n\n\n<li>14 de dezembro: Eloy Chaves, Jardim Ermida e Medeiros<\/li>\n\n\n\n<li>15 de dezembro: Vila Arens, Vianelo, Avenida Nove de Julho e Vila Rami<\/li>\n\n\n\n<li>16 de dezembro: Vila Hortol\u00e2ndia, Vila Rio Branco, Jardim das Tulipas<\/li>\n\n\n\n<li>19 de dezembro: Agapeama, Vila Progresso e Jardim do Lago<\/li>\n\n\n\n<li>21 de dezembro: Vila Hortol\u00e2ndia, Vila Rio Branco, Jardim das Tulipas<\/li>\n\n\n\n<li>22 de dezembro: Vila Arens, Vianelo, Avenida 9 de Julho e Vila Rami\u00a0<\/li>\n<\/ul>\n\n\n<div class=\"wp-block-image\">\n<figure class=\"aligncenter size-large is-resized\"><img loading=\"lazy\" decoding=\"async\" src=\"https:\/\/tvtecjundiai.com.br\/news\/wp-content\/uploads\/sites\/2\/2022\/12\/Natal-2022-35-1200x900.jpg\" alt=\"\" class=\"wp-image-102399\" width=\"667\" height=\"500\" srcset=\"https:\/\/tvtecjundiai.com.br\/news\/wp-content\/uploads\/sites\/2\/2022\/12\/Natal-2022-35-1200x900.jpg 1200w, https:\/\/tvtecjundiai.com.br\/news\/wp-content\/uploads\/sites\/2\/2022\/12\/Natal-2022-35-300x225.jpg 300w, https:\/\/tvtecjundiai.com.br\/news\/wp-content\/uploads\/sites\/2\/2022\/12\/Natal-2022-35-768x576.jpg 768w, https:\/\/tvtecjundiai.com.br\/news\/wp-content\/uploads\/sites\/2\/2022\/12\/Natal-2022-35.jpg 1280w\" sizes=\"auto, (max-width: 667px) 100vw, 667px\" \/><\/figure>\n<\/div>\n\n\n<p><strong>Passeios no Centro<\/strong><\/p>\n\n\n\n<p>No retorno dos bairros, acontecer\u00e3o normalmente os passeios gratuitos no trenzinho, na companhia da Trupe do Natal, com embarque na Pra\u00e7a Marechal Floriano Peixoto (Pra\u00e7a do Coreto), de segunda a sexta-feira, das 18h \u00e0s 21h, e das 10h \u00e0s 14h30* aos s\u00e1bados e domingos <strong>(*intervalo das 12h30 \u00e0s 13h30).<\/strong> N\u00e3o existem passeios programados na segunda-feira (20), por conta da realiza\u00e7\u00e3o da Parada Natalina. A programa\u00e7\u00e3o est\u00e1 sujeita a altera\u00e7\u00f5es.<\/p>\n\n\n\n<p><strong><em>(Fonte\/Imagens: Assessoria CDL Jundia\u00ed)<\/em><\/strong><\/p>\n","protected":false},"excerpt":{"rendered":"<p>A passagem do trenzinho ser\u00e1 das 15h \u00e0s 17h<\/p>\n","protected":false},"author":30,"featured_media":102398,"comment_status":"closed","ping_status":"0","sticky":false,"template":"","format":"standard","meta":{"footnotes":""},"categories":[2834,8356,1],"tags":[],"class_list":["post-102397","post","type-post","status-publish","format-standard","has-post-thumbnail","hentry","category-cidades","category-jundiai","category-noticias"],"_links":{"self":[{"href":"https:\/\/tvtecjundiai.com.br\/news\/wp-json\/wp\/v2\/posts\/102397","targetHints":{"allow":["GET"]}}],"collection":[{"href":"https:\/\/tvtecjundiai.com.br\/news\/wp-json\/wp\/v2\/posts"}],"about":[{"href":"https:\/\/tvtecjundiai.com.br\/news\/wp-json\/wp\/v2\/types\/post"}],"author":[{"embeddable":true,"href":"https:\/\/tvtecjundiai.com.br\/news\/wp-json\/wp\/v2\/users\/30"}],"replies":[{"embeddable":true,"href":"https:\/\/tvtecjundiai.com.br\/news\/wp-json\/wp\/v2\/comments?post=102397"}],"version-history":[{"count":1,"href":"https:\/\/tvtecjundiai.com.br\/news\/wp-json\/wp\/v2\/posts\/102397\/revisions"}],"predecessor-version":[{"id":102400,"href":"https:\/\/tvtecjundiai.com.br\/news\/wp-json\/wp\/v2\/posts\/102397\/revisions\/102400"}],"wp:featuredmedia":[{"embeddable":true,"href":"https:\/\/tvtecjundiai.com.br\/news\/wp-json\/wp\/v2\/media\/102398"}],"wp:attachment":[{"href":"https:\/\/tvtecjundiai.com.br\/news\/wp-json\/wp\/v2\/media?parent=102397"}],"wp:term":[{"taxonomy":"category","embeddable":true,"href":"https:\/\/tvtecjundiai.com.br\/news\/wp-json\/wp\/v2\/categories?post=102397"},{"taxonomy":"post_tag","embeddable":true,"href":"https:\/\/tvtecjundiai.com.br\/news\/wp-json\/wp\/v2\/tags?post=102397"}],"curies":[{"name":"wp","href":"https:\/\/api.w.org\/{rel}","templated":true}]}}