{"id":102405,"date":"2022-12-13T13:50:48","date_gmt":"2022-12-13T16:50:48","guid":{"rendered":"https:\/\/tvtecjundiai.com.br\/news\/?p=102405"},"modified":"2022-12-13T13:51:32","modified_gmt":"2022-12-13T16:51:32","slug":"cuidados-paliativos-saiba-mais-sobre-a-importancia-da-assistencia-humanizada","status":"publish","type":"post","link":"https:\/\/tvtecjundiai.com.br\/news\/2022\/12\/13\/cuidados-paliativos-saiba-mais-sobre-a-importancia-da-assistencia-humanizada\/","title":{"rendered":"Cuidados paliativos: saiba mais sobre a import\u00e2ncia da assist\u00eancia humanizada"},"content":{"rendered":"\n<p>O processo de adoecimento \u00e9 complexo e necessita de aten\u00e7\u00e3o especial e multidisciplinar das equipes de sa\u00fade na maioria dos diagn\u00f3sticos. O medo e a falta de conhecimento sobre as doen\u00e7as, tratamentos ou suas complica\u00e7\u00f5es, podem causar ainda mais confus\u00e3o no paciente e seus familiares. Recentemente, a imprensa nacional divulgou que Pel\u00e9, ex-futebolista brasileiro e considerado um dos maiores atletas de todos os tempos, n\u00e3o responde mais ao tratamento quimioter\u00e1pico e est\u00e1 sob cuidados paliativos, termo que gerou d\u00favidas na popula\u00e7\u00e3o.<\/p>\n\n\n\n<p>A especialidade de Cuidados Paliativos consiste em uma s\u00e9rie de interven\u00e7\u00f5es em sa\u00fade para promover qualidade de vida e controle de sintomas. Os cuidados s\u00e3o indicados para pacientes em qualquer idade, desde beb\u00eas at\u00e9 idosos, e para todo tipo de doen\u00e7a que ofere\u00e7a amea\u00e7a \u00e0 vida, como neoplasias, insufici\u00eancia card\u00edaca, insufici\u00eancia hep\u00e1tica, pacientes neurol\u00f3gicos, e muitas outras patologias. A equipe de profissionais do servi\u00e7o no Hospital de Caridade S\u00e3o Vicente de Paulo (HSV) \u00e9 formada por m\u00e9dicas, fisioterapeutas, psic\u00f3logas, fonoaudi\u00f3logas, assistentes sociais, profissionais da odontologia, enfermeiras e um capel\u00e3o, que oferece suporte espiritual. A equipe atua em todos os setores da institui\u00e7\u00e3o.<\/p>\n\n\n<div class=\"wp-block-image\">\n<figure class=\"aligncenter size-large is-resized\"><img loading=\"lazy\" decoding=\"async\" src=\"https:\/\/tvtecjundiai.com.br\/news\/wp-content\/uploads\/sites\/2\/2022\/12\/Parte-da-equipe-de-Cuidados-Paliativos-do-HSV-1200x788.jpg\" alt=\"\" class=\"wp-image-102406\" width=\"700\" height=\"459\" srcset=\"https:\/\/tvtecjundiai.com.br\/news\/wp-content\/uploads\/sites\/2\/2022\/12\/Parte-da-equipe-de-Cuidados-Paliativos-do-HSV-1200x788.jpg 1200w, https:\/\/tvtecjundiai.com.br\/news\/wp-content\/uploads\/sites\/2\/2022\/12\/Parte-da-equipe-de-Cuidados-Paliativos-do-HSV-300x197.jpg 300w, https:\/\/tvtecjundiai.com.br\/news\/wp-content\/uploads\/sites\/2\/2022\/12\/Parte-da-equipe-de-Cuidados-Paliativos-do-HSV-768x505.jpg 768w, https:\/\/tvtecjundiai.com.br\/news\/wp-content\/uploads\/sites\/2\/2022\/12\/Parte-da-equipe-de-Cuidados-Paliativos-do-HSV.jpg 1280w\" sizes=\"auto, (max-width: 700px) 100vw, 700px\" \/><\/figure>\n<\/div>\n\n\n<p><\/p>\n\n\n\n<p>\u201cOs cuidados paliativos abrangem todo cuidado indicado para o paciente, toda interven\u00e7\u00e3o que for ajudar, todo medicamento capaz de reduzir sintomas. O mais importante nesse processo \u00e9 avaliar individualmente cada caso para compreender a necessidade do paciente e da fam\u00edlia. A premissa \u00e9 principalmente tentar reduzir o sofrimento atrelado ao processo de adoecer. \u00c9 um acontecimento que muda muitas coisas na vida e com isso vem o sofrimento. A ideia de ter uma assist\u00eancia voltada para esse momento, com embasamento t\u00e9cnico-cient\u00edfico, \u00e9 utilizar todos os meios dispon\u00edveis para promover qualidade de vida, mesmo diante das doen\u00e7as\u201d, explica Bruna Vazamim Cumpri, m\u00e9dica cl\u00ednica e paliativista.<\/p>\n\n\n\n<p><strong>Humaniza\u00e7\u00e3o<\/strong><\/p>\n\n\n\n<p>Fundamental para a abordagem e condu\u00e7\u00e3o dos casos, a humaniza\u00e7\u00e3o \u00e9 encarada como mais um membro da equipe, auxiliando no cuidado e ofertando condi\u00e7\u00f5es, conforto e bem-estar ao enfermo. A equipe se mant\u00e9m dispon\u00edvel e atenta a todo tipo de necessidade do paciente e de seus acompanhantes. \u201cSe existem quest\u00f5es de cunho psicol\u00f3gico que necessitam interven\u00e7\u00e3o, prontamente acionamos a psicologia, da mesma forma que tentamos enxergar qual a necessidade e o benef\u00edcio de agregar demais membros da equipe multidisciplinar\u201d, conta a paliativista.<\/p>\n\n\n<div class=\"wp-block-image\">\n<figure class=\"aligncenter size-large is-resized\"><img loading=\"lazy\" decoding=\"async\" src=\"https:\/\/tvtecjundiai.com.br\/news\/wp-content\/uploads\/sites\/2\/2022\/12\/Equipe-realiza-atendimentos-humanizados-e-de-cuidado-especial-1200x725.jpg\" alt=\"\" class=\"wp-image-102407\" width=\"705\" height=\"426\" srcset=\"https:\/\/tvtecjundiai.com.br\/news\/wp-content\/uploads\/sites\/2\/2022\/12\/Equipe-realiza-atendimentos-humanizados-e-de-cuidado-especial-1200x725.jpg 1200w, https:\/\/tvtecjundiai.com.br\/news\/wp-content\/uploads\/sites\/2\/2022\/12\/Equipe-realiza-atendimentos-humanizados-e-de-cuidado-especial-300x181.jpg 300w, https:\/\/tvtecjundiai.com.br\/news\/wp-content\/uploads\/sites\/2\/2022\/12\/Equipe-realiza-atendimentos-humanizados-e-de-cuidado-especial-768x464.jpg 768w, https:\/\/tvtecjundiai.com.br\/news\/wp-content\/uploads\/sites\/2\/2022\/12\/Equipe-realiza-atendimentos-humanizados-e-de-cuidado-especial.jpg 1280w\" sizes=\"auto, (max-width: 705px) 100vw, 705px\" \/><\/figure>\n<\/div>\n\n\n<p><\/p>\n\n\n\n<p>\u201cComo estamos voltados para as demandas e sofrimento de maneira pr\u00f3xima e constante, sempre procuramos minimizar o fato de estarem internados, longe das fam\u00edlias e assim por diante. Existe um esfor\u00e7o coletivo para responder as d\u00favidas dessas fam\u00edlias e, se necess\u00e1rio, realizar reuni\u00f5es para esclarecer o plano de cuidados e compartilhar a maneira como esse paciente ser\u00e1 cuidado. Tamb\u00e9m adaptamos as dietas e oferecemos as melhores acomoda\u00e7\u00f5es, al\u00e9m de outras a\u00e7\u00f5es, sempre com foco em diminuir o sofrimento de todos\u201d, esclarece Bruna M. Fernandes Nunes, geriatra e p\u00f3s-graduada em cuidados paliativos.<\/p>\n\n\n\n<p><strong>Tabu<\/strong><\/p>\n\n\n\n<p>Infelizmente, cuidados paliativos ainda s\u00e3o vistos com distor\u00e7\u00e3o pela sociedade. \u201cNa \u00faltima semana encontrei uma amiga de inf\u00e2ncia. N\u00e3o nos v\u00edamos h\u00e1 uns 20 anos e nesses casos sempre surgem alguns di\u00e1logos sobre como est\u00e1 a vida de cada uma. Contei que era m\u00e9dica paliativista e ela me disse que isso era triste. Infelizmente h\u00e1 essa correla\u00e7\u00e3o imediata nas pessoas, de que cuidados paliativos t\u00eam a ver com o fim e a morte. Todos que trabalham com sa\u00fade acabam lidando com essas situa\u00e7\u00f5es. Por\u00e9m, gosto de enxergar os cuidados paliativos como pequenos recome\u00e7os. Faz parte do trabalho em equipe poder auxiliar algu\u00e9m que n\u00e3o caminhava h\u00e1 semanas e presenciar os primeiros passos ao sair do leito. Parece pouco, mas quando se est\u00e1 doente pequenas vit\u00f3rias significam muito. Nosso dia a dia \u00e9 repleto dessas pequenas vit\u00f3rias e recome\u00e7os\u201d, compartilha por fim Bruna Vazamim.<\/p>\n\n\n\n<p><em><strong>(Fonte\/Imagens: Assessoria Hospital S\u00e3o Vicente)<\/strong><\/em><\/p>\n","protected":false},"excerpt":{"rendered":"<p>Equipe multidisciplinar do Hospital S\u00e3o Vicente cuida atentamente dos pacientes<\/p>\n","protected":false},"author":30,"featured_media":102407,"comment_status":"closed","ping_status":"0","sticky":false,"template":"","format":"standard","meta":{"footnotes":""},"categories":[8356,1,2839,8355],"tags":[],"class_list":["post-102405","post","type-post","status-publish","format-standard","has-post-thumbnail","hentry","category-jundiai","category-noticias","category-saude","category-saude-3"],"_links":{"self":[{"href":"https:\/\/tvtecjundiai.com.br\/news\/wp-json\/wp\/v2\/posts\/102405","targetHints":{"allow":["GET"]}}],"collection":[{"href":"https:\/\/tvtecjundiai.com.br\/news\/wp-json\/wp\/v2\/posts"}],"about":[{"href":"https:\/\/tvtecjundiai.com.br\/news\/wp-json\/wp\/v2\/types\/post"}],"author":[{"embeddable":true,"href":"https:\/\/tvtecjundiai.com.br\/news\/wp-json\/wp\/v2\/users\/30"}],"replies":[{"embeddable":true,"href":"https:\/\/tvtecjundiai.com.br\/news\/wp-json\/wp\/v2\/comments?post=102405"}],"version-history":[{"count":2,"href":"https:\/\/tvtecjundiai.com.br\/news\/wp-json\/wp\/v2\/posts\/102405\/revisions"}],"predecessor-version":[{"id":102409,"href":"https:\/\/tvtecjundiai.com.br\/news\/wp-json\/wp\/v2\/posts\/102405\/revisions\/102409"}],"wp:featuredmedia":[{"embeddable":true,"href":"https:\/\/tvtecjundiai.com.br\/news\/wp-json\/wp\/v2\/media\/102407"}],"wp:attachment":[{"href":"https:\/\/tvtecjundiai.com.br\/news\/wp-json\/wp\/v2\/media?parent=102405"}],"wp:term":[{"taxonomy":"category","embeddable":true,"href":"https:\/\/tvtecjundiai.com.br\/news\/wp-json\/wp\/v2\/categories?post=102405"},{"taxonomy":"post_tag","embeddable":true,"href":"https:\/\/tvtecjundiai.com.br\/news\/wp-json\/wp\/v2\/tags?post=102405"}],"curies":[{"name":"wp","href":"https:\/\/api.w.org\/{rel}","templated":true}]}}