{"id":102420,"date":"2022-12-13T17:36:46","date_gmt":"2022-12-13T20:36:46","guid":{"rendered":"https:\/\/tvtecjundiai.com.br\/news\/?p=102420"},"modified":"2022-12-13T17:36:53","modified_gmt":"2022-12-13T20:36:53","slug":"mundo-das-criancas-completa-2-anos-e-comemora-com-contacao-de-historias-na-casa-da-arvore","status":"publish","type":"post","link":"https:\/\/tvtecjundiai.com.br\/news\/2022\/12\/13\/mundo-das-criancas-completa-2-anos-e-comemora-com-contacao-de-historias-na-casa-da-arvore\/","title":{"rendered":"Mundo das Crian\u00e7as completa 2 anos e comemora com conta\u00e7\u00e3o de hist\u00f3rias na Casa da \u00c1rvore"},"content":{"rendered":"\n<p>No mesmo dia em que Jundia\u00ed completa 366 anos de exist\u00eancia, este 14 de dezembro marca os dois anos de funcionamento do Mundo das Crian\u00e7as, parque administrado pela DAE Jundia\u00ed e que acrescentou ao mun\u00edcipio novos elementos positivos \u00e0s pol\u00edticas p\u00fablicas aqui desenvolvidas para a inf\u00e2ncia.<\/p>\n\n\n\n<p>Os 170 mil m\u00b2 de \u00e1rea do parque e todas as suas atra\u00e7\u00f5es oferecem \u00e0 inf\u00e2ncia uma perspectiva mais acolhedora, seguindo os preceitos da Urban95, que transforma os espa\u00e7os p\u00fablicos a partir do olhar de uma crian\u00e7a de 95 cent\u00edmetros, ou seja, a altura<br>m\u00e9dia de uma crian\u00e7a de 3 anos de idade.<\/p>\n\n\n\n<p>Durante todo o \u00faltimo ano, cerca de 270 mil pessoas passaram pelo Mundo, entre visitantes em geral, grupos escolares e profissionais da Educa\u00e7\u00e3o. \u201cDepois do per\u00edodo mais intenso da pandemia, 2022 marcou o ano de consolida\u00e7\u00e3o do Mundo, que tem recebido visitantes de outros munic\u00edpios e estados e atra\u00eddo cada vez mais aten\u00e7\u00e3o por ser um espa\u00e7o imenso, bonito, de preserva\u00e7\u00e3o do meio ambiente e de preocupa\u00e7\u00e3o com a inf\u00e2ncia\u201d, destacou o diretor presidente da DAE, Walter da<br>Costa e Silva Filho, lembrando que tanto o Mundo, quanto o Parque da Cidade \u2013 outro espa\u00e7o administrado pela DAE \u2013 dividem a miss\u00e3o de proteger a represa que abastece o munic\u00edpio.<\/p>\n\n\n\n<p>Atividades<\/p>\n\n\n\n<p>Para celebrar a data, a Casa da \u00c1rvore vai receber teatro e conta\u00e7\u00e3o de hist\u00f3rias, com apoio da Unidade de Gest\u00e3o de Cultura (UGC). O agendamento s\u00f3 \u00e9 necess\u00e1rio aos finais de semana, pelo site www.mundodascriancasjundiai.com.br\/agendamento.<\/p>\n\n\n\n<p>Para participar das atividades culturais nesta quarta-feira, basta comparecer nos hor\u00e1rios definidos abaixo:<\/p>\n\n\n\n<p><strong>\u00c0s 10h e 14h<\/strong><br>Cia de Teatro Techniatto: A Bela e a Fera<br><br><strong>\u00c0s 11h e 15h<\/strong><br>Conta\u00e7\u00e3o de hist\u00f3rias e oficina com Lisete Pecoraro: Hist\u00f3rias de Sapos<\/p>\n\n\n\n<p><strong><em>(Fonte\/Imagem: DAE Jundia\u00ed)<\/em><\/strong><\/p>\n","protected":false},"excerpt":{"rendered":"<p>Durante todo o \u00faltimo ano, cerca de 270 mil pessoas passaram pelo Mundo.<\/p>\n","protected":false},"author":27,"featured_media":84110,"comment_status":"closed","ping_status":"0","sticky":false,"template":"","format":"standard","meta":{"footnotes":""},"categories":[8356],"tags":[],"class_list":["post-102420","post","type-post","status-publish","format-standard","has-post-thumbnail","hentry","category-jundiai"],"_links":{"self":[{"href":"https:\/\/tvtecjundiai.com.br\/news\/wp-json\/wp\/v2\/posts\/102420","targetHints":{"allow":["GET"]}}],"collection":[{"href":"https:\/\/tvtecjundiai.com.br\/news\/wp-json\/wp\/v2\/posts"}],"about":[{"href":"https:\/\/tvtecjundiai.com.br\/news\/wp-json\/wp\/v2\/types\/post"}],"author":[{"embeddable":true,"href":"https:\/\/tvtecjundiai.com.br\/news\/wp-json\/wp\/v2\/users\/27"}],"replies":[{"embeddable":true,"href":"https:\/\/tvtecjundiai.com.br\/news\/wp-json\/wp\/v2\/comments?post=102420"}],"version-history":[{"count":1,"href":"https:\/\/tvtecjundiai.com.br\/news\/wp-json\/wp\/v2\/posts\/102420\/revisions"}],"predecessor-version":[{"id":102422,"href":"https:\/\/tvtecjundiai.com.br\/news\/wp-json\/wp\/v2\/posts\/102420\/revisions\/102422"}],"wp:featuredmedia":[{"embeddable":true,"href":"https:\/\/tvtecjundiai.com.br\/news\/wp-json\/wp\/v2\/media\/84110"}],"wp:attachment":[{"href":"https:\/\/tvtecjundiai.com.br\/news\/wp-json\/wp\/v2\/media?parent=102420"}],"wp:term":[{"taxonomy":"category","embeddable":true,"href":"https:\/\/tvtecjundiai.com.br\/news\/wp-json\/wp\/v2\/categories?post=102420"},{"taxonomy":"post_tag","embeddable":true,"href":"https:\/\/tvtecjundiai.com.br\/news\/wp-json\/wp\/v2\/tags?post=102420"}],"curies":[{"name":"wp","href":"https:\/\/api.w.org\/{rel}","templated":true}]}}