{"id":102423,"date":"2022-12-13T17:38:16","date_gmt":"2022-12-13T20:38:16","guid":{"rendered":"https:\/\/tvtecjundiai.com.br\/news\/?p=102423"},"modified":"2022-12-13T17:38:20","modified_gmt":"2022-12-13T20:38:20","slug":"esporte-encerra-2022-com-homenagem-aos-destaques-do-ano","status":"publish","type":"post","link":"https:\/\/tvtecjundiai.com.br\/news\/2022\/12\/13\/esporte-encerra-2022-com-homenagem-aos-destaques-do-ano\/","title":{"rendered":"Esporte encerra 2022 com homenagem aos destaques do ano"},"content":{"rendered":"\n<p>A Prefeitura de Jundia\u00ed, por meio da Unidade de Gest\u00e3o de Esporte e Lazer (UGEL) realizou nesta segunda-feira (12) a Noite do Esporte, cerim\u00f4nia de encerramento das atividades no ano de 2022, juntamente com a homenagem aos atletas jundiaienses destaques da temporada, escolhidos por vota\u00e7\u00e3o popular on-line. Ao todo foram mais de 10 mil votos computados, divididos entre 10 atletas que tiveram resultados de destaque na temporada.<\/p>\n\n\n\n<p><strong>Os mais votados foram:<br><\/strong>1\u00ba lugar: Pedro Henrique de Sousa Freitas \u2013 17 anos \u2013 Campe\u00e3o Paulista de Jiu-Jitsu;<br>2\u00ba lugar: Vin\u00edcius Gabriel \u2013 8 anos \u2013 Campe\u00e3o Brasileiro de Kart \u2013 Categoria Mirim;<br>3\u00ba lugar: Thomaz Ruan de Moraes \u2013 Medalhista de Prata nos Jogos Paral\u00edmpicos de T\u00f3quio \u2013 Atletismo.<\/p>\n\n\n\n<figure class=\"wp-block-image\"><img decoding=\"async\" src=\"https:\/\/jundiai.sp.gov.br\/noticias\/wp-content\/uploads\/sites\/32\/2022\/12\/img_5588-1280x853.jpg\" alt=\"Atletas homenageados como destaque do ano recebem trof\u00e9u das autoridades\" class=\"wp-image-307438\" \/><figcaption class=\"wp-element-caption\">Atletas homenageados como destaque do ano s\u00e3o congratulados pelas autoridades<\/figcaption><\/figure>\n\n\n\n<p>A cerim\u00f4nia marcou o encerramento das aulas e competi\u00e7\u00f5es oficiais deste ano, que foi de muitas conquistas dos atletas jundiaienses de diversas idades e nas mais variadas modalidades. Para 2023, algumas turmas j\u00e1 realizaram seletivas ainda este ano, e outras realizar\u00e3o em janeiro. Foram homenageados tamb\u00e9m os professores, colaboradores, e todas as turmas que passaram pelas aulas da UGEL ao longo deste ano.<\/p>\n\n\n\n<p>\u201cAp\u00f3s de dois anos de paralisa\u00e7\u00e3o por conta da pandemia, a UGEL retomou as homenagens a alunos, educadores e atletas que brilhantemente defenderam e representaram Jundia\u00ed em torneios nacionais e internacionais. O evento tamb\u00e9m \u00e9 uma forma de agradecer as fam\u00edlias que incentivam filhos, pais e av\u00f3s a praticarem algum tipo de atividade f\u00edsica. Tamb\u00e9m foram homenageados os colaboradores que nos deixaram este ano\u201d, comenta o gestor da Unidade de Gest\u00e3o de Esporte e Lazer Claudio Tarallo.<\/p>\n\n\n\n<figure class=\"wp-block-image\"><img decoding=\"async\" src=\"https:\/\/jundiai.sp.gov.br\/noticias\/wp-content\/uploads\/sites\/32\/2022\/12\/img_5580-1280x853.jpg\" alt=\"Trof\u00e9us em azul e branco que foram entregues aos homenageados\" class=\"wp-image-307439\" \/><figcaption class=\"wp-element-caption\">Trof\u00e9us foram entregues a todos que colaboraram com as atividades da UGEL em 2022<\/figcaption><\/figure>\n\n\n\n<p><strong><em>(Fonte\/Imagem: Prefeitura de Jundia\u00ed)<\/em><\/strong><\/p>\n","protected":false},"excerpt":{"rendered":"<p>Ao todo foram mais de 10 mil votos computados, divididos entre 10 atletas que tiveram resultados de destaque na temporada.<\/p>\n","protected":false},"author":27,"featured_media":102424,"comment_status":"closed","ping_status":"0","sticky":false,"template":"","format":"standard","meta":{"footnotes":""},"categories":[2827,8356],"tags":[],"class_list":["post-102423","post","type-post","status-publish","format-standard","has-post-thumbnail","hentry","category-esportes-e-lazer","category-jundiai"],"_links":{"self":[{"href":"https:\/\/tvtecjundiai.com.br\/news\/wp-json\/wp\/v2\/posts\/102423","targetHints":{"allow":["GET"]}}],"collection":[{"href":"https:\/\/tvtecjundiai.com.br\/news\/wp-json\/wp\/v2\/posts"}],"about":[{"href":"https:\/\/tvtecjundiai.com.br\/news\/wp-json\/wp\/v2\/types\/post"}],"author":[{"embeddable":true,"href":"https:\/\/tvtecjundiai.com.br\/news\/wp-json\/wp\/v2\/users\/27"}],"replies":[{"embeddable":true,"href":"https:\/\/tvtecjundiai.com.br\/news\/wp-json\/wp\/v2\/comments?post=102423"}],"version-history":[{"count":1,"href":"https:\/\/tvtecjundiai.com.br\/news\/wp-json\/wp\/v2\/posts\/102423\/revisions"}],"predecessor-version":[{"id":102425,"href":"https:\/\/tvtecjundiai.com.br\/news\/wp-json\/wp\/v2\/posts\/102423\/revisions\/102425"}],"wp:featuredmedia":[{"embeddable":true,"href":"https:\/\/tvtecjundiai.com.br\/news\/wp-json\/wp\/v2\/media\/102424"}],"wp:attachment":[{"href":"https:\/\/tvtecjundiai.com.br\/news\/wp-json\/wp\/v2\/media?parent=102423"}],"wp:term":[{"taxonomy":"category","embeddable":true,"href":"https:\/\/tvtecjundiai.com.br\/news\/wp-json\/wp\/v2\/categories?post=102423"},{"taxonomy":"post_tag","embeddable":true,"href":"https:\/\/tvtecjundiai.com.br\/news\/wp-json\/wp\/v2\/tags?post=102423"}],"curies":[{"name":"wp","href":"https:\/\/api.w.org\/{rel}","templated":true}]}}