{"id":102429,"date":"2022-12-13T17:45:22","date_gmt":"2022-12-13T20:45:22","guid":{"rendered":"https:\/\/tvtecjundiai.com.br\/news\/?p=102429"},"modified":"2022-12-13T17:45:25","modified_gmt":"2022-12-13T20:45:25","slug":"jundiai-recebe-selo-municipio-amigo-da-familia-em-cerimonia-em-brasilia","status":"publish","type":"post","link":"https:\/\/tvtecjundiai.com.br\/news\/2022\/12\/13\/jundiai-recebe-selo-municipio-amigo-da-familia-em-cerimonia-em-brasilia\/","title":{"rendered":"Jundia\u00ed recebe Selo Munic\u00edpio Amigo da Fam\u00edlia, em cerim\u00f4nia em Bras\u00edlia"},"content":{"rendered":"\n<p>Em cerim\u00f4nia realizada no Minist\u00e9rio da Mulher, da Fam\u00edlia e dos Direitos Humanos (MMFDH), em Bras\u00edlia, Jundia\u00ed recebeu o Selo Munic\u00edpio Amigo da Fam\u00edlia (SMAF). A iniciativa reconhece munic\u00edpios que adotam pol\u00edticas p\u00fablicas para fortalecer os v\u00ednculos familiares. Em Jundia\u00ed, o programa que rendeu o reconhecimento nacional foi o \u201cFam\u00edlia nas Escolas\u201d, implementado em escolas municipais de Educa\u00e7\u00e3o B\u00e1sica (EMEBs).<\/p>\n\n\n\n<p>\u201cEste \u00e9 um selo que representa o reconhecimento aos trabalhos realizados pela gest\u00e3o no fortalecimento de v\u00ednculos familiares. Jundia\u00ed sendo Cidade das Crian\u00e7as, direciona investimentos e desenvolve pol\u00edticas p\u00fablicas para o atendimento e desenvolvimento das crian\u00e7as e suas fam\u00edlias\u201d, diz o Prefeito Luiz Fernando Machado.<\/p>\n\n\n\n<figure class=\"wp-block-image\"><img decoding=\"async\" src=\"https:\/\/jundiai.sp.gov.br\/noticias\/wp-content\/uploads\/sites\/32\/2022\/12\/entrega_selo_municipio_amigo_da_familia-3-1280x854.jpg\" alt=\"\" class=\"wp-image-307453\" \/><figcaption class=\"wp-element-caption\">Programa Fam\u00edlia nas Escolas rendeu o Selo Munic\u00edpio Amigo da Fam\u00edlia a Jundia\u00ed<\/figcaption><\/figure>\n\n\n\n<p>Jundia\u00ed faz parte de um seleto grupo de 28 cidades de todo o Brasil, sendo apenas cinco do Estado de S\u00e3o Paulo, que foram contempladas com a honraria. Na cerim\u00f4nia, o chefe do executivo foi representado pelo Assessor de Pol\u00edticas de Direitos Humanos, ligado \u00e0 Unidade de Gest\u00e3o da Casa Civil, Paulo Fernando de Almeida.<\/p>\n\n\n\n<p>\u201cProcuramos fomentar as a\u00e7\u00f5es voltadas aos direitos humanos e \u00e0 primeira inf\u00e2ncia e fazer disso um diferencial de Jundia\u00ed. Hoje, a prefeitura conta com o N\u00facleo de Articula\u00e7\u00e3o de Pol\u00edticas P\u00fablicas que auxilia na identifica\u00e7\u00e3o dos problemas e elabora\u00e7\u00e3o das pol\u00edticas necess\u00e1rias\u201d, comenta o Gestor da Casa Civil, Gustavo Maryssael.<\/p>\n\n\n\n<p>\u201cAs pol\u00edticas p\u00fablicas de Jundia\u00ed s\u00e3o pautadas nos direitos humanos e no desenvolvimento das pessoas, para todos. Fortalecer os v\u00ednculos familiares com aten\u00e7\u00e3o \u00e0 parentalidade \u00e9 uma realidade que tem gerado frutos nas escolas, dentro das casas e na vida de cada um dos envolvidos nas pr\u00e1ticas realizadas no munic\u00edpio\u201d, afirma Paulo Almeida.<\/p>\n\n\n\n<p><strong><em>(Fonte\/Imagem: Prefeitura de Jundia\u00ed)<\/em><\/strong><\/p>\n","protected":false},"excerpt":{"rendered":"<p>Em Jundia\u00ed, o programa que rendeu o reconhecimento nacional foi o \u201cFam\u00edlia nas Escolas\u201d.<\/p>\n","protected":false},"author":27,"featured_media":102430,"comment_status":"closed","ping_status":"0","sticky":false,"template":"","format":"standard","meta":{"footnotes":""},"categories":[8356],"tags":[],"class_list":["post-102429","post","type-post","status-publish","format-standard","has-post-thumbnail","hentry","category-jundiai"],"_links":{"self":[{"href":"https:\/\/tvtecjundiai.com.br\/news\/wp-json\/wp\/v2\/posts\/102429","targetHints":{"allow":["GET"]}}],"collection":[{"href":"https:\/\/tvtecjundiai.com.br\/news\/wp-json\/wp\/v2\/posts"}],"about":[{"href":"https:\/\/tvtecjundiai.com.br\/news\/wp-json\/wp\/v2\/types\/post"}],"author":[{"embeddable":true,"href":"https:\/\/tvtecjundiai.com.br\/news\/wp-json\/wp\/v2\/users\/27"}],"replies":[{"embeddable":true,"href":"https:\/\/tvtecjundiai.com.br\/news\/wp-json\/wp\/v2\/comments?post=102429"}],"version-history":[{"count":1,"href":"https:\/\/tvtecjundiai.com.br\/news\/wp-json\/wp\/v2\/posts\/102429\/revisions"}],"predecessor-version":[{"id":102431,"href":"https:\/\/tvtecjundiai.com.br\/news\/wp-json\/wp\/v2\/posts\/102429\/revisions\/102431"}],"wp:featuredmedia":[{"embeddable":true,"href":"https:\/\/tvtecjundiai.com.br\/news\/wp-json\/wp\/v2\/media\/102430"}],"wp:attachment":[{"href":"https:\/\/tvtecjundiai.com.br\/news\/wp-json\/wp\/v2\/media?parent=102429"}],"wp:term":[{"taxonomy":"category","embeddable":true,"href":"https:\/\/tvtecjundiai.com.br\/news\/wp-json\/wp\/v2\/categories?post=102429"},{"taxonomy":"post_tag","embeddable":true,"href":"https:\/\/tvtecjundiai.com.br\/news\/wp-json\/wp\/v2\/tags?post=102429"}],"curies":[{"name":"wp","href":"https:\/\/api.w.org\/{rel}","templated":true}]}}