{"id":102435,"date":"2022-12-13T17:52:02","date_gmt":"2022-12-13T20:52:02","guid":{"rendered":"https:\/\/tvtecjundiai.com.br\/news\/?p=102435"},"modified":"2022-12-13T17:52:05","modified_gmt":"2022-12-13T20:52:05","slug":"alegria-da-festa-uva-invade-a-programacao-do-centro-com-a-parada-da-uva","status":"publish","type":"post","link":"https:\/\/tvtecjundiai.com.br\/news\/2022\/12\/13\/alegria-da-festa-uva-invade-a-programacao-do-centro-com-a-parada-da-uva\/","title":{"rendered":"Alegria da Festa Uva invade a programa\u00e7\u00e3o do Centro com a Parada da Uva"},"content":{"rendered":"\n<p>A&nbsp;<a href=\"https:\/\/festadauva.jundiai.sp.gov.br\/\" target=\"_blank\" rel=\"noreferrer noopener\">38\u00aa Festa da Uva e 9\u00aa Expo Vinhos 2022<\/a>&nbsp;tamb\u00e9m ir\u00e1 fazer parte da programa\u00e7\u00e3o preparada pela Prefeitura de Jundia\u00ed para o&nbsp;<a href=\"https:\/\/jundiai.sp.gov.br\/circuitonatalluz\/\" target=\"_blank\" rel=\"noreferrer noopener\">Circuito Natal Luz<\/a>&nbsp;e para o&nbsp;<a href=\"https:\/\/jundiai.sp.gov.br\/aniversario\/\" target=\"_blank\" rel=\"noreferrer noopener\">anivers\u00e1rio de 366 anos de Jundia\u00ed<\/a>.<\/p>\n\n\n\n<p>A partir das 19h30, quem estiver pelas ruas do Centro poder\u00e1 se encantar com a alegria da Parada da Uva, que contar\u00e1 com as participa\u00e7\u00f5es da Corte da Uva 2023, das rainhas e princesas das Cortes da Uva de anos anteriores, dos atores da Casa do Colono da Festa, al\u00e9m de vinhateiros e vinhateiras e de banda itinerante.<\/p>\n\n\n\n<p>A concentra\u00e7\u00e3o est\u00e1 marcada para a rua da Imprensa Jundiaiense. Na sequ\u00eancia, a Parada ir\u00e1 percorrer a rua do Ros\u00e1rio, a rua Anthero dos Santos (Pra\u00e7a Ruy Barbosa), a rua Bar\u00e3o de Jundia\u00ed e ir\u00e1 concluir o trajeto na Pra\u00e7a Marechal Floriano Peixoto, a Pra\u00e7a do Coreto.<\/p>\n\n\n\n<figure class=\"wp-block-image\"><img decoding=\"async\" src=\"https:\/\/jundiai.sp.gov.br\/noticias\/wp-content\/uploads\/sites\/32\/2022\/12\/parada_corte_da_uva_centro_2019-1280x854.jpg\" alt=\"\" class=\"wp-image-307471\" \/><figcaption class=\"wp-element-caption\">Parada retoma a tradi\u00e7\u00e3o realizada pela \u00faltima vez em 2019<\/figcaption><\/figure>\n\n\n\n<p><strong>Mais programa\u00e7\u00e3o<\/strong><br>A programa\u00e7\u00e3o da noite traz ainda mais atra\u00e7\u00f5es no Centro, com interven\u00e7\u00f5es art\u00edsticas itinerantes no cal\u00e7ad\u00e3o da rua Bar\u00e3o de Jundia\u00ed; shows musicais na Sala Jahyr Accioly de Souza do Museu Hist\u00f3rico e Cultural \u2013 Solar do Bar\u00e3o, na Pra\u00e7a do Coreto e nas sacadas da Pinacoteca Municipal Di\u00f3genes Duarte Paes.<\/p>\n\n\n\n<p><a href=\"https:\/\/jundiai.sp.gov.br\/aniversario\/\" target=\"_blank\" rel=\"noreferrer noopener\">CONFIRA AS FOTOS DO CIRCUITO NATAL LUZ 2022<\/a><\/p>\n\n\n\n<p>Ainda no Museu, estreia nesta quinta-feira (15) a encena\u00e7\u00e3o de Pres\u00e9pio Vivo nos jardins. A programa\u00e7\u00e3o segue at\u00e9 o dia 23, com o seguinte calend\u00e1rio de apresenta\u00e7\u00f5es: nos dias 15, 16, 19, 20, 21, 22 e 23, est\u00e3o programadas duas sess\u00f5es, \u00e0s 19h30 e \u00e0s 20h30. J\u00e1 no s\u00e1bado (17), tem sess\u00e3o \u00e0s 14h e \u00e0s 16h, e no domingo (18), \u00e0s 10h e \u00e0s 12h.<\/p>\n\n\n\n<p>E como de costume, a Catedral Nossa Senhora do Desterro recebe tr\u00eas sess\u00f5es de proje\u00e7\u00e3o luminosa na fachada externa, \u00e0s 19h, 20h e 21h.<\/p>\n\n\n\n<p><strong><em>(Fonte\/Imagem: Prefeitura de Jundia\u00ed)<\/em><\/strong><\/p>\n","protected":false},"excerpt":{"rendered":"<p>A concentra\u00e7\u00e3o est\u00e1 marcada para a rua da Imprensa Jundiaiense.<\/p>\n","protected":false},"author":27,"featured_media":102436,"comment_status":"closed","ping_status":"0","sticky":false,"template":"","format":"standard","meta":{"footnotes":""},"categories":[8356],"tags":[],"class_list":["post-102435","post","type-post","status-publish","format-standard","has-post-thumbnail","hentry","category-jundiai"],"_links":{"self":[{"href":"https:\/\/tvtecjundiai.com.br\/news\/wp-json\/wp\/v2\/posts\/102435","targetHints":{"allow":["GET"]}}],"collection":[{"href":"https:\/\/tvtecjundiai.com.br\/news\/wp-json\/wp\/v2\/posts"}],"about":[{"href":"https:\/\/tvtecjundiai.com.br\/news\/wp-json\/wp\/v2\/types\/post"}],"author":[{"embeddable":true,"href":"https:\/\/tvtecjundiai.com.br\/news\/wp-json\/wp\/v2\/users\/27"}],"replies":[{"embeddable":true,"href":"https:\/\/tvtecjundiai.com.br\/news\/wp-json\/wp\/v2\/comments?post=102435"}],"version-history":[{"count":1,"href":"https:\/\/tvtecjundiai.com.br\/news\/wp-json\/wp\/v2\/posts\/102435\/revisions"}],"predecessor-version":[{"id":102437,"href":"https:\/\/tvtecjundiai.com.br\/news\/wp-json\/wp\/v2\/posts\/102435\/revisions\/102437"}],"wp:featuredmedia":[{"embeddable":true,"href":"https:\/\/tvtecjundiai.com.br\/news\/wp-json\/wp\/v2\/media\/102436"}],"wp:attachment":[{"href":"https:\/\/tvtecjundiai.com.br\/news\/wp-json\/wp\/v2\/media?parent=102435"}],"wp:term":[{"taxonomy":"category","embeddable":true,"href":"https:\/\/tvtecjundiai.com.br\/news\/wp-json\/wp\/v2\/categories?post=102435"},{"taxonomy":"post_tag","embeddable":true,"href":"https:\/\/tvtecjundiai.com.br\/news\/wp-json\/wp\/v2\/tags?post=102435"}],"curies":[{"name":"wp","href":"https:\/\/api.w.org\/{rel}","templated":true}]}}