{"id":102438,"date":"2022-12-14T08:54:29","date_gmt":"2022-12-14T11:54:29","guid":{"rendered":"https:\/\/tvtecjundiai.com.br\/news\/?p=102438"},"modified":"2022-12-14T08:54:29","modified_gmt":"2022-12-14T11:54:29","slug":"orquestra-e-coral-municipais-apresentam-neste-domingo-18-concerto-natalino-na-catedral","status":"publish","type":"post","link":"https:\/\/tvtecjundiai.com.br\/news\/2022\/12\/14\/orquestra-e-coral-municipais-apresentam-neste-domingo-18-concerto-natalino-na-catedral\/","title":{"rendered":"Orquestra e Coral municipais apresentam neste domingo (18) concerto natalino na Catedral"},"content":{"rendered":"\n<p>A Orquestra Sinf\u00f4nica Municipal de Jundia\u00ed (OSMJ) e o Coral Municipal de Jundia\u00ed, dois dos corpos art\u00edsticos ligados \u00e0 Unidade de Gest\u00e3o de Cultura (UGC), voltam a se unir para uma apresenta\u00e7\u00e3o gratuita neste domingo (18), a partir das 20h, com um Concerto de Natal na Catedral Nossa Senhora do Desterro (Igreja Matriz). Com entrada gratuita, o espet\u00e1culo integra a programa\u00e7\u00e3o da Prefeitura de Jundia\u00ed pelo\u00a0Circuito Natal Luz 2022.<\/p>\n\n\n\n<p>Para a noite especial, Orquestra e Coral ir\u00e3o reproduzir parte do repert\u00f3rio natalino e tem\u00e1tico de\u00a0\u201cCl\u00e1ssicos em Movimento Natal 2022\u201d que apresentaram, juntamente com os demais corpos art\u00edsticos municipais, no Teatro Polytheama. O programa da noite traz cl\u00e1ssicos natalinos, como Sleigh Ride, Jubilate Deo e Noite Feliz, al\u00e9m de composi\u00e7\u00f5es de Bach e trechos de \u201cO Quebra-Nozes\u201d, obra-prima de Tchaikovsky.<\/p>\n\n\n<div class=\"wp-block-image\">\n<figure class=\"aligncenter size-large is-resized\"><img loading=\"lazy\" decoding=\"async\" src=\"https:\/\/tvtecjundiai.com.br\/news\/wp-content\/uploads\/sites\/2\/2022\/12\/52558729229_b45d2c69e8_k-1200x801.jpg\" alt=\"\" class=\"wp-image-102442\" width=\"737\" height=\"491\" srcset=\"https:\/\/tvtecjundiai.com.br\/news\/wp-content\/uploads\/sites\/2\/2022\/12\/52558729229_b45d2c69e8_k-1200x801.jpg 1200w, https:\/\/tvtecjundiai.com.br\/news\/wp-content\/uploads\/sites\/2\/2022\/12\/52558729229_b45d2c69e8_k-300x200.jpg 300w, https:\/\/tvtecjundiai.com.br\/news\/wp-content\/uploads\/sites\/2\/2022\/12\/52558729229_b45d2c69e8_k-768x512.jpg 768w, https:\/\/tvtecjundiai.com.br\/news\/wp-content\/uploads\/sites\/2\/2022\/12\/52558729229_b45d2c69e8_k.jpg 1280w\" sizes=\"auto, (max-width: 737px) 100vw, 737px\" \/><\/figure>\n<\/div>\n\n\n<p>\u201cRepetindo o sucesso de p\u00fablico e de cr\u00edtica que fizeram no teatro, dois de nossos corpos art\u00edsticos voltam a se juntar, desta vez Catedral, espa\u00e7o cuja arquitetura e decora\u00e7\u00e3o dialogam com o tema musical proposto\u201d, comentou o gestor de Cultura, Marcelo Peroni.<\/p>\n\n\n\n<p>A diretora art\u00edstica e regente titular da OSMJ, Claudia Feres, recorda que o in\u00edcio da temporada tamb\u00e9m foi na catedral. \u201cIniciamos o ano com um concerto de c\u00e2mara na Catedral\u00a0e encerramos nossa temporada de 2022 com um concerto de Natal tamb\u00e9m na Catedral, com a orquestra totalmente reformulada, agora em formato sinf\u00f4nico. J\u00e1 estamos trabalhando para trazer ao p\u00fablico uma temporada cheia de novidades para 2023\u2033.<\/p>\n\n\n<div class=\"wp-block-image\">\n<figure class=\"aligncenter size-large is-resized\"><img loading=\"lazy\" decoding=\"async\" src=\"https:\/\/tvtecjundiai.com.br\/news\/wp-content\/uploads\/sites\/2\/2022\/12\/52557977757_f4e71c7c42_k-1200x801.jpg\" alt=\"\" class=\"wp-image-102443\" width=\"742\" height=\"495\" srcset=\"https:\/\/tvtecjundiai.com.br\/news\/wp-content\/uploads\/sites\/2\/2022\/12\/52557977757_f4e71c7c42_k-1200x801.jpg 1200w, https:\/\/tvtecjundiai.com.br\/news\/wp-content\/uploads\/sites\/2\/2022\/12\/52557977757_f4e71c7c42_k-300x200.jpg 300w, https:\/\/tvtecjundiai.com.br\/news\/wp-content\/uploads\/sites\/2\/2022\/12\/52557977757_f4e71c7c42_k-768x512.jpg 768w, https:\/\/tvtecjundiai.com.br\/news\/wp-content\/uploads\/sites\/2\/2022\/12\/52557977757_f4e71c7c42_k.jpg 1280w\" sizes=\"auto, (max-width: 742px) 100vw, 742px\" \/><\/figure>\n<\/div>\n\n\n<p>Segundo Vast\u00ed Atique, diretora art\u00edstica e regente do Coral Municipal, a apresenta\u00e7\u00e3o deve fechar a temporada do Coral com chave de ouro. \u201cNeste \u00faltimo concerto do ano do Coral, ser\u00e1 uma grande alegria cantar m\u00fasicas de Natal na Catedral, um espa\u00e7o com ac\u00fastica fant\u00e1stica e que valoriza a sonoridade do coral\u201d.<\/p>\n\n\n\n<p>Sem distribui\u00e7\u00e3o pr\u00e9via de ingressos, a entrada dos interessados ser\u00e1 por ordem de chegada. A Catedral fica na Pra\u00e7a Governador Pedro de Toledo, s\/n \u2013 Centro.<\/p>\n\n\n\n<p><strong><em>(Fonte\/Imagens: Prefeitura de Jundia\u00ed)<\/em><\/strong><\/p>\n","protected":false},"excerpt":{"rendered":"<p>Ser\u00e1 reproduzido parte do repert\u00f3rio natalino e tem\u00e1tico de\u00a0\u201cCl\u00e1ssicos em Movimento Natal 2022\u201d<\/p>\n","protected":false},"author":30,"featured_media":102442,"comment_status":"closed","ping_status":"0","sticky":false,"template":"","format":"standard","meta":{"footnotes":""},"categories":[2833,8356,1],"tags":[],"class_list":["post-102438","post","type-post","status-publish","format-standard","has-post-thumbnail","hentry","category-cultura","category-jundiai","category-noticias"],"_links":{"self":[{"href":"https:\/\/tvtecjundiai.com.br\/news\/wp-json\/wp\/v2\/posts\/102438","targetHints":{"allow":["GET"]}}],"collection":[{"href":"https:\/\/tvtecjundiai.com.br\/news\/wp-json\/wp\/v2\/posts"}],"about":[{"href":"https:\/\/tvtecjundiai.com.br\/news\/wp-json\/wp\/v2\/types\/post"}],"author":[{"embeddable":true,"href":"https:\/\/tvtecjundiai.com.br\/news\/wp-json\/wp\/v2\/users\/30"}],"replies":[{"embeddable":true,"href":"https:\/\/tvtecjundiai.com.br\/news\/wp-json\/wp\/v2\/comments?post=102438"}],"version-history":[{"count":1,"href":"https:\/\/tvtecjundiai.com.br\/news\/wp-json\/wp\/v2\/posts\/102438\/revisions"}],"predecessor-version":[{"id":102445,"href":"https:\/\/tvtecjundiai.com.br\/news\/wp-json\/wp\/v2\/posts\/102438\/revisions\/102445"}],"wp:featuredmedia":[{"embeddable":true,"href":"https:\/\/tvtecjundiai.com.br\/news\/wp-json\/wp\/v2\/media\/102442"}],"wp:attachment":[{"href":"https:\/\/tvtecjundiai.com.br\/news\/wp-json\/wp\/v2\/media?parent=102438"}],"wp:term":[{"taxonomy":"category","embeddable":true,"href":"https:\/\/tvtecjundiai.com.br\/news\/wp-json\/wp\/v2\/categories?post=102438"},{"taxonomy":"post_tag","embeddable":true,"href":"https:\/\/tvtecjundiai.com.br\/news\/wp-json\/wp\/v2\/tags?post=102438"}],"curies":[{"name":"wp","href":"https:\/\/api.w.org\/{rel}","templated":true}]}}