{"id":102440,"date":"2022-12-14T08:54:22","date_gmt":"2022-12-14T11:54:22","guid":{"rendered":"https:\/\/tvtecjundiai.com.br\/news\/?p=102440"},"modified":"2022-12-14T10:11:20","modified_gmt":"2022-12-14T13:11:20","slug":"supermercado-arrecada-o-dobro-do-valor-destinado-a-entidades-do-segmento-social","status":"publish","type":"post","link":"https:\/\/tvtecjundiai.com.br\/news\/2022\/12\/14\/supermercado-arrecada-o-dobro-do-valor-destinado-a-entidades-do-segmento-social\/","title":{"rendered":"Supermercado arrecada o dobro do valor destinado a entidades sociais"},"content":{"rendered":"\n<p>A rede de supermercados Covabra realizou, na manh\u00e3 desta ter\u00e7a-feira (13), a entrega simb\u00f3lica aos representantes das Organiza\u00e7\u00f5es da Sociedade Civil (OSC) Almater e Casa Santa Marta dos cheques com o valor da arrecada\u00e7\u00e3o de sua campanha solid\u00e1ria de final de ano. Em 2022, o valor total arrecadado foi superior a R$ 60 mil, ultrapassando o dobro do\u00a0valor do ano passado de cerca de R$ 28 mil, e que ser\u00e1 dividido entre as beneficiadas.<\/p>\n\n\n\n<p>Conforme decidido pelo cliente no momento da indica\u00e7\u00e3o da destina\u00e7\u00e3o no caixa, o valor foi dividido entre as duas OSC, com as quais a Prefeitura tem parceria e custeia servi\u00e7os socioassistenciais nos segmentos infantil, idosos e pessoas em situa\u00e7\u00e3o de rua. As institui\u00e7\u00f5es foram escolhidas pela empresa, ap\u00f3s tratativas da Unidade de Gest\u00e3o de Assist\u00eancia e Desenvolvimento Social (UGADS) e da Rede Jundia\u00ed de Coopera\u00e7\u00e3o, vinculada \u00e0 Unidade de Gest\u00e3o de Governo e Finan\u00e7as (UGGF).<\/p>\n\n\n\n<p>Jacqueline Tavares, gerente de marketing da rede de supermercados, comemorou o resultado da campanha. \u201cEm nosso segundo ano de campanha em Jundia\u00ed, com uma nova loja instalada no munic\u00edpio, comemoramos o dobro da arrecada\u00e7\u00e3o e a divis\u00e3o bem pr\u00f3xima entre os valores que os clientes escolheram para cada uma das OSC, j\u00e1 que acompanhavam o montante doado em um tel\u00e3o na frente das lojas. E esse equil\u00edbrio tamb\u00e9m pudemos identificar nas demais unidades, o que reflete a presen\u00e7a de uma corrente do bem entre os nossos consumidores\u201d, comentou durante a entrega, realizada na loja do jardim Samambaia.<\/p>\n\n\n\n<figure class=\"wp-block-image size-large\"><img loading=\"lazy\" decoding=\"async\" width=\"1200\" height=\"800\" src=\"https:\/\/tvtecjundiai.com.br\/news\/wp-content\/uploads\/sites\/2\/2022\/12\/covabra-entrega-de-cheques-para-instituicoes_fm_-2-1280x853-1-1200x800.jpg\" alt=\"\" class=\"wp-image-102441\" srcset=\"https:\/\/tvtecjundiai.com.br\/news\/wp-content\/uploads\/sites\/2\/2022\/12\/covabra-entrega-de-cheques-para-instituicoes_fm_-2-1280x853-1-1200x800.jpg 1200w, https:\/\/tvtecjundiai.com.br\/news\/wp-content\/uploads\/sites\/2\/2022\/12\/covabra-entrega-de-cheques-para-instituicoes_fm_-2-1280x853-1-300x200.jpg 300w, https:\/\/tvtecjundiai.com.br\/news\/wp-content\/uploads\/sites\/2\/2022\/12\/covabra-entrega-de-cheques-para-instituicoes_fm_-2-1280x853-1-768x512.jpg 768w, https:\/\/tvtecjundiai.com.br\/news\/wp-content\/uploads\/sites\/2\/2022\/12\/covabra-entrega-de-cheques-para-instituicoes_fm_-2-1280x853-1.jpg 1280w\" sizes=\"auto, (max-width: 1200px) 100vw, 1200px\" \/><figcaption class=\"wp-element-caption\">Representantes da empresa, das OSC e da Prefeitura participaram da entrega do che<br><\/figcaption><\/figure>\n\n\n\n<p>O gestor de Governo e Finan\u00e7as, Jos\u00e9 Antonio Parimoschi, agradeceu a parceria da empresa em benef\u00edcio das organiza\u00e7\u00f5es sociais. \u201cO Covabra \u00e9 um importante parceiro do munic\u00edpio e tem atuado junto \u00e0 Prefeitura em diversas frentes, desde a ades\u00e3o \u00e0 campanha \u201cAcolha um Quarto, Conforte Vidas\u201d para o Hospital S\u00e3o Vicente at\u00e9 a doa\u00e7\u00e3o de cestas b\u00e1sicas durante a pandemia. Nesta campanha interna de final de ano, a empresa d\u00e1 um novo exemplo, pois, sem que o cliente tivesse que desembolsar valor algum, ele poderia escolher para qual entidade vai a doa\u00e7\u00e3o\u201d, afirma o gestor, que esteve representado pela diretora da Unidade Central de Parcerias Estrat\u00e9gicas, Daniele Ruiz.<\/p>\n\n\n\n<p>Segundo Larissa Dias, representante da Casa Santa Marta, que atua na presta\u00e7\u00e3o de servi\u00e7os \u00e0 popula\u00e7\u00e3o em situa\u00e7\u00e3o de rua e de idosos, os mais de R$ 30 mil dever\u00e3o ser destinados a encargos salariais e investimento em novo autom\u00f3vel. J\u00e1 para Daniela Malite, da diretoria da Almater, que atua no Jardim S\u00e3o Camilo com mais de 130 usu\u00e1rios, entre crian\u00e7as e idosos, o aporte ser\u00e1 importante para a manuten\u00e7\u00e3o e amplia\u00e7\u00e3o de projetos e na implanta\u00e7\u00e3o de uma sala de inform\u00e1tica.<\/p>\n\n\n\n<p>A gestora-adjunta da UGADS, Franciellem Germano, tamb\u00e9m ressaltou a import\u00e2ncia da iniciativa. \u201cCom a presta\u00e7\u00e3o de servi\u00e7o em diversos segmentos da sociedade e em v\u00e1rios territ\u00f3rios vulner\u00e1veis da cidade, estas entidades s\u00e3o importantes parceiras da Prefeitura. E que merecidamente recebem este apoio da iniciativa privada, em prol do aprimoramento do trabalho realizado junto a essas fam\u00edlias\u201d.<\/p>\n\n\n\n<p><em><strong>( Fonte\/ Imagem: Prefeitura de Jundia\u00ed)<\/strong><\/em><\/p>\n","protected":false},"excerpt":{"rendered":"<p> Esse ano, o valor total arrecadado foi superior a R$ 60 mil<\/p>\n","protected":false},"author":27,"featured_media":102441,"comment_status":"closed","ping_status":"0","sticky":false,"template":"","format":"standard","meta":{"footnotes":""},"categories":[29,8356,1],"tags":[],"class_list":["post-102440","post","type-post","status-publish","format-standard","has-post-thumbnail","hentry","category-destaque","category-jundiai","category-noticias"],"_links":{"self":[{"href":"https:\/\/tvtecjundiai.com.br\/news\/wp-json\/wp\/v2\/posts\/102440","targetHints":{"allow":["GET"]}}],"collection":[{"href":"https:\/\/tvtecjundiai.com.br\/news\/wp-json\/wp\/v2\/posts"}],"about":[{"href":"https:\/\/tvtecjundiai.com.br\/news\/wp-json\/wp\/v2\/types\/post"}],"author":[{"embeddable":true,"href":"https:\/\/tvtecjundiai.com.br\/news\/wp-json\/wp\/v2\/users\/27"}],"replies":[{"embeddable":true,"href":"https:\/\/tvtecjundiai.com.br\/news\/wp-json\/wp\/v2\/comments?post=102440"}],"version-history":[{"count":4,"href":"https:\/\/tvtecjundiai.com.br\/news\/wp-json\/wp\/v2\/posts\/102440\/revisions"}],"predecessor-version":[{"id":102467,"href":"https:\/\/tvtecjundiai.com.br\/news\/wp-json\/wp\/v2\/posts\/102440\/revisions\/102467"}],"wp:featuredmedia":[{"embeddable":true,"href":"https:\/\/tvtecjundiai.com.br\/news\/wp-json\/wp\/v2\/media\/102441"}],"wp:attachment":[{"href":"https:\/\/tvtecjundiai.com.br\/news\/wp-json\/wp\/v2\/media?parent=102440"}],"wp:term":[{"taxonomy":"category","embeddable":true,"href":"https:\/\/tvtecjundiai.com.br\/news\/wp-json\/wp\/v2\/categories?post=102440"},{"taxonomy":"post_tag","embeddable":true,"href":"https:\/\/tvtecjundiai.com.br\/news\/wp-json\/wp\/v2\/tags?post=102440"}],"curies":[{"name":"wp","href":"https:\/\/api.w.org\/{rel}","templated":true}]}}