{"id":102446,"date":"2022-12-14T08:59:18","date_gmt":"2022-12-14T11:59:18","guid":{"rendered":"https:\/\/tvtecjundiai.com.br\/news\/?p=102446"},"modified":"2022-12-14T08:59:19","modified_gmt":"2022-12-14T11:59:19","slug":"moradores-e-comerciantes-apresentam-sugestoes-a-primeira-area-da-infancia-do-brasil","status":"publish","type":"post","link":"https:\/\/tvtecjundiai.com.br\/news\/2022\/12\/14\/moradores-e-comerciantes-apresentam-sugestoes-a-primeira-area-da-infancia-do-brasil\/","title":{"rendered":"Moradores e comerciantes apresentam sugest\u00f5es \u00e0 primeira \u00c1rea da Inf\u00e2ncia do Brasil"},"content":{"rendered":"\n<p>Dando andamento ao projeto de implanta\u00e7\u00e3o da \u00c1rea da Inf\u00e2ncia na rua Lacerda Franco, localizada na Vila Arens, uma nova reuni\u00e3o com representantes do com\u00e9rcio e moradores da via ocorreu nesta ter\u00e7a-feira (13), no Pa\u00e7o Municipal. As interven\u00e7\u00f5es propostas para o local s\u00e3o resultado de solicita\u00e7\u00f5es do Comit\u00ea das Crian\u00e7as de Jundia\u00ed, com aten\u00e7\u00e3o para a seguran\u00e7a vi\u00e1ria e para o incentivo \u00e0 mobilidade por bicicleta e a p\u00e9.<\/p>\n\n\n\n<p>A proposta j\u00e1 havia sido apresentada em outras duas reuni\u00f5es com a participa\u00e7\u00e3o de moradores e comerciantes que atuam na regi\u00e3o.<\/p>\n\n\n\n<p>\u201cA rua Lacerda Franco j\u00e1 \u00e9 interessante do ponto de vista de conviv\u00eancia para quem est\u00e1 instalado ali. Com a revitaliza\u00e7\u00e3o, al\u00e9m de avan\u00e7ar com as pol\u00edticas p\u00fablicas para as crian\u00e7as, o objetivo \u00e9 agregar atrativos para o local, que ganhar\u00e1 o pioneirismo de ser a primeira \u00c1rea da Inf\u00e2ncia do Brasil\u201d, comenta o prefeito Luiz Fernando Machado. \u201cTemos tempo para inserir contribui\u00e7\u00f5es ao projeto\u201d, ressalta.<\/p>\n\n\n\n<p>T\u00e9cnicos da Unidade de Gest\u00e3o de Planejamento Urbano e Meio Ambiente e do Ateli\u00ea Navio, que est\u00e3o \u00e0 frente da elabora\u00e7\u00e3o do projeto executivo, voltar\u00e3o ao bairro nesta semana para dar sequ\u00eancia ao registro de sugest\u00f5es quanto a \u00e1reas de carga e descarga, vagas de estacionamento, entre outros pontos.<\/p>\n\n\n\n<figure class=\"wp-block-image size-large\"><img loading=\"lazy\" decoding=\"async\" width=\"1200\" height=\"801\" src=\"https:\/\/tvtecjundiai.com.br\/news\/wp-content\/uploads\/sites\/2\/2022\/12\/reuniao_situacao_rua_lacerda_franco-10-1280x854-1-1200x801.jpg\" alt=\"\" class=\"wp-image-102447\" srcset=\"https:\/\/tvtecjundiai.com.br\/news\/wp-content\/uploads\/sites\/2\/2022\/12\/reuniao_situacao_rua_lacerda_franco-10-1280x854-1-1200x801.jpg 1200w, https:\/\/tvtecjundiai.com.br\/news\/wp-content\/uploads\/sites\/2\/2022\/12\/reuniao_situacao_rua_lacerda_franco-10-1280x854-1-300x200.jpg 300w, https:\/\/tvtecjundiai.com.br\/news\/wp-content\/uploads\/sites\/2\/2022\/12\/reuniao_situacao_rua_lacerda_franco-10-1280x854-1-768x512.jpg 768w, https:\/\/tvtecjundiai.com.br\/news\/wp-content\/uploads\/sites\/2\/2022\/12\/reuniao_situacao_rua_lacerda_franco-10-1280x854-1.jpg 1280w\" sizes=\"auto, (max-width: 1200px) 100vw, 1200px\" \/><figcaption class=\"wp-element-caption\">Apresenta\u00e7\u00e3o de projeto foi realizada na Sala de Situa\u00e7\u00e3o do Pa\u00e7o Municipal<\/figcaption><\/figure>\n\n\n\n<p>De acordo com o gestor de Planejamento Urbano, Sin\u00e9sio Scarabello Filho, o investimento na \u00c1rea da Inf\u00e2ncia tamb\u00e9m favorece as a\u00e7\u00f5es do Plano Ciclovi\u00e1rio Municipal que prev\u00ea a implanta\u00e7\u00e3o de biciclet\u00e1rios e a integra\u00e7\u00e3o entre ciclovias. \u201cA tend\u00eancia mundial \u00e9 por uma demanda ambiental, de sa\u00fade e qualidade de vida, com meios alternativos de locomo\u00e7\u00e3o, ou seja, o caminhar, o transporte coletivo e as ciclovias\u201d, pontua o engenheiro.<\/p>\n\n\n\n<p>As pesquisas para o desenvolvimento da primeira \u00c1rea da Inf\u00e2ncia do Brasil, no entorno da F\u00e1brica Japy, em Jundia\u00ed, foram iniciadas em janeiro, com a medi\u00e7\u00e3o da qualidade do ar e dos n\u00edveis de ru\u00eddo do trecho. Com base nos dados e no conceito de ruas completas, o foco \u00e9 alcan\u00e7ar o indicador internacional \u201cVis\u00e3o zero\u201d, que \u00e9 a redu\u00e7\u00e3o completa de acidentes graves na via. A redu\u00e7\u00e3o na velocidade no trecho proporcionar\u00e1 maior seguran\u00e7a para os motoristas, pedestres e maior visibilidade para os com\u00e9rcios instalados no local.<\/p>\n\n\n\n<p>Outros pontos positivos da proposta da Prefeitura, al\u00e9m da prioriza\u00e7\u00e3o aos pedestres e ciclistas, contempla o alargamento das cal\u00e7adas favorecendo o com\u00e9rcio e a requalifica\u00e7\u00e3o da Pra\u00e7a Quintino Bocaiuva.<\/p>\n\n\n\n<p>Ainda segundo os t\u00e9cnicos respons\u00e1veis pelo projeto, a \u00c1rea da Inf\u00e2ncia trata-se de uma proposta tempor\u00e1ria, para an\u00e1lise e mensura\u00e7\u00e3o de impactos, que ir\u00e3o balizar as interven\u00e7\u00f5es futuras.<\/p>\n\n\n\n<p><em><strong>(Fonte\/Imagem: Prefeitura de Jundia\u00ed)<\/strong><\/em><\/p>\n","protected":false},"excerpt":{"rendered":"<p>Proposta j\u00e1 havia sido apresentada em outras reuni\u00f5es com a participa\u00e7\u00e3o de moradores e comerciantes<\/p>\n","protected":false},"author":30,"featured_media":102447,"comment_status":"closed","ping_status":"0","sticky":false,"template":"","format":"standard","meta":{"footnotes":""},"categories":[8357,8356,1],"tags":[],"class_list":["post-102446","post","type-post","status-publish","format-standard","has-post-thumbnail","hentry","category-gestao","category-jundiai","category-noticias"],"_links":{"self":[{"href":"https:\/\/tvtecjundiai.com.br\/news\/wp-json\/wp\/v2\/posts\/102446","targetHints":{"allow":["GET"]}}],"collection":[{"href":"https:\/\/tvtecjundiai.com.br\/news\/wp-json\/wp\/v2\/posts"}],"about":[{"href":"https:\/\/tvtecjundiai.com.br\/news\/wp-json\/wp\/v2\/types\/post"}],"author":[{"embeddable":true,"href":"https:\/\/tvtecjundiai.com.br\/news\/wp-json\/wp\/v2\/users\/30"}],"replies":[{"embeddable":true,"href":"https:\/\/tvtecjundiai.com.br\/news\/wp-json\/wp\/v2\/comments?post=102446"}],"version-history":[{"count":1,"href":"https:\/\/tvtecjundiai.com.br\/news\/wp-json\/wp\/v2\/posts\/102446\/revisions"}],"predecessor-version":[{"id":102448,"href":"https:\/\/tvtecjundiai.com.br\/news\/wp-json\/wp\/v2\/posts\/102446\/revisions\/102448"}],"wp:featuredmedia":[{"embeddable":true,"href":"https:\/\/tvtecjundiai.com.br\/news\/wp-json\/wp\/v2\/media\/102447"}],"wp:attachment":[{"href":"https:\/\/tvtecjundiai.com.br\/news\/wp-json\/wp\/v2\/media?parent=102446"}],"wp:term":[{"taxonomy":"category","embeddable":true,"href":"https:\/\/tvtecjundiai.com.br\/news\/wp-json\/wp\/v2\/categories?post=102446"},{"taxonomy":"post_tag","embeddable":true,"href":"https:\/\/tvtecjundiai.com.br\/news\/wp-json\/wp\/v2\/tags?post=102446"}],"curies":[{"name":"wp","href":"https:\/\/api.w.org\/{rel}","templated":true}]}}