{"id":102449,"date":"2022-12-14T09:15:15","date_gmt":"2022-12-14T12:15:15","guid":{"rendered":"https:\/\/tvtecjundiai.com.br\/news\/?p=102449"},"modified":"2022-12-14T12:00:46","modified_gmt":"2022-12-14T15:00:46","slug":"educacao-de-jovens-e-adultos-realiza-ciclo-de-palestras-para-alunos","status":"publish","type":"post","link":"https:\/\/tvtecjundiai.com.br\/news\/2022\/12\/14\/educacao-de-jovens-e-adultos-realiza-ciclo-de-palestras-para-alunos\/","title":{"rendered":"Educa\u00e7\u00e3o de Jovens e Adultos realiza ciclo de palestras para alunos"},"content":{"rendered":"\n<p>O Centro Municipal de Educa\u00e7\u00e3o de Jovens e Adultos (CMEJA) Prof. Dr. Andr\u00e9 Franco Montoro, vinculado \u00e0 Unidade de Gest\u00e3o de Educa\u00e7\u00e3o (UGE), promoveu um ciclo de palestras com foco no mundo do trabalho e cuidados com a sa\u00fade f\u00edsica e mental. A atividade \u00e9 mais uma iniciativa do Programa Escola Inovadora e tamb\u00e9m marca o encerramento do semestre letivo na escola. Na \u00faltima atividade, desta ter\u00e7a-feira (13), o tema abordado foi o tabagismo.<br><br>Para conversar com os alunos, foi convidada a m\u00e9dica do Programa de Assist\u00eancia Intensiva ao Tabagista (PAIT), da Unidade de Gest\u00e3o de Promo\u00e7\u00e3o da Sa\u00fade (UGPS), Carla Ruske Arantes Pereira, que destacou bons h\u00e1bitos para a sa\u00fade, al\u00e9m de falar sobre o problema. \u201c\u00c9 importante fazer esse bate-papo, chamando a aten\u00e7\u00e3o para a depend\u00eancia da nicotina que tamb\u00e9m tem como porta de entrada os cigarros eletr\u00f4nicos e o narguil\u00e9\u201d, comentou.<\/p>\n\n\n\n<figure class=\"wp-block-image size-large\"><img loading=\"lazy\" decoding=\"async\" width=\"1200\" height=\"800\" src=\"https:\/\/tvtecjundiai.com.br\/news\/wp-content\/uploads\/sites\/2\/2022\/12\/cmeja-palestra-sobre-tabagismo_fm_-5-1280x853-1-1200x800.jpg\" alt=\"\" class=\"wp-image-102451\" srcset=\"https:\/\/tvtecjundiai.com.br\/news\/wp-content\/uploads\/sites\/2\/2022\/12\/cmeja-palestra-sobre-tabagismo_fm_-5-1280x853-1-1200x800.jpg 1200w, https:\/\/tvtecjundiai.com.br\/news\/wp-content\/uploads\/sites\/2\/2022\/12\/cmeja-palestra-sobre-tabagismo_fm_-5-1280x853-1-300x200.jpg 300w, https:\/\/tvtecjundiai.com.br\/news\/wp-content\/uploads\/sites\/2\/2022\/12\/cmeja-palestra-sobre-tabagismo_fm_-5-1280x853-1-768x512.jpg 768w, https:\/\/tvtecjundiai.com.br\/news\/wp-content\/uploads\/sites\/2\/2022\/12\/cmeja-palestra-sobre-tabagismo_fm_-5-1280x853-1.jpg 1280w\" sizes=\"auto, (max-width: 1200px) 100vw, 1200px\" \/><figcaption class=\"wp-element-caption\">Durante sete dias, os alunos aprofundaram conhecimentos com especialistas de v\u00e1rias \u00e1reas<br><\/figcaption><\/figure>\n\n\n\n<p>Iniciada no dia 5, a programa\u00e7\u00e3o contou com a\u00e7\u00f5es em parceria com a Funda\u00e7\u00e3o Escola TVTEC Jundia\u00ed e o Sebrae, tanto na sede da escola, no Complexo Argos, como no n\u00facleo descentralizado na EMEB Ivo de Bona, no Almerinda Chaves.<br><br>\u201cForam oito dias de imers\u00e3o com especialistas, que ofertaram aos alunos a oportunidade de aprofundar conhecimentos adquiridos em sala de sala. O projeto reuniu profissionais de \u00e1reas como sa\u00fade, educa\u00e7\u00e3o, cultura e recursos humanos. O envolvimento de todos foi intenso, o que nos faz j\u00e1 pensar na segunda edi\u00e7\u00e3o do evento\u201d, ressaltou a supervisora da escola, Fernanda Mesquita.<\/p>\n\n\n\n<figure class=\"wp-block-image size-large\"><img loading=\"lazy\" decoding=\"async\" width=\"1200\" height=\"800\" src=\"https:\/\/tvtecjundiai.com.br\/news\/wp-content\/uploads\/sites\/2\/2022\/12\/cmeja-palestra-sobre-tabagismo_fm_-1-1280x853-1-1200x800.jpg\" alt=\"\" class=\"wp-image-102452\" srcset=\"https:\/\/tvtecjundiai.com.br\/news\/wp-content\/uploads\/sites\/2\/2022\/12\/cmeja-palestra-sobre-tabagismo_fm_-1-1280x853-1-1200x800.jpg 1200w, https:\/\/tvtecjundiai.com.br\/news\/wp-content\/uploads\/sites\/2\/2022\/12\/cmeja-palestra-sobre-tabagismo_fm_-1-1280x853-1-300x200.jpg 300w, https:\/\/tvtecjundiai.com.br\/news\/wp-content\/uploads\/sites\/2\/2022\/12\/cmeja-palestra-sobre-tabagismo_fm_-1-1280x853-1-768x512.jpg 768w, https:\/\/tvtecjundiai.com.br\/news\/wp-content\/uploads\/sites\/2\/2022\/12\/cmeja-palestra-sobre-tabagismo_fm_-1-1280x853-1.jpg 1280w\" sizes=\"auto, (max-width: 1200px) 100vw, 1200px\" \/><figcaption class=\"wp-element-caption\">Sirlei participou da palestra desta ter\u00e7a-feira e aprovou a iniciativa da escola<br><\/figcaption><\/figure>\n\n\n\n<p>A aposentada Sirlei Carmelina de Moura, que aos 68 anos retomou os estudos, comentou a satisfa\u00e7\u00e3o em participar da a\u00e7\u00e3o. \u201cAprendi muito nos \u00faltimos meses e essa palestra tamb\u00e9m est\u00e1 me fazendo muito bem e me motivando a continuar. Eu n\u00e3o tive oportunidades, porque casei cedo e fiquei sozinha, criando meus filhos. Agora, com eles crescidos, \u00e9 a minha vez de estudar. Aproveito todo o carinho e cuidado que recebo aqui\u201d, enfatizou a aluna.<\/p>\n\n\n\n<p>Cada encontro foi marcado pela presen\u00e7a de 50 estudantes, em m\u00e9dia.<\/p>\n\n\n\n<p><strong><em>( Fonte\/ Imagens: Prefeitura de Jundia\u00ed)<\/em><\/strong><\/p>\n","protected":false},"excerpt":{"rendered":"<p>Cada encontro foi marcado pela presen\u00e7a de 50 estudantes, em m\u00e9dia.<\/p>\n","protected":false},"author":27,"featured_media":102451,"comment_status":"closed","ping_status":"0","sticky":false,"template":"","format":"standard","meta":{"footnotes":""},"categories":[29,2828,8356,1],"tags":[],"class_list":["post-102449","post","type-post","status-publish","format-standard","has-post-thumbnail","hentry","category-destaque","category-educacao","category-jundiai","category-noticias"],"_links":{"self":[{"href":"https:\/\/tvtecjundiai.com.br\/news\/wp-json\/wp\/v2\/posts\/102449","targetHints":{"allow":["GET"]}}],"collection":[{"href":"https:\/\/tvtecjundiai.com.br\/news\/wp-json\/wp\/v2\/posts"}],"about":[{"href":"https:\/\/tvtecjundiai.com.br\/news\/wp-json\/wp\/v2\/types\/post"}],"author":[{"embeddable":true,"href":"https:\/\/tvtecjundiai.com.br\/news\/wp-json\/wp\/v2\/users\/27"}],"replies":[{"embeddable":true,"href":"https:\/\/tvtecjundiai.com.br\/news\/wp-json\/wp\/v2\/comments?post=102449"}],"version-history":[{"count":3,"href":"https:\/\/tvtecjundiai.com.br\/news\/wp-json\/wp\/v2\/posts\/102449\/revisions"}],"predecessor-version":[{"id":102497,"href":"https:\/\/tvtecjundiai.com.br\/news\/wp-json\/wp\/v2\/posts\/102449\/revisions\/102497"}],"wp:featuredmedia":[{"embeddable":true,"href":"https:\/\/tvtecjundiai.com.br\/news\/wp-json\/wp\/v2\/media\/102451"}],"wp:attachment":[{"href":"https:\/\/tvtecjundiai.com.br\/news\/wp-json\/wp\/v2\/media?parent=102449"}],"wp:term":[{"taxonomy":"category","embeddable":true,"href":"https:\/\/tvtecjundiai.com.br\/news\/wp-json\/wp\/v2\/categories?post=102449"},{"taxonomy":"post_tag","embeddable":true,"href":"https:\/\/tvtecjundiai.com.br\/news\/wp-json\/wp\/v2\/tags?post=102449"}],"curies":[{"name":"wp","href":"https:\/\/api.w.org\/{rel}","templated":true}]}}