{"id":102455,"date":"2022-12-14T09:53:41","date_gmt":"2022-12-14T12:53:41","guid":{"rendered":"https:\/\/tvtecjundiai.com.br\/news\/?p=102455"},"modified":"2022-12-14T14:56:52","modified_gmt":"2022-12-14T17:56:52","slug":"coral-de-natal-do-projeto-formacao-musical-se-apresenta-em-jundiai-na-sexta-16","status":"publish","type":"post","link":"https:\/\/tvtecjundiai.com.br\/news\/2022\/12\/14\/coral-de-natal-do-projeto-formacao-musical-se-apresenta-em-jundiai-na-sexta-16\/","title":{"rendered":"Coral de Natal do projeto Forma\u00e7\u00e3o Musical se apresenta em Jundia\u00ed na sexta (16)"},"content":{"rendered":"\n<p>Como diz o ditado, \u201cquem canta seus males espanta\u201d. Por isso, jovens e adultos que participaram do projeto Forma\u00e7\u00e3o Musical em Jundia\u00ed, em 2022, pretendem surpreender o p\u00fablico na apresenta\u00e7\u00e3o do coral, marcada para sexta-feira (16), \u00e0s 20h, na Par\u00f3quia Nossa Senhora Aparecida, que fica no Jardim Novo Horizonte. A apresenta\u00e7\u00e3o \u00e9 gratuita e aberta ao p\u00fablico.<\/p>\n\n\n\n<p>No repert\u00f3rio, o destaque vai para \u201cNoite Feliz\u201d, um dos cl\u00e1ssicos do Natal. A m\u00fasica vem sendo ensaiada pelos alunos desde o in\u00edcio das atividades do projeto e, segundo o professor Marcelo Ara\u00fajo, o coral est\u00e1 bem afinado. \u201cA m\u00fasica faz parte da hist\u00f3ria de muitas fam\u00edlias e, por isso, acaba sendo f\u00e1cil de ser preparada. Todo mundo conhece e quer cantar\u201d, explica o professor.<\/p>\n\n\n<div class=\"wp-block-image\">\n<figure class=\"aligncenter size-large is-resized\"><img loading=\"lazy\" decoding=\"async\" src=\"https:\/\/tvtecjundiai.com.br\/news\/wp-content\/uploads\/sites\/2\/2022\/12\/coral-paroquia-1200x802.jpg\" alt=\"\" class=\"wp-image-102457\" width=\"720\" height=\"481\" srcset=\"https:\/\/tvtecjundiai.com.br\/news\/wp-content\/uploads\/sites\/2\/2022\/12\/coral-paroquia-1200x802.jpg 1200w, https:\/\/tvtecjundiai.com.br\/news\/wp-content\/uploads\/sites\/2\/2022\/12\/coral-paroquia-300x200.jpg 300w, https:\/\/tvtecjundiai.com.br\/news\/wp-content\/uploads\/sites\/2\/2022\/12\/coral-paroquia-768x513.jpg 768w, https:\/\/tvtecjundiai.com.br\/news\/wp-content\/uploads\/sites\/2\/2022\/12\/coral-paroquia.jpg 1280w\" sizes=\"auto, (max-width: 720px) 100vw, 720px\" \/><\/figure>\n<\/div>\n\n\n<p>O projeto Forma\u00e7\u00e3o Musical tem o objetivo de desenvolver nos alunos a express\u00e3o cultural por meio da voz. Grupos de jovens e adultos participaram de 50 oficinais gratuitas de canto, realizadas entre os meses de abril e dezembro e puderam aprender mais sobre as t\u00e9cnicas de canto, imposi\u00e7\u00e3o da voz e respira\u00e7\u00e3o. \u201cO objetivo deste projeto \u00e9 ensinar aos jovens e adultos, independentemente de sua forma\u00e7\u00e3o ou n\u00edvel de habilidade, a aplicar t\u00e9cnica e respira\u00e7\u00e3o adequadas para usar a voz como instrumento musical e cantar diferentes estilos de m\u00fasicas\u201d, explica Marcelo.<\/p>\n\n\n<div class=\"wp-block-image\">\n<figure class=\"aligncenter size-large is-resized\"><img loading=\"lazy\" decoding=\"async\" src=\"https:\/\/tvtecjundiai.com.br\/news\/wp-content\/uploads\/sites\/2\/2022\/12\/aula-violao-1200x802.jpg\" alt=\"\" class=\"wp-image-102458\" width=\"722\" height=\"482\" srcset=\"https:\/\/tvtecjundiai.com.br\/news\/wp-content\/uploads\/sites\/2\/2022\/12\/aula-violao-1200x802.jpg 1200w, https:\/\/tvtecjundiai.com.br\/news\/wp-content\/uploads\/sites\/2\/2022\/12\/aula-violao-300x200.jpg 300w, https:\/\/tvtecjundiai.com.br\/news\/wp-content\/uploads\/sites\/2\/2022\/12\/aula-violao-768x513.jpg 768w, https:\/\/tvtecjundiai.com.br\/news\/wp-content\/uploads\/sites\/2\/2022\/12\/aula-violao.jpg 1280w\" sizes=\"auto, (max-width: 722px) 100vw, 722px\" \/><\/figure>\n<\/div>\n\n\n<p>A apresenta\u00e7\u00e3o do coral marca n\u00e3o apenas o encerramento das oficinas, mas a conclus\u00e3o de um importante projeto de inclus\u00e3o social, que busca oferecer oportunidades para jovens e adultos por meio da m\u00fasica. \u201cForma\u00e7\u00e3o Musical\u201d \u00e9 um projeto via Lei de Incentivo, patrocinado pela Pochet do Brasil, contando com a realiza\u00e7\u00e3o da MR2 Cultural e apoio da Foxconn e Think Projetos.<\/p>\n\n\n\n<p><em><strong>(Fonte\/Imagens: Assessoria F\u00e1brica de Hist\u00f3rias)<\/strong><\/em><\/p>\n","protected":false},"excerpt":{"rendered":"<p>Apresenta\u00e7\u00e3o ser\u00e1 na Par\u00f3quia Nossa Senhora Aparecida, no Jardim Novo Horizonte<\/p>\n","protected":false},"author":30,"featured_media":102457,"comment_status":"closed","ping_status":"0","sticky":false,"template":"","format":"standard","meta":{"footnotes":""},"categories":[2833,8356,1],"tags":[],"class_list":["post-102455","post","type-post","status-publish","format-standard","has-post-thumbnail","hentry","category-cultura","category-jundiai","category-noticias"],"_links":{"self":[{"href":"https:\/\/tvtecjundiai.com.br\/news\/wp-json\/wp\/v2\/posts\/102455","targetHints":{"allow":["GET"]}}],"collection":[{"href":"https:\/\/tvtecjundiai.com.br\/news\/wp-json\/wp\/v2\/posts"}],"about":[{"href":"https:\/\/tvtecjundiai.com.br\/news\/wp-json\/wp\/v2\/types\/post"}],"author":[{"embeddable":true,"href":"https:\/\/tvtecjundiai.com.br\/news\/wp-json\/wp\/v2\/users\/30"}],"replies":[{"embeddable":true,"href":"https:\/\/tvtecjundiai.com.br\/news\/wp-json\/wp\/v2\/comments?post=102455"}],"version-history":[{"count":1,"href":"https:\/\/tvtecjundiai.com.br\/news\/wp-json\/wp\/v2\/posts\/102455\/revisions"}],"predecessor-version":[{"id":102459,"href":"https:\/\/tvtecjundiai.com.br\/news\/wp-json\/wp\/v2\/posts\/102455\/revisions\/102459"}],"wp:featuredmedia":[{"embeddable":true,"href":"https:\/\/tvtecjundiai.com.br\/news\/wp-json\/wp\/v2\/media\/102457"}],"wp:attachment":[{"href":"https:\/\/tvtecjundiai.com.br\/news\/wp-json\/wp\/v2\/media?parent=102455"}],"wp:term":[{"taxonomy":"category","embeddable":true,"href":"https:\/\/tvtecjundiai.com.br\/news\/wp-json\/wp\/v2\/categories?post=102455"},{"taxonomy":"post_tag","embeddable":true,"href":"https:\/\/tvtecjundiai.com.br\/news\/wp-json\/wp\/v2\/tags?post=102455"}],"curies":[{"name":"wp","href":"https:\/\/api.w.org\/{rel}","templated":true}]}}