{"id":102461,"date":"2022-12-14T10:16:00","date_gmt":"2022-12-14T13:16:00","guid":{"rendered":"https:\/\/tvtecjundiai.com.br\/news\/?p=102461"},"modified":"2022-12-14T10:17:05","modified_gmt":"2022-12-14T13:17:05","slug":"assistidos-da-fumas-recebem-panetones-do-programa-de-suplementacao-alimentar","status":"publish","type":"post","link":"https:\/\/tvtecjundiai.com.br\/news\/2022\/12\/14\/assistidos-da-fumas-recebem-panetones-do-programa-de-suplementacao-alimentar\/","title":{"rendered":"Assistidos da Fumas recebem panetones do Programa de Suplementa\u00e7\u00e3o Alimentar"},"content":{"rendered":"\n<p>Rafaela da Rocha, 26 anos, foi at\u00e9 o Centro Comunit\u00e1rio da Fumas, no Jardim Santa Gertrudes, nesta semana para receber a sopa servida pelo programa de Suplementa\u00e7\u00e3o Alimentar. Desta vez, foi surpreendida com um panetone de presente. \u201cFiquei emocionada. A gente n\u00e3o espera receber presentes assim. Ainda mais, sabendo que foram os cozinheiros da Fumas que fizeram\u201d, comentou, logo depois de receber o p\u00e3o natalino. O aposentado Jo\u00e3o Manoel, 66 anos, tamb\u00e9m saiu agradecido. \u201cQue Deus aben\u00e7oe a todos que fizeram esse panetone para n\u00f3s\u201d, se emocionou.<\/p>\n\n\n\n<figure class=\"wp-block-image size-large\"><img loading=\"lazy\" decoding=\"async\" width=\"1200\" height=\"801\" src=\"https:\/\/tvtecjundiai.com.br\/news\/wp-content\/uploads\/sites\/2\/2022\/12\/fumas-entrega-panetones-para-familias-vulneravel-no-santa-gertrudes_fm_-27-1280x854-1-1200x801.jpg\" alt=\"\" class=\"wp-image-102462\" srcset=\"https:\/\/tvtecjundiai.com.br\/news\/wp-content\/uploads\/sites\/2\/2022\/12\/fumas-entrega-panetones-para-familias-vulneravel-no-santa-gertrudes_fm_-27-1280x854-1-1200x801.jpg 1200w, https:\/\/tvtecjundiai.com.br\/news\/wp-content\/uploads\/sites\/2\/2022\/12\/fumas-entrega-panetones-para-familias-vulneravel-no-santa-gertrudes_fm_-27-1280x854-1-300x200.jpg 300w, https:\/\/tvtecjundiai.com.br\/news\/wp-content\/uploads\/sites\/2\/2022\/12\/fumas-entrega-panetones-para-familias-vulneravel-no-santa-gertrudes_fm_-27-1280x854-1-768x512.jpg 768w, https:\/\/tvtecjundiai.com.br\/news\/wp-content\/uploads\/sites\/2\/2022\/12\/fumas-entrega-panetones-para-familias-vulneravel-no-santa-gertrudes_fm_-27-1280x854-1.jpg 1280w\" sizes=\"auto, (max-width: 1200px) 100vw, 1200px\" \/><figcaption class=\"wp-element-caption\">Assistidos pela FUMAS recebem panetones em entrega realizada no Centro Comunit\u00e1rio Santa Gertrudes<br><\/figcaption><\/figure>\n\n\n\n<p>Ao todo, a Funda\u00e7\u00e3o Municipal de A\u00e7\u00e3o Social (FUMAS) entregar\u00e1 at\u00e9 a semana do Natal, cerca de 300 panetones produzidos na cozinha da funda\u00e7\u00e3o. \u201cEstamos duplamente felizes, pois conseguimos promover um curso de capacita\u00e7\u00e3o apara os nossos servidores e ainda estamos oferecendo um produto artesanal para os nossos assistidos, que s\u00e3o pessoas em situa\u00e7\u00e3o de vulnerabilidade, que, muitas vezes, n\u00e3o teriam acesso a esse p\u00e3o especial\u201d, comenta o superintendente da Fumas, Jos\u00e9 Galv\u00e3o de Braga Campos.<\/p>\n\n\n\n<p>\u201c\u00c9 de grande import\u00e2ncia o Programa de Suplementa\u00e7\u00e3o Alimentar desenvolvido pela FUMAS. \u00c9 gratificante ver que esse programa faz a diferen\u00e7a na vida das pessoas que passam por vulnerabilidade social. &nbsp;Agora, com entrega dos panetones produzidos por nossos servidores, ver o sorriso das pessoas que receberam, s\u00e3o indicadores que estamos no caminho certo\u201d, comenta o diretor do Departamento de A\u00e7\u00e3o Social e Servi\u00e7o Funer\u00e1rio Municipal, Alan Piccolo.<\/p>\n\n\n\n<figure class=\"wp-block-image size-large\"><img loading=\"lazy\" decoding=\"async\" width=\"1200\" height=\"801\" src=\"https:\/\/tvtecjundiai.com.br\/news\/wp-content\/uploads\/sites\/2\/2022\/12\/fumas-equipe-da-cozinha-preparando-panetones-para-as-familias-vulneravel_fm_-7-1280x854-1-1200x801.jpg\" alt=\"\" class=\"wp-image-102464\" srcset=\"https:\/\/tvtecjundiai.com.br\/news\/wp-content\/uploads\/sites\/2\/2022\/12\/fumas-equipe-da-cozinha-preparando-panetones-para-as-familias-vulneravel_fm_-7-1280x854-1-1200x801.jpg 1200w, https:\/\/tvtecjundiai.com.br\/news\/wp-content\/uploads\/sites\/2\/2022\/12\/fumas-equipe-da-cozinha-preparando-panetones-para-as-familias-vulneravel_fm_-7-1280x854-1-300x200.jpg 300w, https:\/\/tvtecjundiai.com.br\/news\/wp-content\/uploads\/sites\/2\/2022\/12\/fumas-equipe-da-cozinha-preparando-panetones-para-as-familias-vulneravel_fm_-7-1280x854-1-768x512.jpg 768w, https:\/\/tvtecjundiai.com.br\/news\/wp-content\/uploads\/sites\/2\/2022\/12\/fumas-equipe-da-cozinha-preparando-panetones-para-as-familias-vulneravel_fm_-7-1280x854-1.jpg 1280w\" sizes=\"auto, (max-width: 1200px) 100vw, 1200px\" \/><figcaption class=\"wp-element-caption\">Panetones s\u00e3o produzidos na cozinha da FUMAS<br><\/figcaption><\/figure>\n\n\n\n<p>A a\u00e7\u00e3o tende a ser replicada em mais \u00e9pocas do ano. \u201cSendo a FUMAS reconhecida pela constru\u00e7\u00e3o de habita\u00e7\u00e3o de interesse social, regulariza\u00e7\u00e3o fundi\u00e1ria e tamb\u00e9m pelo programa de alimenta\u00e7\u00e3o \u00e0s pessoas em situa\u00e7\u00e3o de vulnerabilidade da cidade. A inten\u00e7\u00e3o \u00e9 promover novas forma\u00e7\u00f5es para os t\u00e9cnicos para que possam promover essas a\u00e7\u00f5es que trazem carinho e conforto para as pessoas\u201d, explica o diretor do Departamento de Planejamento, Gest\u00e3o e Finan\u00e7as da FUMAS, Tiago Adami.<\/p>\n\n\n\n<p>A entrega dos panetones foi iniciada na semana de 5 de dezembro e seguir\u00e1 at\u00e9 dia 16. Todos os p\u00e3es natalinos foram produzidos com ingredientes comprados pela funda\u00e7\u00e3o e preparados sem conservantes, para uma alimenta\u00e7\u00e3o saud\u00e1vel.<\/p>\n\n\n\n<figure class=\"wp-block-image size-large\"><img loading=\"lazy\" decoding=\"async\" width=\"1200\" height=\"801\" src=\"https:\/\/tvtecjundiai.com.br\/news\/wp-content\/uploads\/sites\/2\/2022\/12\/fumas-entrega-panetones-para-familias-vulneravel-no-santa-gertrudes_fm_-3-1280x854-1-1200x801.jpg\" alt=\"\" class=\"wp-image-102468\" srcset=\"https:\/\/tvtecjundiai.com.br\/news\/wp-content\/uploads\/sites\/2\/2022\/12\/fumas-entrega-panetones-para-familias-vulneravel-no-santa-gertrudes_fm_-3-1280x854-1-1200x801.jpg 1200w, https:\/\/tvtecjundiai.com.br\/news\/wp-content\/uploads\/sites\/2\/2022\/12\/fumas-entrega-panetones-para-familias-vulneravel-no-santa-gertrudes_fm_-3-1280x854-1-300x200.jpg 300w, https:\/\/tvtecjundiai.com.br\/news\/wp-content\/uploads\/sites\/2\/2022\/12\/fumas-entrega-panetones-para-familias-vulneravel-no-santa-gertrudes_fm_-3-1280x854-1-768x512.jpg 768w, https:\/\/tvtecjundiai.com.br\/news\/wp-content\/uploads\/sites\/2\/2022\/12\/fumas-entrega-panetones-para-familias-vulneravel-no-santa-gertrudes_fm_-3-1280x854-1.jpg 1280w\" sizes=\"auto, (max-width: 1200px) 100vw, 1200px\" \/><figcaption class=\"wp-element-caption\">Entrega \u00e9 realiza durante a oferta da alimenta\u00e7\u00e3o complementar<br><\/figcaption><\/figure>\n\n\n\n<p><strong><em>( Fonte\/ Imagens: Prefeitura de Jundia\u00ed)<\/em><\/strong><\/p>\n","protected":false},"excerpt":{"rendered":"<p>A entrega dos panetones foi iniciada na semana de 5 de dezembro e seguir\u00e1 at\u00e9 dia 16. <\/p>\n","protected":false},"author":27,"featured_media":102462,"comment_status":"closed","ping_status":"0","sticky":false,"template":"","format":"standard","meta":{"footnotes":""},"categories":[8356,1],"tags":[],"class_list":["post-102461","post","type-post","status-publish","format-standard","has-post-thumbnail","hentry","category-jundiai","category-noticias"],"_links":{"self":[{"href":"https:\/\/tvtecjundiai.com.br\/news\/wp-json\/wp\/v2\/posts\/102461","targetHints":{"allow":["GET"]}}],"collection":[{"href":"https:\/\/tvtecjundiai.com.br\/news\/wp-json\/wp\/v2\/posts"}],"about":[{"href":"https:\/\/tvtecjundiai.com.br\/news\/wp-json\/wp\/v2\/types\/post"}],"author":[{"embeddable":true,"href":"https:\/\/tvtecjundiai.com.br\/news\/wp-json\/wp\/v2\/users\/27"}],"replies":[{"embeddable":true,"href":"https:\/\/tvtecjundiai.com.br\/news\/wp-json\/wp\/v2\/comments?post=102461"}],"version-history":[{"count":2,"href":"https:\/\/tvtecjundiai.com.br\/news\/wp-json\/wp\/v2\/posts\/102461\/revisions"}],"predecessor-version":[{"id":102474,"href":"https:\/\/tvtecjundiai.com.br\/news\/wp-json\/wp\/v2\/posts\/102461\/revisions\/102474"}],"wp:featuredmedia":[{"embeddable":true,"href":"https:\/\/tvtecjundiai.com.br\/news\/wp-json\/wp\/v2\/media\/102462"}],"wp:attachment":[{"href":"https:\/\/tvtecjundiai.com.br\/news\/wp-json\/wp\/v2\/media?parent=102461"}],"wp:term":[{"taxonomy":"category","embeddable":true,"href":"https:\/\/tvtecjundiai.com.br\/news\/wp-json\/wp\/v2\/categories?post=102461"},{"taxonomy":"post_tag","embeddable":true,"href":"https:\/\/tvtecjundiai.com.br\/news\/wp-json\/wp\/v2\/tags?post=102461"}],"curies":[{"name":"wp","href":"https:\/\/api.w.org\/{rel}","templated":true}]}}