{"id":102477,"date":"2022-12-14T10:38:56","date_gmt":"2022-12-14T13:38:56","guid":{"rendered":"https:\/\/tvtecjundiai.com.br\/news\/?p=102477"},"modified":"2022-12-14T10:38:58","modified_gmt":"2022-12-14T13:38:58","slug":"cinesolar-primeiro-cinema-itinerante-movido-a-energia-solar-do-brasil-chega-a-jundiai","status":"publish","type":"post","link":"https:\/\/tvtecjundiai.com.br\/news\/2022\/12\/14\/cinesolar-primeiro-cinema-itinerante-movido-a-energia-solar-do-brasil-chega-a-jundiai\/","title":{"rendered":"CineSolar, primeiro cinema itinerante movido a energia solar do Brasil, chega a Jundia\u00ed"},"content":{"rendered":"\n<p>A magia do cinema movido a energia solar \u00e9 a proposta do CineSolar, que chega a Jundia\u00ed com atividades culturais. Com patroc\u00ednio da Meta e apoio da Unesco, nesta quarta-feira (14), a partir das 18h, na Pracinha da Cultura do Vista Alegre, ser\u00e3o exibidos curtas-metragens infantojuvenis &#8211; em parceria com a Ciranda de Filmes &#8211; que abordam tem\u00e1ticas como empoderamento feminino, igualdade de g\u00eanero e ancestralidade.<\/p>\n\n\n\n<p>Na sess\u00e3o, que tem entrada gratuita, o p\u00fablico pode conhecer a esta\u00e7\u00e3o m\u00f3vel de ci\u00eancias, arte, tecnologia, sustentabilidade e cultura de paz, instalada no pr\u00f3prio ve\u00edculo que carrega todo o cinema e que tem muitas atra\u00e7\u00f5es para toda a fam\u00edlia.<\/p>\n\n\n\n<p>O CineSolar \u00e9 o primeiro cinema itinerante do Brasil movido a energia limpa e renov\u00e1vel: a energia solar. Funciona atrav\u00e9s de duas vans, batizadas de Tup\u00e3 e Mahura, que foram grafitadas e adaptadas com as placas fotovoltaicas e o sistema de convers\u00e3o de energia e armazenamento, com 20 horas de autonomia. Cada sprinter tamb\u00e9m carrega 110 cadeiras e banquetas para o p\u00fablico e todo o sistema de som e proje\u00e7\u00e3o para o cinema.<\/p>\n\n\n\n<figure class=\"wp-block-image size-large\"><img loading=\"lazy\" decoding=\"async\" width=\"1200\" height=\"802\" src=\"https:\/\/tvtecjundiai.com.br\/news\/wp-content\/uploads\/sites\/2\/2022\/12\/unnamed-1200x802.jpg\" alt=\"\" class=\"wp-image-102487\" srcset=\"https:\/\/tvtecjundiai.com.br\/news\/wp-content\/uploads\/sites\/2\/2022\/12\/unnamed-1200x802.jpg 1200w, https:\/\/tvtecjundiai.com.br\/news\/wp-content\/uploads\/sites\/2\/2022\/12\/unnamed-300x200.jpg 300w, https:\/\/tvtecjundiai.com.br\/news\/wp-content\/uploads\/sites\/2\/2022\/12\/unnamed-768x513.jpg 768w, https:\/\/tvtecjundiai.com.br\/news\/wp-content\/uploads\/sites\/2\/2022\/12\/unnamed.jpg 1280w\" sizes=\"auto, (max-width: 1200px) 100vw, 1200px\" \/><\/figure>\n\n\n\n<p>Al\u00e9m de tudo isso, o espa\u00e7o se transforma em uma esta\u00e7\u00e3o m\u00f3vel de ci\u00eancias, arte, tecnologia, sustentabilidade e cultura de paz. Uma sala de aula onde o p\u00fablico \u00e9 convidado a entender, de maneira descontra\u00edda e divertida, como a luz do sol se transforma em energia el\u00e9trica. Os infogr\u00e1ficos, a ilumina\u00e7\u00e3o e a decora\u00e7\u00e3o especial &#8211; feita com materiais reciclados e objetos com princ\u00edpios de magnetismo e eletricidade como laser e bola de plasma &#8211; s\u00e3o uma atra\u00e7\u00e3o \u00e0 parte, que encanta pessoas de todas as idades.<\/p>\n\n\n\n<p>\u201cO tema da energia solar ainda \u00e9 novo e gera muita curiosidade. Na visita, todos podem ver o caminho que a luz do sol percorre, desde as placas instaladas no teto da van, os cabos, as baterias, o controlador e o inversor de carga, fica tudo acess\u00edvel e as crian\u00e7as adoram\u201d, diz Cynthia Alario, coordenadora e idealizadora do CineSolar.<\/p>\n\n\n\n<figure class=\"wp-block-image size-large\"><img loading=\"lazy\" decoding=\"async\" width=\"1200\" height=\"776\" src=\"https:\/\/tvtecjundiai.com.br\/news\/wp-content\/uploads\/sites\/2\/2022\/12\/unnamed-1-1200x776.jpg\" alt=\"\" class=\"wp-image-102488\" srcset=\"https:\/\/tvtecjundiai.com.br\/news\/wp-content\/uploads\/sites\/2\/2022\/12\/unnamed-1-1200x776.jpg 1200w, https:\/\/tvtecjundiai.com.br\/news\/wp-content\/uploads\/sites\/2\/2022\/12\/unnamed-1-300x194.jpg 300w, https:\/\/tvtecjundiai.com.br\/news\/wp-content\/uploads\/sites\/2\/2022\/12\/unnamed-1-768x497.jpg 768w, https:\/\/tvtecjundiai.com.br\/news\/wp-content\/uploads\/sites\/2\/2022\/12\/unnamed-1.jpg 1280w\" sizes=\"auto, (max-width: 1200px) 100vw, 1200px\" \/><\/figure>\n\n\n\n<p>O projeto viaja por v\u00e1rias regi\u00f5es do pa\u00eds para realizar sess\u00f5es gratuitas de cinema, com o objetivo de democratizar o acesso \u00e0s produ\u00e7\u00f5es audiovisuais (principalmente nacionais), promover a\u00e7\u00f5es e pr\u00e1ticas sustent\u00e1veis, a inclus\u00e3o social, difundir a tecnologia da gera\u00e7\u00e3o de energia fotovoltaica e levar alegria com a tem\u00e1tica socioambiental a todas as pessoas.<\/p>\n\n\n\n<p>Com a\u00e7\u00f5es em conjunto com a Unesco Representa\u00e7\u00e3o Brasil, o CineSolar tamb\u00e9m ajuda o planeta cumprindo 10 dos 17 ODS (Objetivos de Desenvolvimento Sustent\u00e1vel) propostos pela ONU (Organiza\u00e7\u00e3o das Na\u00e7\u00f5es Unidas). \u201cAs sess\u00f5es de cinema s\u00e3o atividades art\u00edsticas com uma linguagem que dialoga de forma l\u00fadica com pessoas de todas as idades, colocando o p\u00fablico em contato com os temas de sustentabilidade e energia renov\u00e1vel, al\u00e9m de arte e cultura\u201d, destaca Cynthia Alario.<\/p>\n\n\n\n<p>A 6\u00aa Edi\u00e7\u00e3o do CineSolar \u00e9 viabilizada pela Lei Federal de Incentivo \u00e0 Cultura, com patroc\u00ednio da Meta e apoio da Unesco e da Ciranda de Filmes, e \u00e9 realizada pela Brazucah Produ\u00e7\u00f5es e pelo Minist\u00e9rio do Turismo. O Circuito Meta promoveu neste ano 94 sess\u00f5es, em 40 munic\u00edpios de 12 estados brasileiros.<\/p>\n\n\n\n<p><strong>Sess\u00e3o CineSolar<\/strong><\/p>\n\n\n\n<p><strong>Data:&nbsp;<\/strong>quarta-feira, 14 de dezembro<\/p>\n\n\n\n<p><strong>Hor\u00e1rios:&nbsp;<\/strong><\/p>\n\n\n\n<ul class=\"wp-block-list\">\n<li>\u00e0s 18h &#8211; Curtas infantojuvenis &#8211; Empoderamento feminino e igualdade de g\u00eanero<\/li>\n\n\n\n<li>\u00e0s 19h &#8211; Curtas infantojuvenis &#8211; Ancestralidade<\/li>\n<\/ul>\n\n\n\n<p><strong>Entrada&nbsp;gratuita<\/strong><\/p>\n\n\n\n<p><strong>Atra\u00e7\u00e3o:<\/strong>&nbsp;esta\u00e7\u00e3o m\u00f3vel de ci\u00eancias, arte, tecnologia, sustentabilidade e cultura de paz<\/p>\n\n\n\n<p><strong>Local:&nbsp;<\/strong>Pracinha da Cultura do Vista Alegre &#8211; rua Cabo Edvaldo Quirino Santana, 46 &#8211; 110 &#8211; Vista Alegre<\/p>\n\n\n\n<p><strong><u>SINOPSES DOS FILMES<\/u><\/strong><\/p>\n\n\n\n<p><strong>Movimento #EDUCASTEM2030 &#8211;&nbsp;<\/strong><strong>Unesco &#8211; Dura\u00e7\u00e3o: 3 minutos<\/strong><\/p>\n\n\n\n<p>O filme da Unesco defende que deixar meninas e mulheres fora da educa\u00e7\u00e3o e das carreiras em STEM (sigla em ingl\u00eas para Ci\u00eancias, Tecnologias, Engenharias e Matem\u00e1tica) \u00e9 uma perda para a Humanidade. Com exemplos de algumas mulheres cientistas que transformaram o mundo,&nbsp;convida a todos para ades\u00e3o \u00e0 iniciativa&nbsp;#EDUCASTEM2030, movimento global de meninas e mulheres em educa\u00e7\u00e3o e carreiras em STEM para sociedades inclusivas e sustent\u00e1veis.<\/p>\n\n\n\n<p><strong>\u2018Claudete e o Bolo\u2019 \u2013 Dire\u00e7\u00e3o: F\u00e1dhia Salom\u00e3o, Anima\u00e7\u00e3o\/Livre, Brasil\/2020 &#8211; 5 min<\/strong><\/p>\n\n\n\n<p>Algu\u00e9m que gosta de fazer bolos e os faz com verdadeira dedica\u00e7\u00e3o, esta \u00e9 Claudete. Seus bolos s\u00e3o apreciados por todos e isso a deixa contente, mas quando se v\u00ea sobrecarregada pela demanda excessiva, Claudete ter\u00e1 que tomar uma atitude.<\/p>\n\n\n\n<p><strong>\u2018Meninos e Reis\u2019 \u2013 Dire\u00e7\u00e3o: Gabriela Romeu, Document\u00e1rio, Brasil\/2016 &#8211; 16 minutos<\/strong><\/p>\n\n\n\n<p>No reisado, um dos folguedos mais populares do Cariri cearense, crian\u00e7as aprendem a jogar espada com destreza e meninas crescem como rainhas. Mas Maria, a rainha de um dos reisados mais tradicionais da regi\u00e3o, est\u00e1 no \u00faltimo ano de reinado e encara o drama de passar a coroa para a irm\u00e3 mais nova, vivendo um verdadeiro rito de passagem.<\/p>\n\n\n\n<p><strong>\u2018A menina e o velho\u2019 \u2013 Dire\u00e7\u00e3o: Luciano Fusinato, Anima\u00e7\u00e3o\/10 anos, Brasil\/2021 &#8211; 10 min.<\/strong><\/p>\n\n\n\n<p>Uma menina e um velho iniciam uma amizade atrav\u00e9s dos fios de um varal. Do seu encontro, brotam singeleza e poesia.<\/p>\n\n\n\n<p><strong>\u2018Por que n\u00e3o tenho um Xerimbabo?\u2019 \u2013 Dire\u00e7\u00e3o: Patricia Alves Dias, Document\u00e1rio\/ +6 anos, Brasil\/2020 &#8211; 13 min.<\/strong><\/p>\n\n\n\n<p><a href=\"http:\/\/xe.rim.ba.bo\/\" target=\"_blank\" rel=\"noreferrer noopener\">XE.RIM.BA.BO<\/a>, palavra de origem Tupi, quer dizer \u201ca coisa mais querida\u201d. \u2018Por que n\u00e3o tenho um Xerimbabo?\u2019 \u00e9 um ensaio po\u00e9tico biogr\u00e1fico sobre passagens da vida da menina Lia e sua rela\u00e7\u00e3o com os animais. Assim como outras crian\u00e7as, ela inventa um mundo pr\u00f3prio de coisas (desenhos, instala\u00e7\u00f5es, pop-ups etc.) inserido num mundo de adultos.<\/p>\n\n\n\n<p><strong>\u2018Meu nome \u00e9 Maalum\u2019 \u2013 Dire\u00e7\u00e3o: Lu\u00edsa Copetti, Anima\u00e7\u00e3o, Brasil\/2021 &#8211; 8 min.<\/strong><\/p>\n\n\n\n<p>Maalum \u00e9 uma menina negra brasileira que nasce e cresce em um lar rodeado de amor e de refer\u00eancias afrocentradas. Logo que sai do seio de sua casa, ela se depara com os desafios impostos pelos discursos e pelas pr\u00e1ticas de uma sociedade racista. Assim que chega na escola, todos riem dela. Maalum n\u00e3o entende o porqu\u00ea e, com ajuda da sua fam\u00edlia, vai descobrir o significado do seu nome e transformar a tristeza em orgulho por sua ancestralidade.<\/p>\n\n\n\n<p><strong>Ancestralidade<\/strong><\/p>\n\n\n\n<p><strong>\u2018Alma Carioca, um choro de menino\u2019 \u2013 Dire\u00e7\u00e3o: William C\u00f4go, Anima\u00e7\u00e3o\/Livre, Brasil\/2002 &#8211; 5 minutos<\/strong><\/p>\n\n\n\n<p>Hist\u00f3ria de um menino que vive na zona portu\u00e1ria do Rio de Janeiro da d\u00e9cada de 20 e testemunha o surgimento do Choro, quando encontra os grandes mestres pioneiros desse estilo puramente carioca.<\/p>\n\n\n\n<p><strong>\u2018Mar\u00e9 Capoeira\u2019 \u2013 Dire\u00e7\u00e3o: Paola Barreto, document\u00e1rio, Brasil\/2005, &#8211; 12 min.<\/strong><\/p>\n\n\n\n<p>Mar\u00e9 \u00e9 o apelido de Jo\u00e3o, um menino de dez anos que sonha ser mestre de capoeira como seu pai, dando continuidade a uma tradi\u00e7\u00e3o familiar que atravessa v\u00e1rias gera\u00e7\u00f5es. O curta mistura fic\u00e7\u00e3o e document\u00e1rio para contar uma pequena hist\u00f3ria de amor e guerra.<\/p>\n\n\n\n<p><strong>\u2018A Festa dos Encantados\u2019 \u2013 Dire\u00e7\u00e3o: Masanori Ohashy, Anima\u00e7\u00e3o, Brasil\/2016 \u2013 13 minutos<\/strong><\/p>\n\n\n\n<p>A festa dos encantados narra a saga de um \u00edndio Guajajara que, procurando pelo irm\u00e3o perdido, encontrou um mundo subterr\u00e2neo habitado por seres encantados e ali permaneceu at\u00e9 aprender todos os rituais e c\u00e2nticos de v\u00e1rias celebra\u00e7\u00f5es. Com saudade da fam\u00edlia, voltou para seu povo e passou a contar sua hist\u00f3ria e a ensinar, na sua aldeia de origem, tudo o que havia aprendido com aqueles seres. Antes disso, de acordo com a lenda, os Guajajara n\u00e3o realizavam festas.<\/p>\n\n\n\n<p><strong>\u2018O Violeiro Fantasma\u2019 \u2013 Dire\u00e7\u00e3o: Wesley Rodrigues, Anima\u00e7\u00e3o\/14 anos, Brasil\/2017 \u2013 7 minutos<\/strong><\/p>\n\n\n\n<p>Atrav\u00e9s da poesia de cordel, o violeiro apresenta um sert\u00e3o m\u00e1gico e psicod\u00e9lico.<\/p>\n\n\n\n<p><strong>\u2018B\u00e1\u2019 \u2013 Dire\u00e7\u00e3o: Leandro Tadashi, Brasil\/2015 &#8211; 14 min<\/strong><\/p>\n\n\n\n<p>O menino Bruno \u00e9 obrigado a lidar com as mudan\u00e7as que ocorrem em sua vida quando sua &#8220;B\u00e1&#8221; (de Batchan, av\u00f3 em japon\u00eas) \u00e9 trazida para morar em sua casa.<\/p>\n\n\n\n<p><strong><em>(Fonte\/Imagens: Benu Comunica\u00e7\u00e3o)<\/em><\/strong><\/p>\n","protected":false},"excerpt":{"rendered":"<p>Sess\u00e3o que tem entrada gratuita acontece nesta quarta-feira (14), a partir das 18h<\/p>\n","protected":false},"author":30,"featured_media":102487,"comment_status":"closed","ping_status":"0","sticky":false,"template":"","format":"standard","meta":{"footnotes":""},"categories":[2833,8356,8354,1],"tags":[],"class_list":["post-102477","post","type-post","status-publish","format-standard","has-post-thumbnail","hentry","category-cultura","category-jundiai","category-lazer","category-noticias"],"_links":{"self":[{"href":"https:\/\/tvtecjundiai.com.br\/news\/wp-json\/wp\/v2\/posts\/102477","targetHints":{"allow":["GET"]}}],"collection":[{"href":"https:\/\/tvtecjundiai.com.br\/news\/wp-json\/wp\/v2\/posts"}],"about":[{"href":"https:\/\/tvtecjundiai.com.br\/news\/wp-json\/wp\/v2\/types\/post"}],"author":[{"embeddable":true,"href":"https:\/\/tvtecjundiai.com.br\/news\/wp-json\/wp\/v2\/users\/30"}],"replies":[{"embeddable":true,"href":"https:\/\/tvtecjundiai.com.br\/news\/wp-json\/wp\/v2\/comments?post=102477"}],"version-history":[{"count":2,"href":"https:\/\/tvtecjundiai.com.br\/news\/wp-json\/wp\/v2\/posts\/102477\/revisions"}],"predecessor-version":[{"id":102489,"href":"https:\/\/tvtecjundiai.com.br\/news\/wp-json\/wp\/v2\/posts\/102477\/revisions\/102489"}],"wp:featuredmedia":[{"embeddable":true,"href":"https:\/\/tvtecjundiai.com.br\/news\/wp-json\/wp\/v2\/media\/102487"}],"wp:attachment":[{"href":"https:\/\/tvtecjundiai.com.br\/news\/wp-json\/wp\/v2\/media?parent=102477"}],"wp:term":[{"taxonomy":"category","embeddable":true,"href":"https:\/\/tvtecjundiai.com.br\/news\/wp-json\/wp\/v2\/categories?post=102477"},{"taxonomy":"post_tag","embeddable":true,"href":"https:\/\/tvtecjundiai.com.br\/news\/wp-json\/wp\/v2\/tags?post=102477"}],"curies":[{"name":"wp","href":"https:\/\/api.w.org\/{rel}","templated":true}]}}