{"id":102490,"date":"2022-12-28T09:00:00","date_gmt":"2022-12-28T12:00:00","guid":{"rendered":"https:\/\/tvtecjundiai.com.br\/news\/?p=102490"},"modified":"2022-12-14T11:28:39","modified_gmt":"2022-12-14T14:28:39","slug":"saiba-o-significado-das-cores-para-usar-no-ano-novo","status":"publish","type":"post","link":"https:\/\/tvtecjundiai.com.br\/news\/2022\/12\/28\/saiba-o-significado-das-cores-para-usar-no-ano-novo\/","title":{"rendered":"Saiba o significado das cores para usar no Ano Novo"},"content":{"rendered":"\n<p>O ano est\u00e1 terminando e 2023 est\u00e1 cada vez mais pr\u00f3ximo. Trata-se de um novo ano, com novas possibilidades e momentos para colecionar. <\/p>\n\n\n\n<p>Nesta \u00e9poca do ano, existe a supersti\u00e7\u00e3o de escolher a roupa da virada com base no significado das cores. Voc\u00ea j\u00e1 sabe o que deseja para 2023? Sabe como as cores da sua roupa podem te ajudar nisso? Confira o significado de algumas delas e monte o look perfeito!<\/p>\n\n\n<div class=\"wp-block-image\">\n<figure class=\"aligncenter size-full is-resized\"><img loading=\"lazy\" decoding=\"async\" src=\"https:\/\/tvtecjundiai.com.br\/news\/wp-content\/uploads\/sites\/2\/2022\/12\/ano-novo-2023.jpg\" alt=\"\" class=\"wp-image-102491\" width=\"597\" height=\"397\" srcset=\"https:\/\/tvtecjundiai.com.br\/news\/wp-content\/uploads\/sites\/2\/2022\/12\/ano-novo-2023.jpg 571w, https:\/\/tvtecjundiai.com.br\/news\/wp-content\/uploads\/sites\/2\/2022\/12\/ano-novo-2023-300x200.jpg 300w\" sizes=\"auto, (max-width: 597px) 100vw, 597px\" \/><\/figure>\n<\/div>\n\n\n<p><strong>SIGNIFICADO DAS CORES<\/strong><\/p>\n\n\n\n<p><strong>Branco<\/strong><\/p>\n\n\n\n<p>Sendo a mais tradicional das cores no Ano Novo, o branco representa paz, pureza, calmaria e harmonia. \u00c9 a cor ideal para quem quer tranquilidade e afastar energias negativas neste novo ano que se inicia.<\/p>\n\n\n\n<p><strong>Prata<\/strong><\/p>\n\n\n\n<p>A cor prata \u00e9 ideal para quem quer um novo ano cheio de novidades, inova\u00e7\u00e3o e modernidade. Se voc\u00ea precisa de uma virada na sua vida e viver emo\u00e7\u00f5es, aposte nessa cor.<\/p>\n\n\n\n<p><strong>Amarelo\/Dourado<\/strong><\/p>\n\n\n\n<p>Associados \u00e0 riqueza material e espiritual, o amarelo e o dourado s\u00e3o cores que trazem alegria, prosperidade e sucesso ao novo ano que se inicia. Cores ideais para quem quer brilhar na virada e em 2023.<\/p>\n\n\n\n<p><strong>Preto<\/strong><\/p>\n\n\n\n<p>A maioria das pessoas acredita que usar preto no Ano Novo atrai energias negativas. Na verdade, o preto \u00e9 a aus\u00eancia de cor e simboliza a independ\u00eancia. A cor tamb\u00e9m representa a dignidade e a tomada de decis\u00e3o.<\/p>\n\n\n\n<p><strong>Verde<\/strong><\/p>\n\n\n\n<p>Para quem deseja esperan\u00e7a e muita sa\u00fade neste novo ano, o verde \u00e9 uma boa pedida. A cor tamb\u00e9m \u00e9 o s\u00edmbolo da fertilidade e da boa sorte.<\/p>\n\n\n\n<p><strong>Vermelho<\/strong><\/p>\n\n\n\n<p>Sendo a mais intensa das cores, o vermelho simboliza paix\u00e3o, desejo e intensidade. Para quem est\u00e1 disposto a viver altas emo\u00e7\u00f5es e atrair um novo romance ou intensificar um antigo, \u00e9 uma cor cheia de possibilidades.<\/p>\n\n\n\n<p><strong>Rosa<\/strong><\/p>\n\n\n\n<p>Um meio termo entre o branco e o vermelho, a cor rosa \u00e9 mais serena e representa romantismo e carinho. N\u00e3o se trata apenas de viver um relacionamento com algu\u00e9m, mas sim vivenciar o amor pr\u00f3prio e autocuidado.<\/p>\n\n\n\n<p><strong>Laranja<\/strong><\/p>\n\n\n\n<p>Ideal para os mais ousados, o laranja desperta criatividade e coragem. Para quem quer transmitir alegria e entusiasmo, \u00e9 a cor perfeita para passar a virada do ano e come\u00e7ar 2023 com o p\u00e9 direito.<\/p>\n\n\n\n<p><strong>Lil\u00e1s\/Roxo<\/strong><\/p>\n\n\n\n<p>O roxo e o lil\u00e1s s\u00e3o as cores da intui\u00e7\u00e3o e do autoconhecimento. Conectados com a espiritualidade, s\u00e3o ideais para quem quer iniciar 2023 em busca de respostas para tra\u00e7ar novos e pr\u00f3speros caminhos.<\/p>\n\n\n\n<p><strong>Azul<\/strong><\/p>\n\n\n\n<p>Outra cor serena e, ao mesmo tempo, vibrante, o azul representa tranquilidade, confian\u00e7a e bem-estar. Tamb\u00e9m \u00e9 uma cor que favorece a honestidade e o poder da comunica\u00e7\u00e3o, ideal para quem quer estreitar la\u00e7os.<\/p>\n\n\n\n<p><em><strong>(Fonte: TVTEC Jundia\u00ed\/Imagem: Canva)<\/strong><\/em><\/p>\n","protected":false},"excerpt":{"rendered":"<p>Com a esperan\u00e7a de dias melhores, cores atraem boas energias para a virada do ano<\/p>\n","protected":false},"author":30,"featured_media":102491,"comment_status":"closed","ping_status":"0","sticky":false,"template":"","format":"standard","meta":{"footnotes":""},"categories":[29,8356,1],"tags":[],"class_list":["post-102490","post","type-post","status-publish","format-standard","has-post-thumbnail","hentry","category-destaque","category-jundiai","category-noticias"],"_links":{"self":[{"href":"https:\/\/tvtecjundiai.com.br\/news\/wp-json\/wp\/v2\/posts\/102490","targetHints":{"allow":["GET"]}}],"collection":[{"href":"https:\/\/tvtecjundiai.com.br\/news\/wp-json\/wp\/v2\/posts"}],"about":[{"href":"https:\/\/tvtecjundiai.com.br\/news\/wp-json\/wp\/v2\/types\/post"}],"author":[{"embeddable":true,"href":"https:\/\/tvtecjundiai.com.br\/news\/wp-json\/wp\/v2\/users\/30"}],"replies":[{"embeddable":true,"href":"https:\/\/tvtecjundiai.com.br\/news\/wp-json\/wp\/v2\/comments?post=102490"}],"version-history":[{"count":1,"href":"https:\/\/tvtecjundiai.com.br\/news\/wp-json\/wp\/v2\/posts\/102490\/revisions"}],"predecessor-version":[{"id":102492,"href":"https:\/\/tvtecjundiai.com.br\/news\/wp-json\/wp\/v2\/posts\/102490\/revisions\/102492"}],"wp:featuredmedia":[{"embeddable":true,"href":"https:\/\/tvtecjundiai.com.br\/news\/wp-json\/wp\/v2\/media\/102491"}],"wp:attachment":[{"href":"https:\/\/tvtecjundiai.com.br\/news\/wp-json\/wp\/v2\/media?parent=102490"}],"wp:term":[{"taxonomy":"category","embeddable":true,"href":"https:\/\/tvtecjundiai.com.br\/news\/wp-json\/wp\/v2\/categories?post=102490"},{"taxonomy":"post_tag","embeddable":true,"href":"https:\/\/tvtecjundiai.com.br\/news\/wp-json\/wp\/v2\/tags?post=102490"}],"curies":[{"name":"wp","href":"https:\/\/api.w.org\/{rel}","templated":true}]}}