{"id":102499,"date":"2022-12-14T13:55:15","date_gmt":"2022-12-14T16:55:15","guid":{"rendered":"https:\/\/tvtecjundiai.com.br\/news\/?p=102499"},"modified":"2022-12-14T14:58:03","modified_gmt":"2022-12-14T17:58:03","slug":"por-meio-de-convenio-com-o-estado-jundiai-recebe-cinco-vans-adaptadas","status":"publish","type":"post","link":"https:\/\/tvtecjundiai.com.br\/news\/2022\/12\/14\/por-meio-de-convenio-com-o-estado-jundiai-recebe-cinco-vans-adaptadas\/","title":{"rendered":"Por meio de conv\u00eanio com o Estado, Jundia\u00ed recebe cinco vans adaptadas"},"content":{"rendered":"\n<p>A Prefeitura de Jundia\u00ed recebeu nesta manh\u00e3 (14), por meio do programa Cidade Acess\u00edvel do Governo do Estado, cinco vans adaptadas, totalizando R$ 1,7 milh\u00e3o. Os ve\u00edculos s\u00e3o equipados para o transporte de pessoas com defici\u00eancia e comportam at\u00e9 tr\u00eas pacientes e quatro acompanhantes. Eles contam com elevador na porta traseira, amplo espa\u00e7o e conforto, al\u00e9m de ar condicionado. Os motoristas s\u00e3o especializados tanto no transporte, quanto em primeiros socorros.<\/p>\n\n\n\n<p>\u201cA aquisi\u00e7\u00e3o desses novos ve\u00edculos \u00e9 um grande avan\u00e7o para Jundia\u00ed, que poder\u00e1 atender as pessoas com defici\u00eancia de forma mais humanizada, segura e que proporcione mais qualidade de vida, principalmente \u00e0quelas que tem dificuldades motoras\u201d, afirma o Prefeito Luiz Fernando Machado.<\/p>\n\n\n\n<figure class=\"wp-block-image size-large\"><img loading=\"lazy\" decoding=\"async\" width=\"1200\" height=\"801\" src=\"https:\/\/tvtecjundiai.com.br\/news\/wp-content\/uploads\/sites\/2\/2022\/12\/entrega_vans_adaptadas_cidade_acessivel_pa-334-1280x854-1-1200x801.jpg\" alt=\"\" class=\"wp-image-102500\" srcset=\"https:\/\/tvtecjundiai.com.br\/news\/wp-content\/uploads\/sites\/2\/2022\/12\/entrega_vans_adaptadas_cidade_acessivel_pa-334-1280x854-1-1200x801.jpg 1200w, https:\/\/tvtecjundiai.com.br\/news\/wp-content\/uploads\/sites\/2\/2022\/12\/entrega_vans_adaptadas_cidade_acessivel_pa-334-1280x854-1-300x200.jpg 300w, https:\/\/tvtecjundiai.com.br\/news\/wp-content\/uploads\/sites\/2\/2022\/12\/entrega_vans_adaptadas_cidade_acessivel_pa-334-1280x854-1-768x512.jpg 768w, https:\/\/tvtecjundiai.com.br\/news\/wp-content\/uploads\/sites\/2\/2022\/12\/entrega_vans_adaptadas_cidade_acessivel_pa-334-1280x854-1.jpg 1280w\" sizes=\"auto, (max-width: 1200px) 100vw, 1200px\" \/><figcaption class=\"wp-element-caption\">Vans adaptadas foram adquiridas por meio do programa Cidade Acess\u00edvel do Governo do Estado<br><\/figcaption><\/figure>\n\n\n\n<p>\u201cAtualmente realizamos 50 transportes de pessoas com defici\u00eancia na rede, que necessitam dos servi\u00e7os ofertados pelo SUS. Com as novas vans adaptadas pretendemos aumentar a oferta em aproximadamente 30%. Vale destacar que os pacientes deixam de fazer o transporte em ambul\u00e2ncias, para utilizar um ve\u00edculo que traz muito mais conforto\u201d, comenta o Gestor de Sa\u00fade, Tiago Texera.<\/p>\n\n\n\n<p>Lan\u00e7ado em setembro de 2021, o programa prev\u00ea, a partir de parcerias com as cidades, investimentos de 110 milh\u00f5es em equipamentos e obras de acessibilidade voltadas \u00e0 melhoria da qualidade de vida das pessoas com defici\u00eancia.<\/p>\n\n\n\n<figure class=\"wp-block-image size-large\"><img loading=\"lazy\" decoding=\"async\" width=\"1200\" height=\"801\" src=\"https:\/\/tvtecjundiai.com.br\/news\/wp-content\/uploads\/sites\/2\/2022\/12\/entrega_novas_vans_adaptadas_cidade_acessivel_pa-16-1280x854-1-1200x801.jpg\" alt=\"\" class=\"wp-image-102501\" srcset=\"https:\/\/tvtecjundiai.com.br\/news\/wp-content\/uploads\/sites\/2\/2022\/12\/entrega_novas_vans_adaptadas_cidade_acessivel_pa-16-1280x854-1-1200x801.jpg 1200w, https:\/\/tvtecjundiai.com.br\/news\/wp-content\/uploads\/sites\/2\/2022\/12\/entrega_novas_vans_adaptadas_cidade_acessivel_pa-16-1280x854-1-300x200.jpg 300w, https:\/\/tvtecjundiai.com.br\/news\/wp-content\/uploads\/sites\/2\/2022\/12\/entrega_novas_vans_adaptadas_cidade_acessivel_pa-16-1280x854-1-768x512.jpg 768w, https:\/\/tvtecjundiai.com.br\/news\/wp-content\/uploads\/sites\/2\/2022\/12\/entrega_novas_vans_adaptadas_cidade_acessivel_pa-16-1280x854-1.jpg 1280w\" sizes=\"auto, (max-width: 1200px) 100vw, 1200px\" \/><figcaption class=\"wp-element-caption\">Ve\u00edculo conta com elevador na porta traseira e amplo espa\u00e7o e conforto para os passageiros<br><\/figcaption><\/figure>\n\n\n\n<p>\u201cA gest\u00e3o do Prefeito Luiz Fernando Machado, desde 2017, acolhe as demandas das pessoas com defici\u00eancia e busca avan\u00e7ar em pol\u00edticas p\u00fablicas voltadas para esse grupo. Firmamos esse conv\u00eanio que trar\u00e1 mais benef\u00edcios, al\u00e9m dos ve\u00edculos que permitir\u00e3o o transporte do usu\u00e1rio com toda comodidade e seguran\u00e7a\u201d, ressalta o gestor da Casa Civil, Gustavo Maryssael.<\/p>\n\n\n\n<p>De acordo com dados da Fipe (Funda\u00e7\u00e3o Instituto de Pesquisas Econ\u00f4micas) de 2021, a cidade possui 28.889 pessoas com defici\u00eancia, sendo 8.541 com defici\u00eancia motora. A frota ficar\u00e1 \u00e0 disposi\u00e7\u00e3o do SAEC (Servi\u00e7o de Atendimento Especializado \u00e0 Cr\u00f4nicos) e os servi\u00e7os ser\u00e3o iniciados em breve.<\/p>\n\n\n\n<figure class=\"wp-block-image size-large\"><img loading=\"lazy\" decoding=\"async\" width=\"1200\" height=\"801\" src=\"https:\/\/tvtecjundiai.com.br\/news\/wp-content\/uploads\/sites\/2\/2022\/12\/entrega_vans_adaptadas_cidade_acessivel_pa-399-1280x854-1-1200x801.jpg\" alt=\"\" class=\"wp-image-102502\" srcset=\"https:\/\/tvtecjundiai.com.br\/news\/wp-content\/uploads\/sites\/2\/2022\/12\/entrega_vans_adaptadas_cidade_acessivel_pa-399-1280x854-1-1200x801.jpg 1200w, https:\/\/tvtecjundiai.com.br\/news\/wp-content\/uploads\/sites\/2\/2022\/12\/entrega_vans_adaptadas_cidade_acessivel_pa-399-1280x854-1-300x200.jpg 300w, https:\/\/tvtecjundiai.com.br\/news\/wp-content\/uploads\/sites\/2\/2022\/12\/entrega_vans_adaptadas_cidade_acessivel_pa-399-1280x854-1-768x512.jpg 768w, https:\/\/tvtecjundiai.com.br\/news\/wp-content\/uploads\/sites\/2\/2022\/12\/entrega_vans_adaptadas_cidade_acessivel_pa-399-1280x854-1.jpg 1280w\" sizes=\"auto, (max-width: 1200px) 100vw, 1200px\" \/><figcaption class=\"wp-element-caption\">O desenvolvimento de pol\u00edticas p\u00fablicas voltadas para as pessoas com defici\u00eancia \u00e9 uma marca da Gest\u00e3o<br><\/figcaption><\/figure>\n\n\n\n<p><strong><em>( Fonte\/ Imagens: Prefeitura de Jundia\u00ed)<\/em><\/strong><\/p>\n","protected":false},"excerpt":{"rendered":"<p>Os motoristas s\u00e3o especializados tanto no transporte, quanto em primeiros socorros<\/p>\n","protected":false},"author":27,"featured_media":102501,"comment_status":"closed","ping_status":"0","sticky":false,"template":"","format":"standard","meta":{"footnotes":""},"categories":[29,5706,8356,1],"tags":[],"class_list":["post-102499","post","type-post","status-publish","format-standard","has-post-thumbnail","hentry","category-destaque","category-inclusao","category-jundiai","category-noticias"],"_links":{"self":[{"href":"https:\/\/tvtecjundiai.com.br\/news\/wp-json\/wp\/v2\/posts\/102499","targetHints":{"allow":["GET"]}}],"collection":[{"href":"https:\/\/tvtecjundiai.com.br\/news\/wp-json\/wp\/v2\/posts"}],"about":[{"href":"https:\/\/tvtecjundiai.com.br\/news\/wp-json\/wp\/v2\/types\/post"}],"author":[{"embeddable":true,"href":"https:\/\/tvtecjundiai.com.br\/news\/wp-json\/wp\/v2\/users\/27"}],"replies":[{"embeddable":true,"href":"https:\/\/tvtecjundiai.com.br\/news\/wp-json\/wp\/v2\/comments?post=102499"}],"version-history":[{"count":2,"href":"https:\/\/tvtecjundiai.com.br\/news\/wp-json\/wp\/v2\/posts\/102499\/revisions"}],"predecessor-version":[{"id":102510,"href":"https:\/\/tvtecjundiai.com.br\/news\/wp-json\/wp\/v2\/posts\/102499\/revisions\/102510"}],"wp:featuredmedia":[{"embeddable":true,"href":"https:\/\/tvtecjundiai.com.br\/news\/wp-json\/wp\/v2\/media\/102501"}],"wp:attachment":[{"href":"https:\/\/tvtecjundiai.com.br\/news\/wp-json\/wp\/v2\/media?parent=102499"}],"wp:term":[{"taxonomy":"category","embeddable":true,"href":"https:\/\/tvtecjundiai.com.br\/news\/wp-json\/wp\/v2\/categories?post=102499"},{"taxonomy":"post_tag","embeddable":true,"href":"https:\/\/tvtecjundiai.com.br\/news\/wp-json\/wp\/v2\/tags?post=102499"}],"curies":[{"name":"wp","href":"https:\/\/api.w.org\/{rel}","templated":true}]}}