{"id":102511,"date":"2022-12-14T16:00:20","date_gmt":"2022-12-14T19:00:20","guid":{"rendered":"https:\/\/tvtecjundiai.com.br\/news\/?p=102511"},"modified":"2022-12-14T16:00:23","modified_gmt":"2022-12-14T19:00:23","slug":"natal-solidario-guardas-arrecadam-centenas-de-presentes-para-o-natal-familia-azul-marinho","status":"publish","type":"post","link":"https:\/\/tvtecjundiai.com.br\/news\/2022\/12\/14\/natal-solidario-guardas-arrecadam-centenas-de-presentes-para-o-natal-familia-azul-marinho\/","title":{"rendered":"NATAL SOLID\u00c1RIO: Guardas arrecadam centenas de presentes para o \u201cNatal Fam\u00edlia Azul Marinho\u201d"},"content":{"rendered":"\n<p>Faltando alguns dias para o natal, um grupo de guardas municipais est\u00e3o arrecadando brinquedos que ser\u00e3o distribu\u00eddos nos pr\u00f3ximos dias em diversos bairros da cidade.<\/p>\n\n\n\n<p>De acordo com os guardas, centenas de brinquedos foram arrecadados em um per\u00edodo de 45 dias.<\/p>\n\n\n\n<p>Na manh\u00e3 desta quarta-feira (14), uma a\u00e7\u00e3o coletiva da corpora\u00e7\u00e3o embrulhou mais de 500 presentes.<\/p>\n\n\n\n<p>\u201cNos unimos com os diversos setores da GMJ (Canil, Apoio T\u00e1tico, Ronda Escolar, Patrulha Maria da Penha e agentes da Unidade de Seguran\u00e7a Municipal) e conseguimos arrecadar um bom n\u00fameros de brinquedos. Temos uma conviv\u00eancia di\u00e1ria de muita alegria e respeito nas ruas, nas escolas, em todos os espa\u00e7os p\u00fablicos\u201d, disse o GM Odair Matenauer que pelo quarto ano consecutivo lidera o Natal Fam\u00edlia Azul Marinho. \u201cPrezamos pela inoc\u00eancia das crian\u00e7as, por um Natal cheio de magia e imagina\u00e7\u00e3o\u201d, completa.<\/p>\n\n\n\n<p>Devido a pandemia, nos \u00faltimos dois anos a entrega dos brinquedos foi feita de casa em casa para n\u00e3o gerar aglomera\u00e7\u00e3o.<\/p>\n\n\n\n<p>Algumas surpresas ficar\u00e3o reservadas para o dia da entrega que est\u00e1 prevista para o dia 17 de dezembro no per\u00edodo da manh\u00e3, mas a alegria e felicidade de poder doar os brinquedos j\u00e1 preencheu o cora\u00e7\u00e3o de cada participante que esteve envolvido na arrecada\u00e7\u00e3o.<\/p>\n\n\n\n<figure class=\"wp-block-image\"><img decoding=\"async\" src=\"https:\/\/gm.jundiai.sp.gov.br\/wp-content\/uploads\/2022\/12\/DSC_8073-900x600.jpg\" alt=\"\" class=\"wp-image-6472\" \/><figcaption class=\"wp-element-caption\">Guardas de diversos setores se empenharam de embrulhar os presentes<\/figcaption><\/figure>\n\n\n\n<p><strong><em>(Fonte\/Imagem: Guarda Municipal de Jundia\u00ed)<\/em><\/strong><\/p>\n","protected":false},"excerpt":{"rendered":"<p>Guardas de diversos setores se empenharam de embrulhar os presentes.<\/p>\n","protected":false},"author":27,"featured_media":102512,"comment_status":"closed","ping_status":"0","sticky":false,"template":"","format":"standard","meta":{"footnotes":""},"categories":[8356],"tags":[],"class_list":["post-102511","post","type-post","status-publish","format-standard","has-post-thumbnail","hentry","category-jundiai"],"_links":{"self":[{"href":"https:\/\/tvtecjundiai.com.br\/news\/wp-json\/wp\/v2\/posts\/102511","targetHints":{"allow":["GET"]}}],"collection":[{"href":"https:\/\/tvtecjundiai.com.br\/news\/wp-json\/wp\/v2\/posts"}],"about":[{"href":"https:\/\/tvtecjundiai.com.br\/news\/wp-json\/wp\/v2\/types\/post"}],"author":[{"embeddable":true,"href":"https:\/\/tvtecjundiai.com.br\/news\/wp-json\/wp\/v2\/users\/27"}],"replies":[{"embeddable":true,"href":"https:\/\/tvtecjundiai.com.br\/news\/wp-json\/wp\/v2\/comments?post=102511"}],"version-history":[{"count":1,"href":"https:\/\/tvtecjundiai.com.br\/news\/wp-json\/wp\/v2\/posts\/102511\/revisions"}],"predecessor-version":[{"id":102513,"href":"https:\/\/tvtecjundiai.com.br\/news\/wp-json\/wp\/v2\/posts\/102511\/revisions\/102513"}],"wp:featuredmedia":[{"embeddable":true,"href":"https:\/\/tvtecjundiai.com.br\/news\/wp-json\/wp\/v2\/media\/102512"}],"wp:attachment":[{"href":"https:\/\/tvtecjundiai.com.br\/news\/wp-json\/wp\/v2\/media?parent=102511"}],"wp:term":[{"taxonomy":"category","embeddable":true,"href":"https:\/\/tvtecjundiai.com.br\/news\/wp-json\/wp\/v2\/categories?post=102511"},{"taxonomy":"post_tag","embeddable":true,"href":"https:\/\/tvtecjundiai.com.br\/news\/wp-json\/wp\/v2\/tags?post=102511"}],"curies":[{"name":"wp","href":"https:\/\/api.w.org\/{rel}","templated":true}]}}