{"id":102518,"date":"2022-12-15T08:50:05","date_gmt":"2022-12-15T11:50:05","guid":{"rendered":"https:\/\/tvtecjundiai.com.br\/news\/?p=102518"},"modified":"2022-12-15T08:51:37","modified_gmt":"2022-12-15T11:51:37","slug":"convocados-para-2a-fens-devem-confirmar-inscricao-ate-dia-6-de-janeiro-na-prefeitura","status":"publish","type":"post","link":"https:\/\/tvtecjundiai.com.br\/news\/2022\/12\/15\/convocados-para-2a-fens-devem-confirmar-inscricao-ate-dia-6-de-janeiro-na-prefeitura\/","title":{"rendered":"Convocados para 2\u00aa FENS devem confirmar inscri\u00e7\u00e3o at\u00e9 dia 6 de janeiro na Prefeitura"},"content":{"rendered":"\n<p>Os convocados para participarem da 2\u00aa FENS \u2013 Feira do Empreendedor, Neg\u00f3cios e Servi\u00e7os devem confirmar a inscri\u00e7\u00e3o presencialmente portando os documentos solicitados, na Unidade de Gest\u00e3o de Desenvolvimento Econ\u00f4mico, Ci\u00eancia e Tecnologia (UGDECT), localizada no Pa\u00e7o Municipal, na Avenida da Liberdade, s\/n\u00ba, 6\u00ba andar, ala norte, Jardim Bot\u00e2nico. A confirma\u00e7\u00e3o da inscri\u00e7\u00e3o come\u00e7ou no \u00faltimo dia 8 de dezembro e vai at\u00e9 o dia 6 de janeiro e \u00e9 obrigat\u00f3ria.<\/p>\n\n\n\n<p>Caso a inscri\u00e7\u00e3o n\u00e3o seja confirmada, uma nova empresa ser\u00e1 chamada em lista de espera. Confira a lista de convocados:&nbsp;<a href=\"https:\/\/imprensaoficial.jundiai.sp.gov.br\/edicao-5189\/\"><strong>https:\/\/imprensaoficial.jundiai.sp.gov.br\/edicao-5189\/<\/strong><\/a>.<\/p>\n\n\n\n<p><strong>Confira os documentos necess\u00e1rios:<\/strong><\/p>\n\n\n\n<p>\u2013 Cart\u00e3o do CNPJ com situa\u00e7\u00e3o ativa e data atualizada;<\/p>\n\n\n\n<p>\u2013 C\u00f3pia contrato social atualizado e procura\u00e7\u00e3o com firma reconhecida somente para ME e EPP (quando o respons\u00e1vel pelo contrato n\u00e3o fizer parte da diretoria geral da empresa);<\/p>\n\n\n\n<p>\u2013 RG e CPF do representante legal do interessado ou de seu procurador devidamente constitu\u00eddo;<\/p>\n\n\n\n<p>\u2013 N\u00famero de CFM ou protocolo de pedido de emiss\u00e3o do CFM, a ser requerido no Balc\u00e3o do Empreendedor;<\/p>\n\n\n\n<p><strong>Para os interessados em ocupar os espa\u00e7os destinados aos food trucks, onde haver\u00e1 distribui\u00e7\u00e3o, venda ou manipula\u00e7\u00e3o de alimentos e bebidas, dever\u00e3o ser apresentados, adicionalmente:<\/strong><\/p>\n\n\n\n<p>\u2013 A rela\u00e7\u00e3o completa de alimentos e bebidas a serem servidos;<\/p>\n\n\n\n<p>\u2013 Apresenta\u00e7\u00e3o da Licen\u00e7a Sanit\u00e1ria vigente ou do CCMEI \u2013 Certificado da<\/p>\n\n\n\n<p>\u2013 Condi\u00e7\u00e3o do Microempreendedor Individual para Food Truck e demais atividades econ\u00f4micas pass\u00edveis de licenciamento sanit\u00e1rio.<\/p>\n\n\n\n<figure class=\"wp-block-image size-large\"><img loading=\"lazy\" decoding=\"async\" width=\"1200\" height=\"800\" src=\"https:\/\/tvtecjundiai.com.br\/news\/wp-content\/uploads\/sites\/2\/2022\/12\/52272409120_a3c1e5119c_k-1280x853-1-1200x800.jpg\" alt=\"\" class=\"wp-image-102519\" srcset=\"https:\/\/tvtecjundiai.com.br\/news\/wp-content\/uploads\/sites\/2\/2022\/12\/52272409120_a3c1e5119c_k-1280x853-1-1200x800.jpg 1200w, https:\/\/tvtecjundiai.com.br\/news\/wp-content\/uploads\/sites\/2\/2022\/12\/52272409120_a3c1e5119c_k-1280x853-1-300x200.jpg 300w, https:\/\/tvtecjundiai.com.br\/news\/wp-content\/uploads\/sites\/2\/2022\/12\/52272409120_a3c1e5119c_k-1280x853-1-768x512.jpg 768w, https:\/\/tvtecjundiai.com.br\/news\/wp-content\/uploads\/sites\/2\/2022\/12\/52272409120_a3c1e5119c_k-1280x853-1.jpg 1280w\" sizes=\"auto, (max-width: 1200px) 100vw, 1200px\" \/><figcaption class=\"wp-element-caption\">Segunda edi\u00e7\u00e3o da FENS acontece em mar\u00e7o de 2023 em dois finais de semana<br><\/figcaption><\/figure>\n\n\n\n<p><strong>FENS<\/strong><br>A 2\u00aa FENS acontecer\u00e1 em dois finais de semana \u2013 nos dias 3, 4 e 5 de mar\u00e7o e 10, 11 e 12 de mar\u00e7o de 2023 \u2013 no Parque Comendador Antonio Carbonari \u2013 Parque da Uva, com empresas diferentes.<\/p>\n\n\n\n<p>\u201cS\u00f3 com a confirma\u00e7\u00e3o da inscri\u00e7\u00e3o o empreendedor est\u00e1 garantido na FENS para expor seu trabalho. Importante verificar toda documenta\u00e7\u00e3o no edital\u201d, explica Cristiano Lopes, gestor de Desenvolvimento Econ\u00f4mico, Ci\u00eancia e Tecnologia.<\/p>\n\n\n\n<p>\u201cA feira potencializa e d\u00e1 visibilidade aos empreendedores do munic\u00edpio. Temos trabalhado para incentivar a cultura do empreendedorismo e construir um ambiente de gera\u00e7\u00e3o de neg\u00f3cios e com a FENS o trabalho dos empreendedores \u00e9 valorizado\u201d, completa o gestor.<\/p>\n\n\n\n<p><strong><em>( Fonte\/ Imagem: Prefeitura de Jundia\u00ed)<\/em><\/strong><\/p>\n","protected":false},"excerpt":{"rendered":"<p>A 2\u00aa FENS acontecer\u00e1 em dois finais de semana \u2013 nos dias 3, 4 e 5 de mar\u00e7o e 10, 11 e 12 de mar\u00e7o de 2023.<\/p>\n","protected":false},"author":27,"featured_media":102519,"comment_status":"closed","ping_status":"0","sticky":false,"template":"","format":"standard","meta":{"footnotes":""},"categories":[8356,1],"tags":[],"class_list":["post-102518","post","type-post","status-publish","format-standard","has-post-thumbnail","hentry","category-jundiai","category-noticias"],"_links":{"self":[{"href":"https:\/\/tvtecjundiai.com.br\/news\/wp-json\/wp\/v2\/posts\/102518","targetHints":{"allow":["GET"]}}],"collection":[{"href":"https:\/\/tvtecjundiai.com.br\/news\/wp-json\/wp\/v2\/posts"}],"about":[{"href":"https:\/\/tvtecjundiai.com.br\/news\/wp-json\/wp\/v2\/types\/post"}],"author":[{"embeddable":true,"href":"https:\/\/tvtecjundiai.com.br\/news\/wp-json\/wp\/v2\/users\/27"}],"replies":[{"embeddable":true,"href":"https:\/\/tvtecjundiai.com.br\/news\/wp-json\/wp\/v2\/comments?post=102518"}],"version-history":[{"count":1,"href":"https:\/\/tvtecjundiai.com.br\/news\/wp-json\/wp\/v2\/posts\/102518\/revisions"}],"predecessor-version":[{"id":102520,"href":"https:\/\/tvtecjundiai.com.br\/news\/wp-json\/wp\/v2\/posts\/102518\/revisions\/102520"}],"wp:featuredmedia":[{"embeddable":true,"href":"https:\/\/tvtecjundiai.com.br\/news\/wp-json\/wp\/v2\/media\/102519"}],"wp:attachment":[{"href":"https:\/\/tvtecjundiai.com.br\/news\/wp-json\/wp\/v2\/media?parent=102518"}],"wp:term":[{"taxonomy":"category","embeddable":true,"href":"https:\/\/tvtecjundiai.com.br\/news\/wp-json\/wp\/v2\/categories?post=102518"},{"taxonomy":"post_tag","embeddable":true,"href":"https:\/\/tvtecjundiai.com.br\/news\/wp-json\/wp\/v2\/tags?post=102518"}],"curies":[{"name":"wp","href":"https:\/\/api.w.org\/{rel}","templated":true}]}}