{"id":102523,"date":"2022-12-15T09:06:50","date_gmt":"2022-12-15T12:06:50","guid":{"rendered":"https:\/\/tvtecjundiai.com.br\/news\/?p=102523"},"modified":"2022-12-15T09:06:53","modified_gmt":"2022-12-15T12:06:53","slug":"hospital-sao-vicente-realiza-segunda-captacao-de-orgaos-desta-semana","status":"publish","type":"post","link":"https:\/\/tvtecjundiai.com.br\/news\/2022\/12\/15\/hospital-sao-vicente-realiza-segunda-captacao-de-orgaos-desta-semana\/","title":{"rendered":"<strong>Hospital S\u00e3o Vicente realiza segunda capta\u00e7\u00e3o de \u00f3rg\u00e3os desta semana<\/strong>"},"content":{"rendered":"\n<p>A Comiss\u00e3o Intra Hospitalar de Transplantes (CIHT) do Hospital de Caridade S\u00e3o Vicente de Paulo (HSV) realizou na tarde desta quarta-feira, dia 14, a segunda capta\u00e7\u00e3o de \u00f3rg\u00e3os desta semana. Desta vez a doa\u00e7\u00e3o foi autorizada pela fam\u00edlia de um homem de 54 anos. Foram doados rins, que seguiram para Campinas; f\u00edgado que foi destinado \u00e0 regi\u00e3o de Botucatu; e c\u00f3rneas, encaminhadas ao Banco de Olhos de Sorocaba. No in\u00edcio da semana a equipe j\u00e1 havia viabilizado a capta\u00e7\u00e3o de pulm\u00f5es, f\u00edgado e rins de uma paciente de 28 anos.<\/p>\n\n\n\n<figure class=\"wp-block-image size-large\"><img loading=\"lazy\" decoding=\"async\" width=\"1200\" height=\"834\" src=\"https:\/\/tvtecjundiai.com.br\/news\/wp-content\/uploads\/sites\/2\/2022\/12\/Gesto-de-amor-doacao-de-orgaos-2-1200x834.jpg\" alt=\"\" class=\"wp-image-102525\" srcset=\"https:\/\/tvtecjundiai.com.br\/news\/wp-content\/uploads\/sites\/2\/2022\/12\/Gesto-de-amor-doacao-de-orgaos-2-1200x834.jpg 1200w, https:\/\/tvtecjundiai.com.br\/news\/wp-content\/uploads\/sites\/2\/2022\/12\/Gesto-de-amor-doacao-de-orgaos-2-300x209.jpg 300w, https:\/\/tvtecjundiai.com.br\/news\/wp-content\/uploads\/sites\/2\/2022\/12\/Gesto-de-amor-doacao-de-orgaos-2-768x534.jpg 768w, https:\/\/tvtecjundiai.com.br\/news\/wp-content\/uploads\/sites\/2\/2022\/12\/Gesto-de-amor-doacao-de-orgaos-2.jpg 1280w\" sizes=\"auto, (max-width: 1200px) 100vw, 1200px\" \/><\/figure>\n\n\n\n<p>A doa\u00e7\u00e3o \u00e9 realizada mediante a confirma\u00e7\u00e3o da morte encef\u00e1lica, validada por uma s\u00e9rie de exames e com o consentimento da fam\u00edlia. Para que isso ocorra, h\u00e1 uma equipe multidisciplinar que atua sob a coordena\u00e7\u00e3o da enfermeira Thais Fernanda da Rocha Santos, respons\u00e1vel pela CIHT-HSV. S\u00e3o psic\u00f3logos, fisioterapeutas, assistentes sociais, equipes m\u00e9dicas e de enfermagem, dentre outros profissionais.<\/p>\n\n\n\n<figure class=\"wp-block-image size-large\"><img loading=\"lazy\" decoding=\"async\" width=\"1200\" height=\"888\" src=\"https:\/\/tvtecjundiai.com.br\/news\/wp-content\/uploads\/sites\/2\/2022\/12\/A-vida-nao-pode-esperar-equipe-multidisciplinar-em-atuacao-1200x888.jpg\" alt=\"\" class=\"wp-image-102526\" srcset=\"https:\/\/tvtecjundiai.com.br\/news\/wp-content\/uploads\/sites\/2\/2022\/12\/A-vida-nao-pode-esperar-equipe-multidisciplinar-em-atuacao-1200x888.jpg 1200w, https:\/\/tvtecjundiai.com.br\/news\/wp-content\/uploads\/sites\/2\/2022\/12\/A-vida-nao-pode-esperar-equipe-multidisciplinar-em-atuacao-300x222.jpg 300w, https:\/\/tvtecjundiai.com.br\/news\/wp-content\/uploads\/sites\/2\/2022\/12\/A-vida-nao-pode-esperar-equipe-multidisciplinar-em-atuacao-768x568.jpg 768w, https:\/\/tvtecjundiai.com.br\/news\/wp-content\/uploads\/sites\/2\/2022\/12\/A-vida-nao-pode-esperar-equipe-multidisciplinar-em-atuacao.jpg 1280w\" sizes=\"auto, (max-width: 1200px) 100vw, 1200px\" \/><\/figure>\n\n\n\n<p>Ela explica que se faz necess\u00e1ria a mobiliza\u00e7\u00e3o de uma grande rede para viabilizar que os \u00f3rg\u00e3os doados cheguem em perfeitas condi\u00e7\u00f5es e dentro do tempo indicado para que cada \u00f3rg\u00e3o seja retirado de um paciente e transplantado em outro. No caso da capta\u00e7\u00e3o desta quarta-feira, o f\u00edgado resiste a at\u00e9 12 horas, rins a 48 horas e c\u00f3rneas a sete dias. Em casos nos quais os \u00f3rg\u00e3os, como cora\u00e7\u00e3o e pulm\u00f5es s\u00e3o doados, h\u00e1 a necessidade de mobilizar o transporte a\u00e9reo, a fim de correr contra o tempo, pois o tempo de isquemia \u00e9 de 4 horas.\u00a0<\/p>\n\n\n\n<p><strong><em>(Fonte\/Imagem: Assessoria Hospital S\u00e3o Vicente)<\/em><\/strong><\/p>\n","protected":false},"excerpt":{"rendered":"<p>No in\u00edcio da semana a equipe j\u00e1 havia viabilizado a capta\u00e7\u00e3o de pulm\u00f5es, f\u00edgado e rins de uma paciente.<\/p>\n","protected":false},"author":27,"featured_media":102527,"comment_status":"closed","ping_status":"0","sticky":false,"template":"","format":"standard","meta":{"footnotes":""},"categories":[8356,2839,8355],"tags":[],"class_list":["post-102523","post","type-post","status-publish","format-standard","has-post-thumbnail","hentry","category-jundiai","category-saude","category-saude-3"],"_links":{"self":[{"href":"https:\/\/tvtecjundiai.com.br\/news\/wp-json\/wp\/v2\/posts\/102523","targetHints":{"allow":["GET"]}}],"collection":[{"href":"https:\/\/tvtecjundiai.com.br\/news\/wp-json\/wp\/v2\/posts"}],"about":[{"href":"https:\/\/tvtecjundiai.com.br\/news\/wp-json\/wp\/v2\/types\/post"}],"author":[{"embeddable":true,"href":"https:\/\/tvtecjundiai.com.br\/news\/wp-json\/wp\/v2\/users\/27"}],"replies":[{"embeddable":true,"href":"https:\/\/tvtecjundiai.com.br\/news\/wp-json\/wp\/v2\/comments?post=102523"}],"version-history":[{"count":1,"href":"https:\/\/tvtecjundiai.com.br\/news\/wp-json\/wp\/v2\/posts\/102523\/revisions"}],"predecessor-version":[{"id":102528,"href":"https:\/\/tvtecjundiai.com.br\/news\/wp-json\/wp\/v2\/posts\/102523\/revisions\/102528"}],"wp:featuredmedia":[{"embeddable":true,"href":"https:\/\/tvtecjundiai.com.br\/news\/wp-json\/wp\/v2\/media\/102527"}],"wp:attachment":[{"href":"https:\/\/tvtecjundiai.com.br\/news\/wp-json\/wp\/v2\/media?parent=102523"}],"wp:term":[{"taxonomy":"category","embeddable":true,"href":"https:\/\/tvtecjundiai.com.br\/news\/wp-json\/wp\/v2\/categories?post=102523"},{"taxonomy":"post_tag","embeddable":true,"href":"https:\/\/tvtecjundiai.com.br\/news\/wp-json\/wp\/v2\/tags?post=102523"}],"curies":[{"name":"wp","href":"https:\/\/api.w.org\/{rel}","templated":true}]}}