{"id":102535,"date":"2022-12-15T10:03:12","date_gmt":"2022-12-15T13:03:12","guid":{"rendered":"https:\/\/tvtecjundiai.com.br\/news\/?p=102535"},"modified":"2022-12-15T10:03:13","modified_gmt":"2022-12-15T13:03:13","slug":"inscricoes-para-o-vestibular-da-fatec-sao-prorrogadas-ate-20-de-dezembro","status":"publish","type":"post","link":"https:\/\/tvtecjundiai.com.br\/news\/2022\/12\/15\/inscricoes-para-o-vestibular-da-fatec-sao-prorrogadas-ate-20-de-dezembro\/","title":{"rendered":"Inscri\u00e7\u00f5es para o Vestibular da Fatec s\u00e3o prorrogadas at\u00e9 20 de dezembro"},"content":{"rendered":"\n<p>A\u00a0<a href=\"http:\/\/www.fatecjd.edu.br\/portal\/\">Fatec Jundia\u00ed \u2013 Deputado Ary Fossen<\/a>, que estava com as inscri\u00e7\u00f5es abertas para o vestibular at\u00e9 esta quinta-feira (15), prorrogou o prazo at\u00e9 as 15h do dia 20 de dezembro\u00a0para os interessados em ingressar no 1\u00b0 semestre de 2023. A taxa de inscri\u00e7\u00e3o custa R$ 91 e a prova presencial ser\u00e1 aplicada no dia 8 de janeiro de 2023, \u00e0s 13h.<\/p>\n\n\n\n<p>As inscri\u00e7\u00f5es podem ser feitas pelo site\u00a0<a href=\"https:\/\/www.vestibularfatec.com.br\/home\/\">https:\/\/www.vestibularfatec.com.br\/home\/<\/a>.<\/p>\n\n\n<div class=\"wp-block-image\">\n<figure class=\"aligncenter size-large is-resized\"><img loading=\"lazy\" decoding=\"async\" src=\"https:\/\/tvtecjundiai.com.br\/news\/wp-content\/uploads\/sites\/2\/2022\/12\/Fatec-Maua_Vestibular_fotog_Roberto-Sungi-103-scaled-1-1200x798.jpg\" alt=\"\" class=\"wp-image-102536\" width=\"640\" height=\"425\" srcset=\"https:\/\/tvtecjundiai.com.br\/news\/wp-content\/uploads\/sites\/2\/2022\/12\/Fatec-Maua_Vestibular_fotog_Roberto-Sungi-103-scaled-1-1200x798.jpg 1200w, https:\/\/tvtecjundiai.com.br\/news\/wp-content\/uploads\/sites\/2\/2022\/12\/Fatec-Maua_Vestibular_fotog_Roberto-Sungi-103-scaled-1-300x199.jpg 300w, https:\/\/tvtecjundiai.com.br\/news\/wp-content\/uploads\/sites\/2\/2022\/12\/Fatec-Maua_Vestibular_fotog_Roberto-Sungi-103-scaled-1-768x511.jpg 768w, https:\/\/tvtecjundiai.com.br\/news\/wp-content\/uploads\/sites\/2\/2022\/12\/Fatec-Maua_Vestibular_fotog_Roberto-Sungi-103-scaled-1.jpg 1280w\" sizes=\"auto, (max-width: 640px) 100vw, 640px\" \/><\/figure>\n<\/div>\n\n\n<p>Os cursos oferecidos na unidade s\u00e3o:<\/p>\n\n\n\n<ul class=\"wp-block-list\">\n<li>An\u00e1lise e Desenvolvimento de Sistemas \u2013 tarde<\/li>\n\n\n\n<li>Defesa Cibern\u00e9tica \u2013 noite<\/li>\n\n\n\n<li>Eventos \u2013 manh\u00e3<\/li>\n\n\n\n<li>Gest\u00e3o Ambiental \u2013 tarde<\/li>\n\n\n\n<li>Gest\u00e3o da Tecnologia da Informa\u00e7\u00e3o \u2013 noite<\/li>\n\n\n\n<li>Gest\u00e3o de Log\u00edstica Integrada \u2013 manh\u00e3 e noite<\/li>\n\n\n\n<li>Gest\u00e3o Empresarial \u2013 EaD<\/li>\n\n\n\n<li>Sistemas Embarcados \u2013 manh\u00e3<\/li>\n<\/ul>\n\n\n\n<p><em><strong>(Fonte: TVTEC Jundia\u00ed\/Imagem: Governo do Estado de S\u00e3o Paulo)<\/strong><\/em><\/p>\n","protected":false},"excerpt":{"rendered":"<p>A taxa de inscri\u00e7\u00e3o custa R$ 91 e a prova ser\u00e1 aplicada no dia 8 de janeiro de 2023<\/p>\n","protected":false},"author":30,"featured_media":102536,"comment_status":"closed","ping_status":"0","sticky":false,"template":"","format":"standard","meta":{"footnotes":""},"categories":[2828,8356,1],"tags":[],"class_list":["post-102535","post","type-post","status-publish","format-standard","has-post-thumbnail","hentry","category-educacao","category-jundiai","category-noticias"],"_links":{"self":[{"href":"https:\/\/tvtecjundiai.com.br\/news\/wp-json\/wp\/v2\/posts\/102535","targetHints":{"allow":["GET"]}}],"collection":[{"href":"https:\/\/tvtecjundiai.com.br\/news\/wp-json\/wp\/v2\/posts"}],"about":[{"href":"https:\/\/tvtecjundiai.com.br\/news\/wp-json\/wp\/v2\/types\/post"}],"author":[{"embeddable":true,"href":"https:\/\/tvtecjundiai.com.br\/news\/wp-json\/wp\/v2\/users\/30"}],"replies":[{"embeddable":true,"href":"https:\/\/tvtecjundiai.com.br\/news\/wp-json\/wp\/v2\/comments?post=102535"}],"version-history":[{"count":1,"href":"https:\/\/tvtecjundiai.com.br\/news\/wp-json\/wp\/v2\/posts\/102535\/revisions"}],"predecessor-version":[{"id":102537,"href":"https:\/\/tvtecjundiai.com.br\/news\/wp-json\/wp\/v2\/posts\/102535\/revisions\/102537"}],"wp:featuredmedia":[{"embeddable":true,"href":"https:\/\/tvtecjundiai.com.br\/news\/wp-json\/wp\/v2\/media\/102536"}],"wp:attachment":[{"href":"https:\/\/tvtecjundiai.com.br\/news\/wp-json\/wp\/v2\/media?parent=102535"}],"wp:term":[{"taxonomy":"category","embeddable":true,"href":"https:\/\/tvtecjundiai.com.br\/news\/wp-json\/wp\/v2\/categories?post=102535"},{"taxonomy":"post_tag","embeddable":true,"href":"https:\/\/tvtecjundiai.com.br\/news\/wp-json\/wp\/v2\/tags?post=102535"}],"curies":[{"name":"wp","href":"https:\/\/api.w.org\/{rel}","templated":true}]}}