{"id":102541,"date":"2022-12-15T11:15:56","date_gmt":"2022-12-15T14:15:56","guid":{"rendered":"https:\/\/tvtecjundiai.com.br\/news\/?p=102541"},"modified":"2022-12-15T13:53:46","modified_gmt":"2022-12-15T16:53:46","slug":"espaco-jundiai-empreendedora-tem-aplicacao-de-vacinas-neste-sabado-17","status":"publish","type":"post","link":"https:\/\/tvtecjundiai.com.br\/news\/2022\/12\/15\/espaco-jundiai-empreendedora-tem-aplicacao-de-vacinas-neste-sabado-17\/","title":{"rendered":"Espa\u00e7o Jundia\u00ed Empreendedora tem aplica\u00e7\u00e3o de vacinas neste s\u00e1bado (17)"},"content":{"rendered":"\n<p>A campanha de multivacina\u00e7\u00e3o prossegue neste s\u00e1bado (17) com a aplica\u00e7\u00e3o de vacinas no Espa\u00e7o Jundia\u00ed Empreendedora, localizado no Maxi Shopping (Piso G3). O atendimento ser\u00e1 das 11h \u00e0s 17h.<\/p>\n\n\n\n<p>Al\u00e9m das doses contra a COVID-19, inclusive a Pfizer Baby \u2013 vers\u00e3o pedi\u00e1trica do imunizante para crian\u00e7as de 6 meses a 2 anos, com comorbidade e com defici\u00eancia -, estar\u00e3o dispon\u00edveis as vacinas previstas no Calend\u00e1rio Nacional de Imuniza\u00e7\u00e3o do Minist\u00e9rio da Sa\u00fade e a vacina contra influenza para pessoas a partir de 6 meses.<\/p>\n\n\n\n<figure class=\"wp-block-image size-large\"><img loading=\"lazy\" decoding=\"async\" width=\"1200\" height=\"800\" src=\"https:\/\/tvtecjundiai.com.br\/news\/wp-content\/uploads\/sites\/2\/2022\/12\/multivacinacao-no-jundiai-empreendedora_c_-13-1200x800.jpg\" alt=\"\" class=\"wp-image-102543\" srcset=\"https:\/\/tvtecjundiai.com.br\/news\/wp-content\/uploads\/sites\/2\/2022\/12\/multivacinacao-no-jundiai-empreendedora_c_-13-1200x800.jpg 1200w, https:\/\/tvtecjundiai.com.br\/news\/wp-content\/uploads\/sites\/2\/2022\/12\/multivacinacao-no-jundiai-empreendedora_c_-13-300x200.jpg 300w, https:\/\/tvtecjundiai.com.br\/news\/wp-content\/uploads\/sites\/2\/2022\/12\/multivacinacao-no-jundiai-empreendedora_c_-13-768x512.jpg 768w, https:\/\/tvtecjundiai.com.br\/news\/wp-content\/uploads\/sites\/2\/2022\/12\/multivacinacao-no-jundiai-empreendedora_c_-13.jpg 1280w\" sizes=\"auto, (max-width: 1200px) 100vw, 1200px\" \/><\/figure>\n\n\n\n<p>Junto com um documento de identidade, \u00e9 importante apresentar a caderneta de vacina\u00e7\u00e3o. No caso da vacina contra COVID-19, quem n\u00e3o estiver com o comprovante, pode informar no momento e ser\u00e1 emitido outro imediatamente. No caso da Pfizer Baby, \u00e9 necess\u00e1rio apresentar a carteira de vacina\u00e7\u00e3o da crian\u00e7a, o CPF ou o Cart\u00e3o Nacional de Sa\u00fade e documentos comprobat\u00f3rios da comorbidade e da defici\u00eancia (caso n\u00e3o seja aparente), podendo ser receitas, prescri\u00e7\u00f5es m\u00e9dicas ou exames.<\/p>\n\n\n\n<p>Esse \u00e9 o terceiro s\u00e1bado que a Unidade de Gest\u00e3o de Promo\u00e7\u00e3o da Sa\u00fade (UGPS) aproveita a circula\u00e7\u00e3o de pessoas no espa\u00e7o para alavancar a campanha no Mun\u00edcipio.<\/p>\n\n\n\n<p><em><strong>( Fonte\/ Imagem: Prefeitura de Jundia\u00ed)<\/strong><\/em><\/p>\n","protected":false},"excerpt":{"rendered":"<p>O atendimento ser\u00e1 das 11h \u00e0s 17h.<\/p>\n","protected":false},"author":27,"featured_media":102543,"comment_status":"closed","ping_status":"0","sticky":false,"template":"","format":"standard","meta":{"footnotes":""},"categories":[8356,1,2839,8355],"tags":[],"class_list":["post-102541","post","type-post","status-publish","format-standard","has-post-thumbnail","hentry","category-jundiai","category-noticias","category-saude","category-saude-3"],"_links":{"self":[{"href":"https:\/\/tvtecjundiai.com.br\/news\/wp-json\/wp\/v2\/posts\/102541","targetHints":{"allow":["GET"]}}],"collection":[{"href":"https:\/\/tvtecjundiai.com.br\/news\/wp-json\/wp\/v2\/posts"}],"about":[{"href":"https:\/\/tvtecjundiai.com.br\/news\/wp-json\/wp\/v2\/types\/post"}],"author":[{"embeddable":true,"href":"https:\/\/tvtecjundiai.com.br\/news\/wp-json\/wp\/v2\/users\/27"}],"replies":[{"embeddable":true,"href":"https:\/\/tvtecjundiai.com.br\/news\/wp-json\/wp\/v2\/comments?post=102541"}],"version-history":[{"count":2,"href":"https:\/\/tvtecjundiai.com.br\/news\/wp-json\/wp\/v2\/posts\/102541\/revisions"}],"predecessor-version":[{"id":102553,"href":"https:\/\/tvtecjundiai.com.br\/news\/wp-json\/wp\/v2\/posts\/102541\/revisions\/102553"}],"wp:featuredmedia":[{"embeddable":true,"href":"https:\/\/tvtecjundiai.com.br\/news\/wp-json\/wp\/v2\/media\/102543"}],"wp:attachment":[{"href":"https:\/\/tvtecjundiai.com.br\/news\/wp-json\/wp\/v2\/media?parent=102541"}],"wp:term":[{"taxonomy":"category","embeddable":true,"href":"https:\/\/tvtecjundiai.com.br\/news\/wp-json\/wp\/v2\/categories?post=102541"},{"taxonomy":"post_tag","embeddable":true,"href":"https:\/\/tvtecjundiai.com.br\/news\/wp-json\/wp\/v2\/tags?post=102541"}],"curies":[{"name":"wp","href":"https:\/\/api.w.org\/{rel}","templated":true}]}}