{"id":102546,"date":"2022-12-15T12:05:30","date_gmt":"2022-12-15T15:05:30","guid":{"rendered":"https:\/\/tvtecjundiai.com.br\/news\/?p=102546"},"modified":"2022-12-15T12:07:26","modified_gmt":"2022-12-15T15:07:26","slug":"jundiai-avanca-com-elaboracao-do-seu-plano-diretor-de-tecnologia-da-informacao","status":"publish","type":"post","link":"https:\/\/tvtecjundiai.com.br\/news\/2022\/12\/15\/jundiai-avanca-com-elaboracao-do-seu-plano-diretor-de-tecnologia-da-informacao\/","title":{"rendered":"Jundia\u00ed avan\u00e7a com elabora\u00e7\u00e3o do seu Plano Diretor de Tecnologia da Informa\u00e7\u00e3o"},"content":{"rendered":"\n<p>A proposta de Plano Diretor de Tecnologia da Informa\u00e7\u00e3o (PDTI) foi apresentada, nesta semana, ao Comit\u00ea Municipal de Tecnologia da Informa\u00e7\u00e3o (CMTI), formado por gestores da Prefeitura de Jundia\u00ed. A apresenta\u00e7\u00e3o foi feita pelo Instituto Nova Cidades, empresa que elaborou o plano em parceria com a Unidade de Gest\u00e3o de Governo e Finan\u00e7as (UGGF) e CIJUN, nos \u00faltimos seis meses. Agora, ele passar\u00e1 por avalia\u00e7\u00e3o e a expectativa \u00e9 que seja publicado at\u00e9 o fim deste ano.<\/p>\n\n\n\n<p>O plano cont\u00e9m estrat\u00e9gias de tecnologia, aliadas ao Programa Cidade Inteligente, que nortear\u00e3o a administra\u00e7\u00e3o p\u00fablica na execu\u00e7\u00e3o das a\u00e7\u00f5es dos pr\u00f3ximos anos, cujas metas est\u00e3o previstas al\u00e9m no Plano Plurianual (PPA) 2023-2025. Ele visa atender a Lei do Governo Digital (14.129\/21), que traz regras com foco no aumento da efici\u00eancia da administra\u00e7\u00e3o p\u00fablica e moderniza\u00e7\u00e3o da infraestrutura de inova\u00e7\u00e3o e rela\u00e7\u00e3o com o cidad\u00e3o, por meio da desburocratiza\u00e7\u00e3o, inova\u00e7\u00e3o, transforma\u00e7\u00e3o digital e participa\u00e7\u00e3o do cidad\u00e3o. O trabalho engloba, tamb\u00e9m, o Campus Jundia\u00ed e o aux\u00edlio ao pequeno empreendedor.<\/p>\n\n\n\n<p>\u201cA constru\u00e7\u00e3o desse plano foi feita de forma plural, em conjunto com os gestores, norteado pelo Programa Cidade Inteligente, com o objetivo de englobar as principais necessidades de cada setor e melhorar a qualidade do servi\u00e7o p\u00fablico oferecido ao mun\u00edcipe por meio da tecnologia\u201d, comenta o Prefeito Luiz Fernando Machado.<\/p>\n\n\n\n<figure class=\"wp-block-image size-large\"><img loading=\"lazy\" decoding=\"async\" width=\"1200\" height=\"801\" src=\"https:\/\/tvtecjundiai.com.br\/news\/wp-content\/uploads\/sites\/2\/2022\/12\/reuniao_pdti-37-1280x854-1-1200x801.jpg\" alt=\"\" class=\"wp-image-102547\" srcset=\"https:\/\/tvtecjundiai.com.br\/news\/wp-content\/uploads\/sites\/2\/2022\/12\/reuniao_pdti-37-1280x854-1-1200x801.jpg 1200w, https:\/\/tvtecjundiai.com.br\/news\/wp-content\/uploads\/sites\/2\/2022\/12\/reuniao_pdti-37-1280x854-1-300x200.jpg 300w, https:\/\/tvtecjundiai.com.br\/news\/wp-content\/uploads\/sites\/2\/2022\/12\/reuniao_pdti-37-1280x854-1-768x512.jpg 768w, https:\/\/tvtecjundiai.com.br\/news\/wp-content\/uploads\/sites\/2\/2022\/12\/reuniao_pdti-37-1280x854-1.jpg 1280w\" sizes=\"auto, (max-width: 1200px) 100vw, 1200px\" \/><figcaption class=\"wp-element-caption\">Apresenta\u00e7\u00e3o aconteceu nesta semana, com a participa\u00e7\u00e3o dos gestores<br><\/figcaption><\/figure>\n\n\n\n<p>\u201cA tecnologia \u00e9 uma ferramenta fundamental para a transforma\u00e7\u00e3o digital que estamos fazendo para melhorar o acesso e agilizar o servi\u00e7o p\u00fablico. Estamos cumprindo o que est\u00e1 no nosso plano de governo e tornando Jundia\u00ed cada vez mais conectada e inteligente\u201d, explica o Gestor de Governo e Finan\u00e7as, Jos\u00e9 Antonio Parimoschi.<\/p>\n\n\n\n<p>\u201cO PDTI permitir\u00e1 que a gest\u00e3o olhe as a\u00e7\u00f5es estrat\u00e9gicas de TI, para potencializar ainda mais as entregas aos cidad\u00e3os. Vivemos numa sociedade cada vez mais tecnol\u00f3gica e este \u00e9 um documento muito importante para concretizarmos a voca\u00e7\u00e3o de Jundia\u00ed para se transformar em uma cidade cada vez mais inteligente\u201d, afirma o Gestor adjunto de Governo, Jones Martins.<\/p>\n\n\n\n<p>A apresenta\u00e7\u00e3o ao CMTI foi a 4\u00aa etapa da constru\u00e7\u00e3o do projeto, que ainda poder\u00e1 passar por melhorias e atualiza\u00e7\u00f5es. Previamente j\u00e1 foi realizado o invent\u00e1rio das necessidades em parceria com todas as unidades de gest\u00e3o, a defini\u00e7\u00e3o de metas e a\u00e7\u00f5es para alinhar os objetivos estrat\u00e9gicos e a elabora\u00e7\u00e3o do Plano de Gest\u00e3o de Pessoas, de Riscos e Or\u00e7ament\u00e1rios. O \u00faltimo passo, em conson\u00e2ncia com os requisitos do Tribunal de Contas do Estado de S\u00e3o Paulo, \u00e9 publicar o plano no Portal da Prefeitura.<\/p>\n\n\n\n<p><em><strong>( Fonte\/ Imagem: Prefeitura de Jundia\u00ed)<\/strong><\/em><\/p>\n","protected":false},"excerpt":{"rendered":"<p>A constru\u00e7\u00e3o desse plano foi feita, com o objetivo de englobar as principais necessidades de cada setor.<\/p>\n","protected":false},"author":27,"featured_media":102547,"comment_status":"closed","ping_status":"0","sticky":false,"template":"","format":"standard","meta":{"footnotes":""},"categories":[8356,1,2835],"tags":[],"class_list":["post-102546","post","type-post","status-publish","format-standard","has-post-thumbnail","hentry","category-jundiai","category-noticias","category-tecnologia"],"_links":{"self":[{"href":"https:\/\/tvtecjundiai.com.br\/news\/wp-json\/wp\/v2\/posts\/102546","targetHints":{"allow":["GET"]}}],"collection":[{"href":"https:\/\/tvtecjundiai.com.br\/news\/wp-json\/wp\/v2\/posts"}],"about":[{"href":"https:\/\/tvtecjundiai.com.br\/news\/wp-json\/wp\/v2\/types\/post"}],"author":[{"embeddable":true,"href":"https:\/\/tvtecjundiai.com.br\/news\/wp-json\/wp\/v2\/users\/27"}],"replies":[{"embeddable":true,"href":"https:\/\/tvtecjundiai.com.br\/news\/wp-json\/wp\/v2\/comments?post=102546"}],"version-history":[{"count":1,"href":"https:\/\/tvtecjundiai.com.br\/news\/wp-json\/wp\/v2\/posts\/102546\/revisions"}],"predecessor-version":[{"id":102548,"href":"https:\/\/tvtecjundiai.com.br\/news\/wp-json\/wp\/v2\/posts\/102546\/revisions\/102548"}],"wp:featuredmedia":[{"embeddable":true,"href":"https:\/\/tvtecjundiai.com.br\/news\/wp-json\/wp\/v2\/media\/102547"}],"wp:attachment":[{"href":"https:\/\/tvtecjundiai.com.br\/news\/wp-json\/wp\/v2\/media?parent=102546"}],"wp:term":[{"taxonomy":"category","embeddable":true,"href":"https:\/\/tvtecjundiai.com.br\/news\/wp-json\/wp\/v2\/categories?post=102546"},{"taxonomy":"post_tag","embeddable":true,"href":"https:\/\/tvtecjundiai.com.br\/news\/wp-json\/wp\/v2\/tags?post=102546"}],"curies":[{"name":"wp","href":"https:\/\/api.w.org\/{rel}","templated":true}]}}