{"id":102549,"date":"2022-12-15T13:51:48","date_gmt":"2022-12-15T16:51:48","guid":{"rendered":"https:\/\/tvtecjundiai.com.br\/news\/?p=102549"},"modified":"2022-12-15T13:53:15","modified_gmt":"2022-12-15T16:53:15","slug":"4-bazar-da-gilvera-rondi-especial-de-natal","status":"publish","type":"post","link":"https:\/\/tvtecjundiai.com.br\/news\/2022\/12\/15\/4-bazar-da-gilvera-rondi-especial-de-natal\/","title":{"rendered":"4\u00b0 bazar da Gilvera Rondi especial de Natal acontece nos dias 16 e 17 de dezembro"},"content":{"rendered":"\n<p>Com o objetivo de ajudar institui\u00e7\u00f5es como o projeto social Faz Bem fazer o Bem, que acolhem e ajudam pessoas em busca de prosperidade social, acontece nesta sexta-feira (16) e s\u00e1bado (17) o 4\u00b0 Bazar da Gilvera Rondi, edi\u00e7\u00e3o especial de Natal. <\/p>\n\n\n\n<p>O bazar, que acontece nos dias 16 e 17 de dezembro, das 9h \u00e0s 18h, conta com diversos expositores de produtos e servi\u00e7os, food trucks e apresenta\u00e7\u00f5es para divertir os visitantes. <\/p>\n\n\n<div class=\"wp-block-image\">\n<figure class=\"aligncenter size-full is-resized\"><img loading=\"lazy\" decoding=\"async\" src=\"https:\/\/tvtecjundiai.com.br\/news\/wp-content\/uploads\/sites\/2\/2022\/12\/bazar.jpg\" alt=\"\" class=\"wp-image-102550\" width=\"625\" height=\"415\" srcset=\"https:\/\/tvtecjundiai.com.br\/news\/wp-content\/uploads\/sites\/2\/2022\/12\/bazar.jpg 652w, https:\/\/tvtecjundiai.com.br\/news\/wp-content\/uploads\/sites\/2\/2022\/12\/bazar-300x199.jpg 300w\" sizes=\"auto, (max-width: 625px) 100vw, 625px\" \/><\/figure>\n<\/div>\n\n\n<p><strong>4\u00b0 Bazar da Gilvera Rondi<\/strong><\/p>\n\n\n\n<ul class=\"wp-block-list\">\n<li>Dias 16 e 17 de dezembro, sexta-feira e s\u00e1bado<\/li>\n\n\n\n<li>Das 9h \u00e0s 18h<\/li>\n\n\n\n<li>Local: Rodovia Akzo Nobel, 3314, Bairro do Poste &#8211; Jundia\u00ed<\/li>\n<\/ul>\n\n\n\n<p><em><strong>(Fonte: Bazar Gilvera Rondi\/Imagem: Canva)<\/strong><\/em><\/p>\n","protected":false},"excerpt":{"rendered":"<p>O bazar conta com diversos expositores de produtos e servi\u00e7os e food trucks <\/p>\n","protected":false},"author":30,"featured_media":102550,"comment_status":"closed","ping_status":"0","sticky":false,"template":"","format":"standard","meta":{"footnotes":""},"categories":[8356,1],"tags":[],"class_list":["post-102549","post","type-post","status-publish","format-standard","has-post-thumbnail","hentry","category-jundiai","category-noticias"],"_links":{"self":[{"href":"https:\/\/tvtecjundiai.com.br\/news\/wp-json\/wp\/v2\/posts\/102549","targetHints":{"allow":["GET"]}}],"collection":[{"href":"https:\/\/tvtecjundiai.com.br\/news\/wp-json\/wp\/v2\/posts"}],"about":[{"href":"https:\/\/tvtecjundiai.com.br\/news\/wp-json\/wp\/v2\/types\/post"}],"author":[{"embeddable":true,"href":"https:\/\/tvtecjundiai.com.br\/news\/wp-json\/wp\/v2\/users\/30"}],"replies":[{"embeddable":true,"href":"https:\/\/tvtecjundiai.com.br\/news\/wp-json\/wp\/v2\/comments?post=102549"}],"version-history":[{"count":2,"href":"https:\/\/tvtecjundiai.com.br\/news\/wp-json\/wp\/v2\/posts\/102549\/revisions"}],"predecessor-version":[{"id":102552,"href":"https:\/\/tvtecjundiai.com.br\/news\/wp-json\/wp\/v2\/posts\/102549\/revisions\/102552"}],"wp:featuredmedia":[{"embeddable":true,"href":"https:\/\/tvtecjundiai.com.br\/news\/wp-json\/wp\/v2\/media\/102550"}],"wp:attachment":[{"href":"https:\/\/tvtecjundiai.com.br\/news\/wp-json\/wp\/v2\/media?parent=102549"}],"wp:term":[{"taxonomy":"category","embeddable":true,"href":"https:\/\/tvtecjundiai.com.br\/news\/wp-json\/wp\/v2\/categories?post=102549"},{"taxonomy":"post_tag","embeddable":true,"href":"https:\/\/tvtecjundiai.com.br\/news\/wp-json\/wp\/v2\/tags?post=102549"}],"curies":[{"name":"wp","href":"https:\/\/api.w.org\/{rel}","templated":true}]}}