{"id":102564,"date":"2022-12-15T15:22:58","date_gmt":"2022-12-15T18:22:58","guid":{"rendered":"https:\/\/tvtecjundiai.com.br\/news\/?p=102564"},"modified":"2022-12-15T15:22:59","modified_gmt":"2022-12-15T18:22:59","slug":"acao-social-da-amazon-beneficia-grendacc","status":"publish","type":"post","link":"https:\/\/tvtecjundiai.com.br\/news\/2022\/12\/15\/acao-social-da-amazon-beneficia-grendacc\/","title":{"rendered":"A\u00e7\u00e3o social da Amazon beneficia Grendacc"},"content":{"rendered":"\n<p>O Hospital da Crian\u00e7a do Grendacc recebeu uma doa\u00e7\u00e3o no valor de R$ 26.596,00 da Amazon, entregue nesta quarta-feira (14) de forma simb\u00f3lica pelo gerente do Centro de Distribui\u00e7\u00e3o GRU8, de Cajamar, Juliano Marcelino, para a coordenadora do setor de Telemarketing da institui\u00e7\u00e3o, Naiara Souza.<\/p>\n\n\n\n<p>O Grendacc foi escolhido pelos funcion\u00e1rios da unidade que participaram de uma das a\u00e7\u00f5es do Setembro Dourado, que tem o prop\u00f3sito de difundir a conscientiza\u00e7\u00e3o sobre o c\u00e2ncer infantojuvenil e a import\u00e2ncia do diagn\u00f3stico precoce. Mais de 400 colaboradores da empresa aderiram \u00e0 a\u00e7\u00e3o e participaram de atividades de conscientiza\u00e7\u00e3o.<\/p>\n\n\n<div class=\"wp-block-image\">\n<figure class=\"aligncenter size-full\"><img loading=\"lazy\" decoding=\"async\" width=\"631\" height=\"461\" src=\"https:\/\/tvtecjundiai.com.br\/news\/wp-content\/uploads\/sites\/2\/2022\/12\/grendaccc.jpg\" alt=\"\" class=\"wp-image-102567\" srcset=\"https:\/\/tvtecjundiai.com.br\/news\/wp-content\/uploads\/sites\/2\/2022\/12\/grendaccc.jpg 631w, https:\/\/tvtecjundiai.com.br\/news\/wp-content\/uploads\/sites\/2\/2022\/12\/grendaccc-300x219.jpg 300w\" sizes=\"auto, (max-width: 631px) 100vw, 631px\" \/><\/figure>\n<\/div>\n\n\n<p>Segundo Marcelino, o Grendacc foi escolhido por sua trajet\u00f3ria de 27 anos na luta contra o c\u00e2ncer infantojuvenil. A gerente de RH, Vit\u00f3ria do Valle, ressalta que a Amazon tem diversos trabalhos sociais nas comunidades onde opera e busca contribuir com institui\u00e7\u00f5es que est\u00e3o pr\u00f3ximas aos centros de distribui\u00e7\u00e3o, impactando assim seus funcion\u00e1rios e associados. GRU8 \u00e9 um dos cinco centros de distribui\u00e7\u00e3o da Amazon localizado em Cajamar &#8211; ao todo, a empresa conta com 12 no Brasil.<\/p>\n\n\n\n<p>Tamb\u00e9m estiveram na institui\u00e7\u00e3o Tha\u00eds Roque, gerente de compras, e Mayara Rigo, gerente de qualidade e treinamento. O grupo da Amazon foi recebido pela gerente de Opera\u00e7\u00f5es do Grendacc, Katia Franciosi, e pelo respons\u00e1vel pelo setor de Rela\u00e7\u00f5es Institucionais, Michel Carvalho.<\/p>\n\n\n<div class=\"wp-block-image\">\n<figure class=\"aligncenter size-full is-resized\"><img loading=\"lazy\" decoding=\"async\" src=\"https:\/\/tvtecjundiai.com.br\/news\/wp-content\/uploads\/sites\/2\/2022\/12\/jundiai-grendacc.jpg\" alt=\"\" class=\"wp-image-102566\" width=\"655\" height=\"436\" srcset=\"https:\/\/tvtecjundiai.com.br\/news\/wp-content\/uploads\/sites\/2\/2022\/12\/jundiai-grendacc.jpg 1200w, https:\/\/tvtecjundiai.com.br\/news\/wp-content\/uploads\/sites\/2\/2022\/12\/jundiai-grendacc-300x200.jpg 300w\" sizes=\"auto, (max-width: 655px) 100vw, 655px\" \/><\/figure>\n<\/div>\n\n\n<p><strong><em>(Fonte\/Imagem: Assessoria Grendacc)<\/em><\/strong><\/p>\n","protected":false},"excerpt":{"rendered":"<p>Hospital da Crian\u00e7a foi escolhido para doa\u00e7\u00e3o pelos funcion\u00e1rios do centro de distribui\u00e7\u00e3o da Amazon em Cajamar<\/p>\n","protected":false},"author":30,"featured_media":102567,"comment_status":"closed","ping_status":"0","sticky":false,"template":"","format":"standard","meta":{"footnotes":""},"categories":[8392,8356,1],"tags":[],"class_list":["post-102564","post","type-post","status-publish","format-standard","has-post-thumbnail","hentry","category-assistencia-social","category-jundiai","category-noticias"],"_links":{"self":[{"href":"https:\/\/tvtecjundiai.com.br\/news\/wp-json\/wp\/v2\/posts\/102564","targetHints":{"allow":["GET"]}}],"collection":[{"href":"https:\/\/tvtecjundiai.com.br\/news\/wp-json\/wp\/v2\/posts"}],"about":[{"href":"https:\/\/tvtecjundiai.com.br\/news\/wp-json\/wp\/v2\/types\/post"}],"author":[{"embeddable":true,"href":"https:\/\/tvtecjundiai.com.br\/news\/wp-json\/wp\/v2\/users\/30"}],"replies":[{"embeddable":true,"href":"https:\/\/tvtecjundiai.com.br\/news\/wp-json\/wp\/v2\/comments?post=102564"}],"version-history":[{"count":1,"href":"https:\/\/tvtecjundiai.com.br\/news\/wp-json\/wp\/v2\/posts\/102564\/revisions"}],"predecessor-version":[{"id":102568,"href":"https:\/\/tvtecjundiai.com.br\/news\/wp-json\/wp\/v2\/posts\/102564\/revisions\/102568"}],"wp:featuredmedia":[{"embeddable":true,"href":"https:\/\/tvtecjundiai.com.br\/news\/wp-json\/wp\/v2\/media\/102567"}],"wp:attachment":[{"href":"https:\/\/tvtecjundiai.com.br\/news\/wp-json\/wp\/v2\/media?parent=102564"}],"wp:term":[{"taxonomy":"category","embeddable":true,"href":"https:\/\/tvtecjundiai.com.br\/news\/wp-json\/wp\/v2\/categories?post=102564"},{"taxonomy":"post_tag","embeddable":true,"href":"https:\/\/tvtecjundiai.com.br\/news\/wp-json\/wp\/v2\/tags?post=102564"}],"curies":[{"name":"wp","href":"https:\/\/api.w.org\/{rel}","templated":true}]}}