{"id":102572,"date":"2022-12-15T16:52:46","date_gmt":"2022-12-15T19:52:46","guid":{"rendered":"https:\/\/tvtecjundiai.com.br\/news\/?p=102572"},"modified":"2022-12-15T16:52:50","modified_gmt":"2022-12-15T19:52:50","slug":"consorcio-do-circuito-das-frutas-elege-nova-presidencia-pra-2023","status":"publish","type":"post","link":"https:\/\/tvtecjundiai.com.br\/news\/2022\/12\/15\/consorcio-do-circuito-das-frutas-elege-nova-presidencia-pra-2023\/","title":{"rendered":"Cons\u00f3rcio do Circuito das Frutas elege nova presid\u00eancia pra 2023"},"content":{"rendered":"\n<p>O Prefeito Luiz Fernando Machado recebeu, na manh\u00e3 desta quinta-feira (15), representantes dos munic\u00edpios que comp\u00f5em o Cons\u00f3rcio Intermunicipal para Desenvolvimento do Polo Tur\u00edstico do Circuito das Frutas para a terceira e \u00faltima reuni\u00e3o ordin\u00e1ria de 2022. De acordo com o estatuto do cons\u00f3rcio, devem ser realizadas pelo menos tr\u00eas reuni\u00f5es anuais.&nbsp;A \u00faltima havia acontecido no in\u00edcio de novembro.<\/p>\n\n\n\n<p>Na pauta, estavam as apresenta\u00e7\u00f5es dos balan\u00e7os finais e a elei\u00e7\u00e3o do nova presid\u00eancia, que assumir\u00e1 em 2023. O prefeito de Louveira, Estanislau Steck, ser\u00e1 o novo presidente, enquanto Jundia\u00ed, representado pela diretora de Turismo, Marcela Moro, ficar\u00e1 na vice-presid\u00eancia. Tamb\u00e9m estiveram presentes o vice-prefeito de Morungaba, Lu\u00eds Fernando Miguel, gestores municipais e diretores de turismo dos munic\u00edpios participantes.<\/p>\n\n\n\n<p>\u201cNossa prioridade para 2023 ser\u00e1 na gest\u00e3o e execu\u00e7\u00e3o de projetos que sejam, de fato, efetivos para o Circuito das Frutas e para o Turismo da nossa Regi\u00e3o. Devemos focar na aplica\u00e7\u00e3o dos nossos recursos em a\u00e7\u00f5es que gerem resultados\u201d, afirma o prefeito Luiz Fernando Machado, que foi o presidente do Cons\u00f3rcio na atual gest\u00e3o que se encerra ao final deste ano.<\/p>\n\n\n\n<figure class=\"wp-block-image\"><img decoding=\"async\" src=\"https:\/\/jundiai.sp.gov.br\/noticias\/wp-content\/uploads\/sites\/32\/2022\/12\/reuniao_circuito_das_frutas-113-1280x854.jpg\" alt=\"\" class=\"wp-image-307644\" \/><figcaption class=\"wp-element-caption\">Luiz Fernando Machado comanda reuni\u00e3o ordin\u00e1ria do Cons\u00f3rcio do Circuito das Frutas<\/figcaption><\/figure>\n\n\n\n<p>A diretoria financeira do Cons\u00f3rcio realizou uma apresenta\u00e7\u00e3o com a presta\u00e7\u00e3o de contas de 2022, com participa\u00e7\u00e3o da empresa respons\u00e1vel por toda a contabilidade das contas banc\u00e1rias. Miriam Oliveira, presidente do Conselho Municipal de Turismo (Comtur) de Jundia\u00ed e do Conselho Regional de Turismo do Circuito das Frutas tamb\u00e9m fez uma r\u00e1pida explana\u00e7\u00e3o a respeito das atividades do conselho durante o ano de 2022.<\/p>\n\n\n\n<p>\u201cPrecisamos tamb\u00e9m valorizar nossos agricultores e produtores rurais, que s\u00e3o os principais respons\u00e1veis pelo turismo da nossa regi\u00e3o. Nossas a\u00e7\u00f5es devem inclu\u00ed-los na destina\u00e7\u00e3o dos recursos para dar o apoio necess\u00e1rio\u201d, comenta o gestor da Unidade de Gest\u00e3o de Agroneg\u00f3cio, Abastecimento e Turismo (UGAAT), Eduardo Alvarez.<\/p>\n\n\n\n<figure class=\"wp-block-image\"><img decoding=\"async\" src=\"https:\/\/jundiai.sp.gov.br\/noticias\/wp-content\/uploads\/sites\/32\/2022\/12\/reuniao_circuito_das_frutas-381-1280x854.jpg\" alt=\"\" class=\"wp-image-307645\" \/><figcaption class=\"wp-element-caption\">Representantes dos munic\u00edpios definem nova presid\u00eancia do Cons\u00f3rcio do Circuito das Frutas<\/figcaption><\/figure>\n\n\n\n<p><strong><em>(Fonte\/Imagem: Prefeitura de Jundia\u00ed)<\/em><\/strong><\/p>\n","protected":false},"excerpt":{"rendered":"<p>De acordo com o estatuto do cons\u00f3rcio, devem ser realizadas pelo menos tr\u00eas reuni\u00f5es anuais.<\/p>\n","protected":false},"author":27,"featured_media":102573,"comment_status":"closed","ping_status":"0","sticky":false,"template":"","format":"standard","meta":{"footnotes":""},"categories":[8356],"tags":[],"class_list":["post-102572","post","type-post","status-publish","format-standard","has-post-thumbnail","hentry","category-jundiai"],"_links":{"self":[{"href":"https:\/\/tvtecjundiai.com.br\/news\/wp-json\/wp\/v2\/posts\/102572","targetHints":{"allow":["GET"]}}],"collection":[{"href":"https:\/\/tvtecjundiai.com.br\/news\/wp-json\/wp\/v2\/posts"}],"about":[{"href":"https:\/\/tvtecjundiai.com.br\/news\/wp-json\/wp\/v2\/types\/post"}],"author":[{"embeddable":true,"href":"https:\/\/tvtecjundiai.com.br\/news\/wp-json\/wp\/v2\/users\/27"}],"replies":[{"embeddable":true,"href":"https:\/\/tvtecjundiai.com.br\/news\/wp-json\/wp\/v2\/comments?post=102572"}],"version-history":[{"count":1,"href":"https:\/\/tvtecjundiai.com.br\/news\/wp-json\/wp\/v2\/posts\/102572\/revisions"}],"predecessor-version":[{"id":102574,"href":"https:\/\/tvtecjundiai.com.br\/news\/wp-json\/wp\/v2\/posts\/102572\/revisions\/102574"}],"wp:featuredmedia":[{"embeddable":true,"href":"https:\/\/tvtecjundiai.com.br\/news\/wp-json\/wp\/v2\/media\/102573"}],"wp:attachment":[{"href":"https:\/\/tvtecjundiai.com.br\/news\/wp-json\/wp\/v2\/media?parent=102572"}],"wp:term":[{"taxonomy":"category","embeddable":true,"href":"https:\/\/tvtecjundiai.com.br\/news\/wp-json\/wp\/v2\/categories?post=102572"},{"taxonomy":"post_tag","embeddable":true,"href":"https:\/\/tvtecjundiai.com.br\/news\/wp-json\/wp\/v2\/tags?post=102572"}],"curies":[{"name":"wp","href":"https:\/\/api.w.org\/{rel}","templated":true}]}}