{"id":102579,"date":"2022-12-16T09:16:22","date_gmt":"2022-12-16T12:16:22","guid":{"rendered":"https:\/\/tvtecjundiai.com.br\/news\/?p=102579"},"modified":"2022-12-16T09:16:27","modified_gmt":"2022-12-16T12:16:27","slug":"espaco-expressa-tera-bandas-infantis-de-rock-folk-e-country-no-final-de-semana","status":"publish","type":"post","link":"https:\/\/tvtecjundiai.com.br\/news\/2022\/12\/16\/espaco-expressa-tera-bandas-infantis-de-rock-folk-e-country-no-final-de-semana\/","title":{"rendered":"Espa\u00e7o Expressa ter\u00e1 bandas infantis, de Rock, Folk e Country no final de semana"},"content":{"rendered":"\n<p>Al\u00e9m do lan\u00e7amento oficial da Rota da Cerveja Artesanal neste s\u00e1bado (17) e da elei\u00e7\u00e3o do 4\u00ba Festival da Melhor Coxinha de Queijo de Jundia\u00ed no domingo (18), o Festival tem\u00e1tico no Espa\u00e7o Expressa deste fim de semana tem uma extensa e diversificada programa\u00e7\u00e3o cultural gratuita.<\/p>\n\n\n\n<p>Com foco no eixo tem\u00e1tico desta edi\u00e7\u00e3o do Festival, que \u00e9 \u201cCidade e Cidadania\u201d, a programa\u00e7\u00e3o cultural integra as&nbsp;<a href=\"https:\/\/jundiai.sp.gov.br\/aniversario\/\" target=\"_blank\" rel=\"noreferrer noopener\">comemora\u00e7\u00f5es pelos 366 anos de Jundia\u00ed<\/a>&nbsp;e garante atra\u00e7\u00f5es para a crian\u00e7ada pelo programa municipal Cidade das Crian\u00e7as, al\u00e9m grupos musicais dos ritmos Rock, Folk e Country, que dialogam com os lan\u00e7amentos da programa\u00e7\u00e3o. Confira os detalhes:<\/p>\n\n\n\n<p>Neste s\u00e1bado (17), a programa\u00e7\u00e3o cultural estar\u00e1 concentrada na \u00c1rea Parque Central, com apresenta\u00e7\u00f5es em uma carreta m\u00f3vel estacionada.<\/p>\n\n\n\n<p>\u00c0s 11h, o grupo musical jundiaiense Osomdu\u00f4co apresenta o show \u201cM\u00fasicas de Brincar\u201d, em que promete muita intera\u00e7\u00e3o com o p\u00fablico por meio de m\u00fasicas e brincadeiras. J\u00e1 \u00e0s 12h a programa\u00e7\u00e3o d\u00e1 a vez para a exibi\u00e7\u00e3o da partida que ir\u00e1 definir o 3\u00ba e o 4\u00ba lugares da Copa do Mundo Fifa 2022.<\/p>\n\n\n\n<p>No per\u00edodo da tarde, a banda jundiaiense Stil Folk traz, a partir das 16h30, um show inspirado no movimento de contracultura de mesmo nome que surgiu nos Estados Unidos no final da d\u00e9cada de 1960 e in\u00edcio da seguinte como forma de luta por liberdade de express\u00e3o.<\/p>\n\n\n\n<p>O \u00faltimo show do s\u00e1bado (17) come\u00e7a \u00e0s 19h30, com a banda Rock Seixas, reconhecida pelo p\u00fablico e pela cr\u00edtica por sua apresenta\u00e7\u00e3o cover em homenagem ao famoso \u201cMaluco Beleza\u201d.<\/p>\n\n\n\n<figure class=\"wp-block-image size-full is-resized\"><img loading=\"lazy\" decoding=\"async\" src=\"https:\/\/tvtecjundiai.com.br\/news\/wp-content\/uploads\/sites\/2\/2022\/12\/osomduoco_2.png\" alt=\"\" class=\"wp-image-102580\" width=\"842\" height=\"842\" srcset=\"https:\/\/tvtecjundiai.com.br\/news\/wp-content\/uploads\/sites\/2\/2022\/12\/osomduoco_2.png 500w, https:\/\/tvtecjundiai.com.br\/news\/wp-content\/uploads\/sites\/2\/2022\/12\/osomduoco_2-300x300.png 300w, https:\/\/tvtecjundiai.com.br\/news\/wp-content\/uploads\/sites\/2\/2022\/12\/osomduoco_2-100x100.png 100w\" sizes=\"auto, (max-width: 842px) 100vw, 842px\" \/><figcaption class=\"wp-element-caption\">Osomdu\u00f4co<br><\/figcaption><\/figure>\n\n\n\n<figure class=\"wp-block-image size-full is-resized\"><img loading=\"lazy\" decoding=\"async\" src=\"https:\/\/tvtecjundiai.com.br\/news\/wp-content\/uploads\/sites\/2\/2022\/12\/stil_folk_2-1.png\" alt=\"\" class=\"wp-image-102582\" width=\"840\" height=\"840\" srcset=\"https:\/\/tvtecjundiai.com.br\/news\/wp-content\/uploads\/sites\/2\/2022\/12\/stil_folk_2-1.png 500w, https:\/\/tvtecjundiai.com.br\/news\/wp-content\/uploads\/sites\/2\/2022\/12\/stil_folk_2-1-300x300.png 300w, https:\/\/tvtecjundiai.com.br\/news\/wp-content\/uploads\/sites\/2\/2022\/12\/stil_folk_2-1-100x100.png 100w\" sizes=\"auto, (max-width: 840px) 100vw, 840px\" \/><figcaption class=\"wp-element-caption\">Stil Folk<br><\/figcaption><\/figure>\n\n\n\n<figure class=\"wp-block-image size-full is-resized\"><img loading=\"lazy\" decoding=\"async\" src=\"https:\/\/tvtecjundiai.com.br\/news\/wp-content\/uploads\/sites\/2\/2022\/12\/rock_seixas_2.png\" alt=\"\" class=\"wp-image-102583\" width=\"840\" height=\"840\" srcset=\"https:\/\/tvtecjundiai.com.br\/news\/wp-content\/uploads\/sites\/2\/2022\/12\/rock_seixas_2.png 500w, https:\/\/tvtecjundiai.com.br\/news\/wp-content\/uploads\/sites\/2\/2022\/12\/rock_seixas_2-300x300.png 300w, https:\/\/tvtecjundiai.com.br\/news\/wp-content\/uploads\/sites\/2\/2022\/12\/rock_seixas_2-100x100.png 100w\" sizes=\"auto, (max-width: 840px) 100vw, 840px\" \/><figcaption class=\"wp-element-caption\">Rock Seixas<br><\/figcaption><\/figure>\n\n\n\n<p>A \u00faltima atra\u00e7\u00e3o da noite, esperada para as 22h, \u00e9 a chegada do Trem de Natal da concession\u00e1ria Rumo e decorada pela Associa\u00e7\u00e3o Brasileira de Preserva\u00e7\u00e3o Ferrovi\u00e1ria (ABPF). A locomotiva ir\u00e1 passar pela regi\u00e3o anterior do Espa\u00e7o Expressa e poder\u00e1 ser apreciada pelo p\u00fablico a partir da Plataforma Tur\u00edstica do Espa\u00e7o, atualmente em processo de restaura\u00e7\u00e3o.<\/p>\n\n\n\n<p><a rel=\"noreferrer noopener\" href=\"https:\/\/jundiai.sp.gov.br\/aniversario\/programacao\/17-de-dezembro-sabado\/\" target=\"_blank\">CONFIRA OS DETALHES DA PROGRAMA\u00c7\u00c3O DO S\u00c1BADO<\/a><\/p>\n\n\n\n<p>A programa\u00e7\u00e3o segue no domingo (18), mas desta vez concentrada na Sala Jundia\u00ed de espet\u00e1culos, dentro do Espa\u00e7o Expressa. A abertura, \u00e0s 11h, fica por conta do show musical \u201cDecolar\u201d com o grupo Badulaque, queridinho da crian\u00e7ada na programa\u00e7\u00e3o da TV R\u00e1-tim-bum! e outras atra\u00e7\u00f5es da TV Cultura.<\/p>\n\n\n\n<p>\u00c0s 18h \u00e9 a vez da Banda Texas Hammer, que, com estilo pr\u00f3prio e a mistura agrad\u00e1vel de viol\u00e3o, baixo e violino, trazem um repert\u00f3rio de Country americano. J\u00e1 o show musical de encerramento come\u00e7a \u00e0s 20h, com a jundiaiense Z\u00e9 Pallermo Country Band.<\/p>\n\n\n\n<p><a rel=\"noreferrer noopener\" href=\"https:\/\/jundiai.sp.gov.br\/aniversario\/programacao\/18-de-dezembro-domingo\/\" target=\"_blank\">CONFIRA OS DETALHES DA PROGRAMA\u00c7\u00c3O DO DOMINGO<\/a><\/p>\n\n\n\n<figure class=\"wp-block-image size-full is-resized\"><img loading=\"lazy\" decoding=\"async\" src=\"https:\/\/tvtecjundiai.com.br\/news\/wp-content\/uploads\/sites\/2\/2022\/12\/badulaque_3.png\" alt=\"\" class=\"wp-image-102584\" width=\"843\" height=\"843\" srcset=\"https:\/\/tvtecjundiai.com.br\/news\/wp-content\/uploads\/sites\/2\/2022\/12\/badulaque_3.png 500w, https:\/\/tvtecjundiai.com.br\/news\/wp-content\/uploads\/sites\/2\/2022\/12\/badulaque_3-300x300.png 300w, https:\/\/tvtecjundiai.com.br\/news\/wp-content\/uploads\/sites\/2\/2022\/12\/badulaque_3-100x100.png 100w\" sizes=\"auto, (max-width: 843px) 100vw, 843px\" \/><figcaption class=\"wp-element-caption\">Badulaque<\/figcaption><\/figure>\n\n\n\n<figure class=\"wp-block-image size-full is-resized\"><img loading=\"lazy\" decoding=\"async\" src=\"https:\/\/tvtecjundiai.com.br\/news\/wp-content\/uploads\/sites\/2\/2022\/12\/texas_hammer_country_rock.png\" alt=\"\" class=\"wp-image-102585\" width=\"839\" height=\"839\" srcset=\"https:\/\/tvtecjundiai.com.br\/news\/wp-content\/uploads\/sites\/2\/2022\/12\/texas_hammer_country_rock.png 500w, https:\/\/tvtecjundiai.com.br\/news\/wp-content\/uploads\/sites\/2\/2022\/12\/texas_hammer_country_rock-300x300.png 300w, https:\/\/tvtecjundiai.com.br\/news\/wp-content\/uploads\/sites\/2\/2022\/12\/texas_hammer_country_rock-100x100.png 100w\" sizes=\"auto, (max-width: 839px) 100vw, 839px\" \/><figcaption class=\"wp-element-caption\">Banda Texas Hammer<br><\/figcaption><\/figure>\n\n\n\n<figure class=\"wp-block-image size-full is-resized\"><img loading=\"lazy\" decoding=\"async\" src=\"https:\/\/tvtecjundiai.com.br\/news\/wp-content\/uploads\/sites\/2\/2022\/12\/ze_pallermo.png\" alt=\"\" class=\"wp-image-102586\" width=\"842\" height=\"842\" srcset=\"https:\/\/tvtecjundiai.com.br\/news\/wp-content\/uploads\/sites\/2\/2022\/12\/ze_pallermo.png 500w, https:\/\/tvtecjundiai.com.br\/news\/wp-content\/uploads\/sites\/2\/2022\/12\/ze_pallermo-300x300.png 300w, https:\/\/tvtecjundiai.com.br\/news\/wp-content\/uploads\/sites\/2\/2022\/12\/ze_pallermo-100x100.png 100w\" sizes=\"auto, (max-width: 842px) 100vw, 842px\" \/><figcaption class=\"wp-element-caption\">Z\u00e9 Pallermo Country Band<br><\/figcaption><\/figure>\n\n\n\n<p><strong>Atra\u00e7\u00f5es Slow Kids<br><\/strong>A \u00c1rea Parque Central do Expressa recebe, ao longo dos dois dias de programa\u00e7\u00e3o, instala\u00e7\u00f5es pelo movimento Slow Kids, que defende a desacelera\u00e7\u00e3o da rotina da crian\u00e7a, valoriza\u00e7\u00e3o do tempo livre e contato com a natureza.<\/p>\n\n\n\n<p>No s\u00e1bado (17), as instala\u00e7\u00f5es previstas s\u00e3o o Parque de Pneus, das 10h \u00e0s 17h, e a conta\u00e7\u00e3o de hist\u00f3rias musicadas, das 14h e 16h. J\u00e1 no domingo (18), as duas instala\u00e7\u00f5es previstas s\u00e3o o Parque de Bambus e o Parque de Pneus, das 10h \u00e0s 17h.<\/p>\n\n\n\n<p>O Espa\u00e7o Expressa fica na avenida Uni\u00e3o dos Ferrovi\u00e1rios, 1760. Al\u00e9m de entrada franca, o espa\u00e7o tamb\u00e9m conta com estacionamento gratuito.<\/p>\n\n\n\n<figure class=\"wp-block-image size-large\"><img loading=\"lazy\" decoding=\"async\" width=\"1200\" height=\"893\" src=\"https:\/\/tvtecjundiai.com.br\/news\/wp-content\/uploads\/sites\/2\/2022\/12\/parque_bambus_expressa-1280x953-1-1200x893.jpg\" alt=\"\" class=\"wp-image-102588\" srcset=\"https:\/\/tvtecjundiai.com.br\/news\/wp-content\/uploads\/sites\/2\/2022\/12\/parque_bambus_expressa-1280x953-1-1200x893.jpg 1200w, https:\/\/tvtecjundiai.com.br\/news\/wp-content\/uploads\/sites\/2\/2022\/12\/parque_bambus_expressa-1280x953-1-300x223.jpg 300w, https:\/\/tvtecjundiai.com.br\/news\/wp-content\/uploads\/sites\/2\/2022\/12\/parque_bambus_expressa-1280x953-1-768x572.jpg 768w, https:\/\/tvtecjundiai.com.br\/news\/wp-content\/uploads\/sites\/2\/2022\/12\/parque_bambus_expressa-1280x953-1.jpg 1280w\" sizes=\"auto, (max-width: 1200px) 100vw, 1200px\" \/><figcaption class=\"wp-element-caption\">Parque de Bambus (foto), Parque de Pneus e conta\u00e7\u00e3o de hist\u00f3rias musicadas integram as atra\u00e7\u00f5es do movimento \u2018Slow Kids\u2019 da programa\u00e7\u00e3o<\/figcaption><\/figure>\n\n\n\n<p><em><strong>( Fonte: Prefeitura de Jundia\u00ed\/ Imagens: Prefeitura de Jundia\u00ed\/ Divulga\u00e7\u00e3o)<\/strong><\/em><\/p>\n","protected":false},"excerpt":{"rendered":"<p> O Festival tem\u00e1tico no Espa\u00e7o Expressa deste fim de semana, tem uma extensa  programa\u00e7\u00e3o cultural gratuita.<\/p>\n","protected":false},"author":27,"featured_media":102588,"comment_status":"closed","ping_status":"0","sticky":false,"template":"","format":"standard","meta":{"footnotes":""},"categories":[3076,8356,1],"tags":[],"class_list":["post-102579","post","type-post","status-publish","format-standard","has-post-thumbnail","hentry","category-entretenimento","category-jundiai","category-noticias"],"_links":{"self":[{"href":"https:\/\/tvtecjundiai.com.br\/news\/wp-json\/wp\/v2\/posts\/102579","targetHints":{"allow":["GET"]}}],"collection":[{"href":"https:\/\/tvtecjundiai.com.br\/news\/wp-json\/wp\/v2\/posts"}],"about":[{"href":"https:\/\/tvtecjundiai.com.br\/news\/wp-json\/wp\/v2\/types\/post"}],"author":[{"embeddable":true,"href":"https:\/\/tvtecjundiai.com.br\/news\/wp-json\/wp\/v2\/users\/27"}],"replies":[{"embeddable":true,"href":"https:\/\/tvtecjundiai.com.br\/news\/wp-json\/wp\/v2\/comments?post=102579"}],"version-history":[{"count":1,"href":"https:\/\/tvtecjundiai.com.br\/news\/wp-json\/wp\/v2\/posts\/102579\/revisions"}],"predecessor-version":[{"id":102591,"href":"https:\/\/tvtecjundiai.com.br\/news\/wp-json\/wp\/v2\/posts\/102579\/revisions\/102591"}],"wp:featuredmedia":[{"embeddable":true,"href":"https:\/\/tvtecjundiai.com.br\/news\/wp-json\/wp\/v2\/media\/102588"}],"wp:attachment":[{"href":"https:\/\/tvtecjundiai.com.br\/news\/wp-json\/wp\/v2\/media?parent=102579"}],"wp:term":[{"taxonomy":"category","embeddable":true,"href":"https:\/\/tvtecjundiai.com.br\/news\/wp-json\/wp\/v2\/categories?post=102579"},{"taxonomy":"post_tag","embeddable":true,"href":"https:\/\/tvtecjundiai.com.br\/news\/wp-json\/wp\/v2\/tags?post=102579"}],"curies":[{"name":"wp","href":"https:\/\/api.w.org\/{rel}","templated":true}]}}